{"id":579431,"date":"2025-11-16T09:08:13","date_gmt":"2025-11-16T09:08:13","guid":{"rendered":"https:\/\/www.europesays.com\/de\/579431\/"},"modified":"2025-11-16T09:08:13","modified_gmt":"2025-11-16T09:08:13","slug":"kloeckner-ruft-zur-verteidigung-der-demokratie-auf","status":"publish","type":"post","link":"https:\/\/www.europesays.com\/de\/579431\/","title":{"rendered":"Kl\u00f6ckner ruft zur Verteidigung der Demokratie auf"},"content":{"rendered":"<p>            <img loading=\"lazy\" decoding=\"async\" class=\"ts-image\" src=\"https:\/\/www.europesays.com\/de\/wp-content\/uploads\/2025\/11\/volkstrauertag-160.jpg\" alt=\"Der Grabstein eines unbekannten Soldaten steht auf dem Soldatenfriedhof der Kriegsgr\u00e4berst\u00e4tte Diersfordt\" title=\"Der Grabstein eines unbekannten Soldaten steht auf dem Soldatenfriedhof der Kriegsgr\u00e4berst\u00e4tte Diersfordt | dpa\"\/><\/p>\n<p class=\"metatextline\">Stand: 16.11.2025 08:49 Uhr<\/p>\n<p class=\"textabsatz columns twelve  m-ten  m-offset-one l-eight l-offset-two\">\n        <strong>Zum Volkstrauertag fordert Bundestagspr\u00e4sidentin Kl\u00f6ckner ein aktives Eintreten f\u00fcr Frieden und Demokratie. Bei der Gedenkveranstaltung im Bundestag wird der Opfer der Weltkriege und des Nationalsozialismus gedacht \u2013 ein Appell zum Handeln.<\/strong>\n    <\/p>\n<p class=\"textabsatz m-ten m-offset-one l-eight l-offset-two columns twelve\">Zum Volkstrauertag hat Bundestagspr\u00e4sidentin Julia Kl\u00f6ckner dazu aufgerufen, Frieden und Demokratie konsequent zu verteidigen. Gedenken m\u00fcsse mehr hei\u00dfen als zu erinnern, sagte sie in Berlin. &#8222;Es muss hei\u00dfen, zu verstehen und zu handeln: Frieden und auch Demokratie sind keine Zust\u00e4nde, die einfach gegeben sind, die man verwalten kann. Sie sind Aufgaben, die jeden Tag neu beginnen und die kein anderer f\u00fcr uns erledigt.&#8220;<\/p>\n<p class=\"textabsatz m-ten m-offset-one l-eight l-offset-two columns twelve\">Kl\u00f6ckner hat f\u00fcr heute f\u00fcr das Reichstagsgeb\u00e4ude Trauerbeflaggung angeordnet. &#8222;Wer die Opfer von Krieg und Gewalt ehrt, wer wei\u00df, wohin Hass und Verblendung f\u00fchren, der darf nicht schweigen, wenn Frieden und Demokratie bedroht werden &#8211; nirgendwo auf der Welt&#8220;, sagte Kl\u00f6ckner. Der Volkstrauertag sei ein &#8222;eine laute Mahnung an uns im Heute, in einer Zeit wachsender historischer Distanz zu den Schrecken der beiden Weltkriege und gleichzeitiger Kriegsrealit\u00e4t &#8211; und leider auch gewisser Kriegsnormalit\u00e4t in Europa&#8220;.<\/p>\n<p>    Gedenkveranstaltung im Bundestag<\/p>\n<p class=\"textabsatz m-ten m-offset-one l-eight l-offset-two columns twelve\">Mit einer zentralen Veranstaltung im Bundestag gedenkt Deutschland an diesem Sonntag der Millionen Toten beider Weltkriege und der Opfer des Nationalsozialismus. Die Rede im Plenarsaal wird in diesem Jahr der italienische Staatspr\u00e4sident Sergio Mattarella halten. Bundespr\u00e4sident Frank-Walter Steinmeier spricht danach das Totengedenken. Die Tradition existiert seit 1952; der dazugeh\u00f6rige Text wird in diesem Jahr zum ersten Mal um Menschen erweitert, die wegen ihrer geschlechtlichen oder sexuellen Identit\u00e4t Opfer der Nazis wurden, sowie um im Einsatz get\u00f6tete Polizistinnen und Polizisten.<\/p>\n<p class=\"textabsatz m-ten m-offset-one l-eight l-offset-two columns twelve\">Steinmeier und Mattarella werden am Mittag Kr\u00e4nze an der Zentralen Gedenkst\u00e4tte der Bundesrepublik f\u00fcr die Opfer von Krieg und Gewaltherrschaft niederlegen.<\/p>\n<p>    Erhalt der Kriegsgr\u00e4ber<\/p>\n<p class=\"textabsatz m-ten m-offset-one l-eight l-offset-two columns twelve\">Angesichts des Gedenktages thematisierte der Pr\u00e4sident des Volksbundes Deutsche Kriegsgr\u00e4berf\u00fcrsorge, Wolfgang Schneiderhan, Probleme: Er warnte vor einem Verfall der Kriegsgr\u00e4ber. &#8222;Zwar bekommt der Volksbund im Bundeshaushalt f\u00fcr das n\u00e4chste Jahr 2,5 Millionen Euro zus\u00e4tzlich. Daf\u00fcr bedanken wir uns&#8220;, sagte Schneiderhan dem Redaktionsnetzwerk Deutschland (RND). &#8222;Dies gleicht aber nur einen Teil des derzeitigen Defizits aus &#8211; zumal auch die Erh\u00f6hung f\u00fcr dieses Jahr nur einmalig war und nicht verstetigt wurde.&#8220;<\/p>\n<p class=\"textabsatz m-ten m-offset-one l-eight l-offset-two columns twelve\">Es gebe ein strukturelles, wachsendes Defizit, so Schneiderhan. Die Spenden, die immer noch deutlich mehr als die H\u00e4lfte der gesamten j\u00e4hrlichen Einnahmen von rund 54 Millionen Euro ausmachten, gingen zur\u00fcck. &#8222;Zugleich wachsen die Ausgaben stetig&#8220;, sagte Scheiderhan weiter. Darunter seien steigende Energiekosten und deutlich steigende L\u00f6hne in Osteuropa, wo viele Kriegsgr\u00e4berst\u00e4tten l\u00e4gen. dazu k\u00e4me ein signifikanter Investitionsstau von derzeit deutlich \u00fcber 20 Millionen Euro hinzu.<\/p>\n","protected":false},"excerpt":{"rendered":"Stand: 16.11.2025 08:49 Uhr Zum Volkstrauertag fordert Bundestagspr\u00e4sidentin Kl\u00f6ckner ein aktives Eintreten f\u00fcr Frieden und Demokratie. Bei der&hellip;\n","protected":false},"author":2,"featured_media":579432,"comment_status":"","ping_status":"","sticky":false,"template":"","format":"standard","meta":{"footnotes":""},"categories":[5],"tags":[331,332,3364,29,30,13,15195,14190,14,15,12,19287],"class_list":{"0":"post-579431","1":"post","2":"type-post","3":"status-publish","4":"format-standard","5":"has-post-thumbnail","7":"category-nachrichten","8":"tag-aktuelle-nachrichten","9":"tag-aktuelle-news","10":"tag-de","11":"tag-deutschland","12":"tag-germany","13":"tag-headlines","14":"tag-kriegsgraeber","15":"tag-kriegsopfer","16":"tag-nachrichten","17":"tag-news","18":"tag-schlagzeilen","19":"tag-volkstrauertag"},"share_on_mastodon":{"url":"https:\/\/pubeurope.com\/@de\/115558594949118452","error":""},"_links":{"self":[{"href":"https:\/\/www.europesays.com\/de\/wp-json\/wp\/v2\/posts\/579431","targetHints":{"allow":["GET"]}}],"collection":[{"href":"https:\/\/www.europesays.com\/de\/wp-json\/wp\/v2\/posts"}],"about":[{"href":"https:\/\/www.europesays.com\/de\/wp-json\/wp\/v2\/types\/post"}],"author":[{"embeddable":true,"href":"https:\/\/www.europesays.com\/de\/wp-json\/wp\/v2\/users\/2"}],"replies":[{"embeddable":true,"href":"https:\/\/www.europesays.com\/de\/wp-json\/wp\/v2\/comments?post=579431"}],"version-history":[{"count":0,"href":"https:\/\/www.europesays.com\/de\/wp-json\/wp\/v2\/posts\/579431\/revisions"}],"wp:featuredmedia":[{"embeddable":true,"href":"https:\/\/www.europesays.com\/de\/wp-json\/wp\/v2\/media\/579432"}],"wp:attachment":[{"href":"https:\/\/www.europesays.com\/de\/wp-json\/wp\/v2\/media?parent=579431"}],"wp:term":[{"taxonomy":"category","embeddable":true,"href":"https:\/\/www.europesays.com\/de\/wp-json\/wp\/v2\/categories?post=579431"},{"taxonomy":"post_tag","embeddable":true,"href":"https:\/\/www.europesays.com\/de\/wp-json\/wp\/v2\/tags?post=579431"}],"curies":[{"name":"wp","href":"https:\/\/api.w.org\/{rel}","templated":true}]}}