{"id":579551,"date":"2025-11-16T10:15:15","date_gmt":"2025-11-16T10:15:15","guid":{"rendered":"https:\/\/www.europesays.com\/de\/579551\/"},"modified":"2025-11-16T10:15:15","modified_gmt":"2025-11-16T10:15:15","slug":"soeder-zum-rentenstreit-merz-muss-koalition-zusammenhalten","status":"publish","type":"post","link":"https:\/\/www.europesays.com\/de\/579551\/","title":{"rendered":"S\u00f6der zum Rentenstreit: Merz muss Koalition zusammenhalten"},"content":{"rendered":"<p>Rust (dpa) &#8211; Bayerns Ministerpr\u00e4sident Markus S\u00f6der hat im Streit um das Rentenpaket der Bundesregierung Verst\u00e4ndnis f\u00fcr die Haltung von Bundeskanzler Friedrich Merz (CDU) ge\u00e4u\u00dfert. Er werde Merz nicht in den R\u00fccken fallen, sagte der CSU-Vorsitzende beim Deutschlandtag der Jungen Union im s\u00fcdbadischen Rust. \u00abFriedrich Merz muss auch eine Koalition zusammenhalten.\u00bb<\/p>\n<p>Die Nachwuchsorganisation der Union sieht das Vorhaben der schwarz-roten Koalition kritisch, einige ihrer Bundestagsabgeordneten drohen mit Ablehnung.\u00a0<\/p>\n<p>S\u00f6der sprach sich aber f\u00fcr weitere Verhandlungen mit der SPD \u00fcber das Rentenpaket aus. \u00abIch finde, ihr habt schon gute Argumente, und man muss sie auch w\u00e4gen und beachten. Und wir m\u00fcssen dar\u00fcber auch mit der SPD reden\u00bb, sagte S\u00f6der. \u00abSo ein reines SPD-Basta von der Seite geht auch nicht.\u00bb SPD-Chef Lars Klingbeil hatte zuvor \u00c4nderungen am Rentenpaket ausgeschlossen.<\/p>\n<p>Im Koalitionsvertrag haben Union und SPD vereinbart, bis 2031 die Haltelinie f\u00fcr das Rentenniveau &#8211; also das Absicherungsniveau im Verh\u00e4ltnis zu den L\u00f6hnen &#8211; bei 48 Prozent zu verl\u00e4ngern. In dem vom Kabinett und damit auch von Kanzler Merz beschlossenen Rentengesetzentwurf ist vorgesehen, dass auch nach 2031 das Rentenniveau um rund einen Prozentpunkt h\u00f6her als im geltenden Recht liegen soll. Die Junge Gruppe der Unionsabgeordneten im Bundestag moniert, dass das nicht im Koalitionsvertrag vereinbart ist und 118 Milliarden Euro zus\u00e4tzlich kosten w\u00fcrde.<\/p>\n<p>Merz hatte das Rentenpaket bei seinem Auftritt in Rust am Samstag verteidigt und die Junge Union aufgefordert, sich konstruktiv zu beteiligen. \u00abNehmt an dieser Debatte konstruktiv teil. Aber nicht, indem ihr sagt, was nicht geht\u00bb, sagte Merz. Man m\u00fcsse gemeinsam diskutieren, was gehe. \u00abGlaubt jemand ernsthaft, dass wir einen Unterbietungswettbewerb gewinnen? Wer bietet das niedrigste Rentenniveau?\u00bb, rief Merz in den Saal. \u00abDas kann doch nicht euer Ernst sein!\u00bb Damit gewinne man keine Wahlen.<\/p>\n","protected":false},"excerpt":{"rendered":"Rust (dpa) &#8211; Bayerns Ministerpr\u00e4sident Markus S\u00f6der hat im Streit um das Rentenpaket der Bundesregierung Verst\u00e4ndnis f\u00fcr die&hellip;\n","protected":false},"author":2,"featured_media":579552,"comment_status":"","ping_status":"","sticky":false,"template":"","format":"standard","meta":{"footnotes":""},"categories":[1843],"tags":[6925,772,31,774,3364,29,30,8970,1209,2403],"class_list":{"0":"post-579551","1":"post","2":"type-post","3":"status-publish","4":"format-standard","5":"has-post-thumbnail","7":"category-muenster","8":"tag-baden-wrttemberg","9":"tag-bayern","10":"tag-cdu","11":"tag-csu","12":"tag-de","13":"tag-deutschland","14":"tag-germany","15":"tag-muenster","16":"tag-nordrhein-westfalen","17":"tag-partei"},"share_on_mastodon":{"url":"https:\/\/pubeurope.com\/@de\/115558857007442274","error":""},"_links":{"self":[{"href":"https:\/\/www.europesays.com\/de\/wp-json\/wp\/v2\/posts\/579551","targetHints":{"allow":["GET"]}}],"collection":[{"href":"https:\/\/www.europesays.com\/de\/wp-json\/wp\/v2\/posts"}],"about":[{"href":"https:\/\/www.europesays.com\/de\/wp-json\/wp\/v2\/types\/post"}],"author":[{"embeddable":true,"href":"https:\/\/www.europesays.com\/de\/wp-json\/wp\/v2\/users\/2"}],"replies":[{"embeddable":true,"href":"https:\/\/www.europesays.com\/de\/wp-json\/wp\/v2\/comments?post=579551"}],"version-history":[{"count":0,"href":"https:\/\/www.europesays.com\/de\/wp-json\/wp\/v2\/posts\/579551\/revisions"}],"wp:featuredmedia":[{"embeddable":true,"href":"https:\/\/www.europesays.com\/de\/wp-json\/wp\/v2\/media\/579552"}],"wp:attachment":[{"href":"https:\/\/www.europesays.com\/de\/wp-json\/wp\/v2\/media?parent=579551"}],"wp:term":[{"taxonomy":"category","embeddable":true,"href":"https:\/\/www.europesays.com\/de\/wp-json\/wp\/v2\/categories?post=579551"},{"taxonomy":"post_tag","embeddable":true,"href":"https:\/\/www.europesays.com\/de\/wp-json\/wp\/v2\/tags?post=579551"}],"curies":[{"name":"wp","href":"https:\/\/api.w.org\/{rel}","templated":true}]}}