{"id":57961,"date":"2025-04-24T17:21:08","date_gmt":"2025-04-24T17:21:08","guid":{"rendered":"https:\/\/www.europesays.com\/de\/57961\/"},"modified":"2025-04-24T17:21:08","modified_gmt":"2025-04-24T17:21:08","slug":"schule-in-frankfurt-ist-einsturzgefaehrdet-drittel-der-raeume-gesperrt","status":"publish","type":"post","link":"https:\/\/www.europesays.com\/de\/57961\/","title":{"rendered":"Schule in Frankfurt ist einsturzgef\u00e4hrdet: Drittel der R\u00e4ume gesperrt"},"content":{"rendered":"<p>Vorlesen<a rel=\"nofollow noopener\" target=\"_blank\" class=\"transition-colors duration-200 cursor-pointer text-inherit no-underline text-black bg-whitelilac rounded-8 grid items-center group py-[6px] px-8 text-12 hover:bg-magenta hover:text-whitelilac gap-8 grid-cols-[min-content_34px] hover:dark:text-salemsfur\" href=\"https:\/\/news.google.com\/publications\/CAAqBwgKMLG_twswvtrOAw\" aria-label=\"Auf Google News folgen\">News folgen<\/a><img style=\"--width:16;--height:16\" loading=\"lazy\" src=\"https:\/\/www.europesays.com\/de\/wp-content\/uploads\/2025\/04\/1745515268_943_sharing-menu-icon.1eb71368.svg.svg+xml\" alt=\"Teilen Menu auf machen\" title=\"Teilen Menu auf machen\" class=\"&#10;        block&#10;        h-[calc(var(--height)_\/_16_*_1rem)]&#10;        w-[calc(var(--width)_\/_16_*_1rem)]&#10;        max-w-none&#10;        group-hover:invert group-hover:grayscale group-hover:contrast-200 dark:group-hover:invert dark:contrast-200 dark:grayscale dark:invert\" decoding=\"async\"\/>Artikel teilen<\/p>\n<p class=\"font-bold text-18 leading-17\">Eine Frankfurter Schule steht wortw\u00f6rtlich unter Druck \u2013 und eine schnelle L\u00f6sung ist nicht in Sicht. Was das f\u00fcr den Alltag im Schulgeb\u00e4ude bedeutet.<\/p>\n<p class=\"text-18 leading-17\">Die Frankfurter Integrierte Gesamtschule (IGS) S\u00fcd ist im Ausnahmezustand. Die Flure des Schulgeb\u00e4udes im Stadtteil Sachsenhausen sind von Hunderten St\u00fctzen ges\u00e4umt, die oberen beiden Etagen bleiben gesperrt, und ein Drittel der Klassenr\u00e4ume ist nicht mehr nutzbar. Der Grund: Die Gesamtschule ist einsturzgef\u00e4hrdet.<\/p>\n<p class=\"text-18 leading-17\">Der Unterricht findet derzeit in beengten Verh\u00e4ltnissen statt. 22 R\u00e4ume k\u00f6nnen nicht mehr genutzt werden. Laut Schulleitung wurden vom Untergeschoss bis ins zweite Obergeschoss 500 St\u00fctzen in die Flure eingezogen. Laut Tim Prokopowicz, Lehrer und Mitglied der Schulleitung, gibt es dadurch deutliche Einschr\u00e4nkungen.<\/p>\n<p class=\"text-18 leading-17\">Nachdem die Statikprobleme vor den Osterferien bekannt geworden waren, habe die Schule einen Teil des Unterrichts in die gegen\u00fcberliegende ehemalige Holbeinschule verlagert. Die R\u00e4ume, die nun genutzt werden, seien teilweise 10 bis 15 Quadratmeter kleiner und in unrenoviertem Zustand, sagt Prokopowicz. Sorge bereiten dem Lehrer auch die anstehenden Tage der offenen T\u00fcr: &#8222;Wer meldet sein Kind in einer Schule an, die den Charme von einem Bergwerk verspr\u00fcht?&#8220;<\/p>\n<p class=\"text-18 leading-17\">Aktuell laufe der Unterricht aber unter den speziellen Bedingungen, sagte Prokopowicz. F\u00fcr den Umzug seien vor und nach den Osterferien jeweils zwei Schultage ausgefallen.<\/p>\n<p class=\"text-18 leading-17\">Die IGS S\u00fcd steht laut Stadt Frankfurt seit Jahren auf der Liste priorisierter Bauvorhaben. Urspr\u00fcnglich war eine Grundsanierung bereits f\u00fcr das Jahr 2019 vorgesehen. Doch der Baubeginn wurde mehrfach verschoben \u2013 zuletzt auf 2026. Nun verz\u00f6gert sich der Termin f\u00fcr den vor\u00fcbergehenden Umzug auf 2028.<\/p>\n<p class=\"text-18 leading-17\">Die Schule soll an den L\u00e4nderweg ausgelagert werden, w\u00e4hrend das Geb\u00e4ude umgebaut wird. Laut Bildungsdezernat ist dort aktuell noch die Anni-Albers-Schule untergebracht \u2013 ebenfalls wegen statischer Probleme. Erst nach deren Auszug k\u00f6nne die bestehende Containeranlage entfernt und durch neue Holzmodule ersetzt werden.<\/p>\n<p class=\"text-18 leading-17\">Prokopowicz sagt: &#8222;Es ist unhaltbar, bis 2028 hierzubleiben. Wir fordern, in einem Jahr sp\u00e4testens hier raus zu sein.&#8220; Eine Auslagerung sei dringend notwendig: &#8222;Es muss jetzt eine L\u00f6sung her. Es kann nicht sein, dass wir wirklich noch drei Jahre warten.&#8220;<\/p>\n<p class=\"text-18 leading-17\">In einem offenen Brief an Bildungsdezernentin Sylvia Weber (SPD) vom Donnerstag (24. April) spricht der F\u00f6rderverein der Schule von &#8222;nicht mehr zumutbaren Zust\u00e4nden&#8220; und warnt vor langfristigen Sch\u00e4den f\u00fcr die Bildungskarrieren der betroffenen Sch\u00fcler. Die baulichen Zust\u00e4nde belasteten demnach zunehmend den Schulalltag. So seien die entfallenen Unterrichtstage mitten in der Phase der Abschlussvorbereitung gefallen.<\/p>\n<p class=\"text-18 leading-17\">Die Bedingungen in der ehemaligen Holbeinschule versch\u00e4rfen die Situation zus\u00e4tzlich: Sch\u00fcler berichten dem Brief zufolge von \u00fcberhitzten, schlecht bel\u00fcfteten R\u00e4umen mit intensiver Geruchsbel\u00e4stigung. Im Hauptgeb\u00e4ude werde weiterhin in Klassenzimmern ohne Deckenverkleidung unter Hasendraht unterrichtet \u2013 Ma\u00dfnahmen, die eigentlich nur als Provisorien gedacht waren.<\/p>\n<p class=\"text-18 leading-17\">Zuletzt hatten Sch\u00fcler, Eltern und Lehrkr\u00e4fte mit Lernmaterialien im Foyer des Schulamts protestiert. Sie versammelten sich dort und verteilten Post-It-Aufkleber.<\/p>\n<p class=\"text-18 leading-17\">Nach Angaben des Bildungsdezernats hatte eine Analyse vor der Sperrung eine mangelhafte Qualit\u00e4t des Betons ergeben. Die Klassenzimmerdecken gelten derzeit als sicher, w\u00fcrden aber regelm\u00e4\u00dfig kontrolliert. Das Geb\u00e4ude der Holbeinschule sei in zufriedenstellendem Zustand, hie\u00df es. Man sei mit der Schule in engem Austausch und pr\u00fcfe weiterhin, mit welchen Ma\u00dfnahmen die Situation f\u00fcr die Schule verbessert werden k\u00f6nne. Zuvor hatte die &#8222;Hessenschau&#8220; \u00fcber die Situation in der Schule berichtet.<\/p>\n","protected":false},"excerpt":{"rendered":"VorlesenNews folgenArtikel teilen Eine Frankfurter Schule steht wortw\u00f6rtlich unter Druck \u2013 und eine schnelle L\u00f6sung ist nicht in&hellip;\n","protected":false},"author":2,"featured_media":57962,"comment_status":"","ping_status":"","sticky":false,"template":"","format":"standard","meta":{"footnotes":""},"categories":[1829],"tags":[3092,29,2050,2051,30,2052,1460,6204,25129,966,26902,26901],"class_list":{"0":"post-57961","1":"post","2":"type-post","3":"status-publish","4":"format-standard","5":"has-post-thumbnail","7":"category-frankfurt-am-main","8":"tag-3092","9":"tag-deutschland","10":"tag-frankfurt","11":"tag-frankfurt-am-main","12":"tag-germany","13":"tag-hessen","14":"tag-kind","15":"tag-lehrkraefte","16":"tag-sachsenhausen","17":"tag-schule","18":"tag-schulgebaeude","19":"tag-tim-prokopowicz"},"share_on_mastodon":{"url":"https:\/\/pubeurope.com\/@de\/114394096209820926","error":""},"_links":{"self":[{"href":"https:\/\/www.europesays.com\/de\/wp-json\/wp\/v2\/posts\/57961","targetHints":{"allow":["GET"]}}],"collection":[{"href":"https:\/\/www.europesays.com\/de\/wp-json\/wp\/v2\/posts"}],"about":[{"href":"https:\/\/www.europesays.com\/de\/wp-json\/wp\/v2\/types\/post"}],"author":[{"embeddable":true,"href":"https:\/\/www.europesays.com\/de\/wp-json\/wp\/v2\/users\/2"}],"replies":[{"embeddable":true,"href":"https:\/\/www.europesays.com\/de\/wp-json\/wp\/v2\/comments?post=57961"}],"version-history":[{"count":0,"href":"https:\/\/www.europesays.com\/de\/wp-json\/wp\/v2\/posts\/57961\/revisions"}],"wp:featuredmedia":[{"embeddable":true,"href":"https:\/\/www.europesays.com\/de\/wp-json\/wp\/v2\/media\/57962"}],"wp:attachment":[{"href":"https:\/\/www.europesays.com\/de\/wp-json\/wp\/v2\/media?parent=57961"}],"wp:term":[{"taxonomy":"category","embeddable":true,"href":"https:\/\/www.europesays.com\/de\/wp-json\/wp\/v2\/categories?post=57961"},{"taxonomy":"post_tag","embeddable":true,"href":"https:\/\/www.europesays.com\/de\/wp-json\/wp\/v2\/tags?post=57961"}],"curies":[{"name":"wp","href":"https:\/\/api.w.org\/{rel}","templated":true}]}}