{"id":579621,"date":"2025-11-16T10:55:12","date_gmt":"2025-11-16T10:55:12","guid":{"rendered":"https:\/\/www.europesays.com\/de\/579621\/"},"modified":"2025-11-16T10:55:12","modified_gmt":"2025-11-16T10:55:12","slug":"schweizer-sieg-bei-letzter-dressurpruefung-in-stuttgart-baden-wuerttemberg-2","status":"publish","type":"post","link":"https:\/\/www.europesays.com\/de\/579621\/","title":{"rendered":"Schweizer Sieg bei letzter Dressurpr\u00fcfung in Stuttgart &#8211; Baden-W\u00fcrttemberg"},"content":{"rendered":"<p>Reiterin Charlotta Rogerson aus der Schweiz hat die letzte gro\u00dfe Dressurpr\u00fcfung beim Stuttgarter Turnier gewonnen. Auf Bonheur de La Vie erzielte die Siegerin 72,447 Prozent und sicherte sich damit zum ersten Mal den Titel \u00abGerman Master Grand Prix Special\u00bb.\u00a0<\/p>\n<p>Der geb\u00fcrtige Baden-W\u00fcrttemberger Moritz Treffinger, der inzwischen in der N\u00e4he von Berlin lebt, belegte mit Fiderdance den dritten Platz (71,362 Prozent). Marieke van der Putten schob sich als letzte Starterin noch dazwischen. In der mit 34.000 Euro dotierten Pr\u00fcfung erhielten die Niederl\u00e4nderin und Torveslettens Titanium 71,468 Prozent.<\/p>\n<p>Rekordsiegerin Isabell Werth hatte ihren Start bei Deutschlands gr\u00f6\u00dftem Hallen-Reitturnier abgesagt. Die 56-J\u00e4hrige pausiert derzeit aufgrund des Todes ihres Partners Wolfgang Urban. Eine R\u00fcckkehr der achtfachen Olympiasiegerin ist wohl erst im Dezember f\u00fcr das Hallen-Turnier in Frankfurt geplant.<\/p>\n<p>\u00a9 dpa-infocom, dpa:251116-930-299557\/1<\/p>\n","protected":false},"excerpt":{"rendered":"Reiterin Charlotta Rogerson aus der Schweiz hat die letzte gro\u00dfe Dressurpr\u00fcfung beim Stuttgarter Turnier gewonnen. Auf Bonheur de&hellip;\n","protected":false},"author":2,"featured_media":579622,"comment_status":"","ping_status":"","sticky":false,"template":"","format":"standard","meta":{"footnotes":""},"categories":[1830],"tags":[1634,3364,29,20397,138545,30,4823,20352,265,1441],"class_list":{"0":"post-579621","1":"post","2":"type-post","3":"status-publish","4":"format-standard","5":"has-post-thumbnail","7":"category-stuttgart","8":"tag-baden-wuerttemberg","9":"tag-de","10":"tag-deutschland","11":"tag-dressur","12":"tag-german-masters","13":"tag-germany","14":"tag-meldung","15":"tag-pferdesport","16":"tag-sport","17":"tag-stuttgart"},"share_on_mastodon":{"url":"https:\/\/pubeurope.com\/@de\/115559014375104498","error":""},"_links":{"self":[{"href":"https:\/\/www.europesays.com\/de\/wp-json\/wp\/v2\/posts\/579621","targetHints":{"allow":["GET"]}}],"collection":[{"href":"https:\/\/www.europesays.com\/de\/wp-json\/wp\/v2\/posts"}],"about":[{"href":"https:\/\/www.europesays.com\/de\/wp-json\/wp\/v2\/types\/post"}],"author":[{"embeddable":true,"href":"https:\/\/www.europesays.com\/de\/wp-json\/wp\/v2\/users\/2"}],"replies":[{"embeddable":true,"href":"https:\/\/www.europesays.com\/de\/wp-json\/wp\/v2\/comments?post=579621"}],"version-history":[{"count":0,"href":"https:\/\/www.europesays.com\/de\/wp-json\/wp\/v2\/posts\/579621\/revisions"}],"wp:featuredmedia":[{"embeddable":true,"href":"https:\/\/www.europesays.com\/de\/wp-json\/wp\/v2\/media\/579622"}],"wp:attachment":[{"href":"https:\/\/www.europesays.com\/de\/wp-json\/wp\/v2\/media?parent=579621"}],"wp:term":[{"taxonomy":"category","embeddable":true,"href":"https:\/\/www.europesays.com\/de\/wp-json\/wp\/v2\/categories?post=579621"},{"taxonomy":"post_tag","embeddable":true,"href":"https:\/\/www.europesays.com\/de\/wp-json\/wp\/v2\/tags?post=579621"}],"curies":[{"name":"wp","href":"https:\/\/api.w.org\/{rel}","templated":true}]}}