{"id":580114,"date":"2025-11-16T15:52:12","date_gmt":"2025-11-16T15:52:12","guid":{"rendered":"https:\/\/www.europesays.com\/de\/580114\/"},"modified":"2025-11-16T15:52:12","modified_gmt":"2025-11-16T15:52:12","slug":"hotel-nach-vergiftungen-evakuiert-baecker-festgenommen","status":"publish","type":"post","link":"https:\/\/www.europesays.com\/de\/580114\/","title":{"rendered":"Hotel nach Vergiftungen evakuiert \u2013 B\u00e4cker festgenommen"},"content":{"rendered":"<p class=\"tspCAnc tspCAnd\">Im Istanbuler Vergiftungsfall ger\u00e4t das Hotel der Familie in den Fokus der Ermittlungen. <a href=\"https:\/\/www.tagesspiegel.de\/gesellschaft\/panorama\/verdacht-auf-lebensmittelvergiftung-durch-streetfood-in-der-turkei-weitere-touristen-sollen-in-istanbul-in-klinik-eingeliefert-worden-sein-14848286.html?icid=in-text-link_14852177\" class=\"link link--internal\" data-gtm-class=\"article-text-link\" data-gtm-val=\"internal\" target=\"_blank\" rel=\"noopener\">Nachdem eine Hamburger Mutter und ihre beiden Kinder starben<\/a> und zwei weitere Touristen mit Vergiftungserscheinungen ins Krankenhaus eingeliefert wurden, ist ihr Hotel in Istanbul evakuiert worden.<\/p>\n<p class=\"tspCAnc\">Die G\u00e4ste seien am Samstagabend in andere Hotels verlegt worden, meldete die staatliche Nachrichtenagentur Anadolu. Um wie viele Menschen es sich handelte, war unklar. Die Beh\u00f6rden h\u00e4tten zudem s\u00e4mtliche Gegenst\u00e4nde aus dem Hotel im Stadtteil Fatih mitgenommen, um sie im Labor zu untersuchen.<\/p>\n<p><a href=\"https:\/\/www.tagesspiegel.de\/gesellschaft\/panorama\/verdacht-auf-lebensmittelvergiftung-nach-ihren-kindern-stirbt-auch-mutter-aus-hamburg-im-turkei-urlaub-14836601.html?icid=single-topic_14852177___\" data-gtm-class=\"article-mzt-link\" class=\"tspCYpn\" target=\"_blank\" rel=\"noopener\">Verdacht auf Lebensmittelvergiftung  Was \u00fcber den Tod einer Hamburger Familie im T\u00fcrkei-Urlaub bekannt ist \u2013 und was nicht <\/a><\/p>\n<p class=\"tspCAnc\">Die Spurensicherung hatte schon zuvor Proben des Trinkwassers genommen. Ein Zimmer im Erdgeschoss wurde Anadolu zufolge zudem mit Chemikalien desinfiziert\u00a0\u2013 mutma\u00dflich handelt es sich dabei um Pestizide, die in der Regel zur Bek\u00e4mpfung von Ungeziefer verwendet werden. In dem Zusammenhang waren am Samstag zwei Menschen, die die Desinfektion durchgef\u00fchrt hatten, und ein Verantwortlicher des Hotels festgenommen worden.<\/p>\n<p> Vater aus Hamburg weiter auf Intensivstation <\/p>\n<p class=\"tspCAnc\">Am Sonntag wurde offenbar auch ein B\u00e4cker festgenommen. Er arbeite in einem Laden in der N\u00e4he des Hotels im Stadtteil Fatih, berichteten die Tageszeitungen \u201eCumhuriyet\u201c und \u201eSabah\u201c \u00fcbereinstimmend. Damit steigt die Zahl der Festgenommenen auf acht. Eine offizielle Best\u00e4tigung lag zun\u00e4chst nicht vor.\u00a0<\/p>\n<p> Was wir wissen <\/p>\n<ul data-qa-hook=\"story-list-ul\" class=\"tspCUo9\">\n<li class=\"tspCUgv tspCUgv\">Die drei Hamburger Opfer haben <strong>Wurzeln in der T\u00fcrkei.<\/strong> Sie wurden am Samstag im westt\u00fcrkischen Afyonkarahisar beigesetzt.<\/li>\n<li class=\"tspCUgv tspCUgv\">Die Familie war vor einer Woche angereist und konsumierte Berichten zufolge verschiedene <strong>Streetfood-Gerichte, darunter gef\u00fcllte Muscheln, Kokore\u00e7<\/strong> (ein Gericht aus Kalbsd\u00e4rmen) und <strong>Lokum<\/strong> (t\u00fcrkische S\u00fc\u00dfigkeiten).<\/li>\n<li class=\"tspCUgv tspCUgv\">Ein erster Autopsiebericht brachte keine nennenswerten Hinweise zur Todesursache. Die Beh\u00f6rden vermuten derzeit eine Lebensmittelvergiftung, <strong>doch genauere Ergebnisse stehen aus.<\/strong><\/li>\n<li class=\"tspCUgv tspCUgv\">Zwei weitere Touristen, die in demselben Hotel wie die Familie untergebracht waren, <strong>wurden mit Vergiftungserscheinungen ins Krankenhaus eingeliefert<\/strong>. Diese befinden sich nicht in Lebensgefahr.<\/li>\n<li class=\"tspCUgv tspCUgv\">Das Hotel wurde der Nachrichtenagentur Anadolu zufolge evakuiert.<\/li>\n<li class=\"tspCUgv tspCUgv\">Ein Streetfood-Restaurant im Bezirk Besiktas wurde geschlossen.<\/li>\n<li class=\"tspCUgv tspCUgv\">Die Ermittler konzentrieren sich Berichten zufolge zurzeit auf drei Ursachen:<strong> Lebensmittel, Trinkwasser und Pestizide, die zur Sch\u00e4dlingsbek\u00e4mpfung eingesetzt werden<\/strong>.<\/li>\n<li class=\"tspCUgv tspCUgv\">Die Polizei hat Berichten zufolge <strong>bisher acht Verd\u00e4chtige<\/strong> festgenommen. Dazu z\u00e4hlen: Ein Verantwortlicher des Hotels. Zwei Personen, die eine Desinfektion im Hotel durchgef\u00fchrt haben. Anadolu zufolge wurde ein Zimmer im Erdgeschoss mit Chemikalien gereinigt, vermutlich Pestizide zur Sch\u00e4dlingsbek\u00e4mpfung. Vier Verk\u00e4ufer von Nahrungsmitteln wie S\u00fc\u00dfigkeiten, gef\u00fcllten Muscheln und Kokorec (Kalbsd\u00e4rme). Ihnen wird laut TRT fahrl\u00e4ssige T\u00f6tung vorgeworfen. Alle Verd\u00e4chtigen sind vorbestraft.<br \/>Ein B\u00e4cker aus einem Laden in der N\u00e4he des Hotels.<\/li>\n<\/ul>\n<p class=\"tspCAnc\">Die Mutter und ihre Kinder im Alter von drei und sechs Jahren starben mutma\u00dflich an einer Lebensmittelvergiftung. Genaueren Aufschluss sollen Laborergebnisse geben, die noch ausstehen. Ein erster Autopsiebericht lieferte Anadolu zufolge kaum nennenswerte Hinweise.\u00a0<\/p>\n<p> Was wir nicht wissen <\/p>\n<ul data-qa-hook=\"story-list-ul\" class=\"tspCUo9\">\n<li class=\"tspCUgv tspCUgv\">Die genaue <strong>Ursache f\u00fcr die Todesf\u00e4lle ist noch unklar<\/strong>. Zwar wird eine Lebensmittelvergiftung vermutet, doch die endg\u00fcltigen Laborauswertungen stehen aus.<\/li>\n<li class=\"tspCUgv tspCUgv\">Es ist unklar, <strong>welche Lebensmittel oder Substanzen <\/strong>konkret f\u00fcr die mutma\u00dflichen Vergiftungen verantwortlich sind.<\/li>\n<li class=\"tspCUgv tspCUgv\">Es bleibt offen, wie die zur Desinfektion verwendeten Chemikalien m\u00f6glicherweise mit den Todesf\u00e4llen in Verbindung stehen k\u00f6nnten.<\/li>\n<li class=\"tspCUgv tspCUgv\">Der Gesundheitszustand des Vaters der Familie, der sich auf der Intensivstation befindet, <strong>wurde zuletzt nicht aktualisiert.<\/strong><\/li>\n<li class=\"tspCUgv tspCUgv\">Eine m\u00f6gliche Verbindung zwischen den verschiedenen Verd\u00e4chtigen \u2013 darunter Hotelpersonal, Lebensmittelverk\u00e4ufer und ein B\u00e4cker \u2013 ist bisher nicht gekl\u00e4rt.\u00a0<\/li>\n<\/ul>\n<p class=\"tspCAnc\">Die drei Hamburger wurden am Samstag im westt\u00fcrkischen Afyonkarahisar beigesetzt. Die Familie hat t\u00fcrkische Wurzeln. Der Vater der Familie wird auf einer Intensivstation in Istanbul weiterbehandelt. Bei den neuen Krankheitsf\u00e4llen handele es sich um Touristen aus Italien und Marokko. Sie schweben Anadolu zufolge nicht in Lebensgefahr.\u00a0<\/p>\n<p> Lesen Sie bei T+ <a href=\"https:\/\/www.tagesspiegel.de\/gesellschaft\/virtueller-autismus-durch-bildschirme-das-kleinkind-spielt-nicht-spricht-nicht-reagiert-kaum-14806124.html?icid=topic-list_14852177___\" data-gtm-class=\"article-mzt-link\" class=\"tspCYpn\" target=\"_blank\" rel=\"noopener\">\u201eVirtueller Autismus\u201c durch Bildschirme Das Kleinkind spielt nicht, spricht nicht, reagiert kaum <\/a><a href=\"https:\/\/www.tagesspiegel.de\/gesellschaft\/wie-elon-musks-rechte-online-enzyklopadie-gegen-deutschland-hetzt-14811602.html?icid=topic-list_14852177___\" data-gtm-class=\"article-mzt-link\" class=\"tspCYpn\" target=\"_blank\" rel=\"noopener\">KI-gest\u00fctzte \u201eGrokipedia\u201c Wie Elon Musks rechte Online-Enzyklop\u00e4die gegen Deutschland hetzt <\/a><a href=\"https:\/\/www.tagesspiegel.de\/gesellschaft\/wenn-beauty-ops-schief-gehen-du-stirbst-mir-madel-14778653.html?icid=topic-list_14852177___\" data-gtm-class=\"article-mzt-link\" class=\"tspCYpn\" target=\"_blank\" rel=\"noopener\">Wenn Beauty-OPs schief gehen \u201eDu stirbst mir, M\u00e4del\u201c <\/a><\/p>\n<p class=\"tspCAnc\">Am Freitag waren bereits vier Verd\u00e4chtige festgenommen worden. Laut dem Staatssender TRT geht es um Verk\u00e4ufer von S\u00fc\u00dfigkeiten, gef\u00fcllten Muscheln und einem Gericht aus Kalbsd\u00e4rmen (Kokorec). Ihnen werde fahrl\u00e4ssige T\u00f6tung vorgeworfen, berichtete Anadolu. Demnach sind alle Verd\u00e4chtigen wegen anderer Delikte vorbestraft. Die Beh\u00f6rden lie\u00dfen zudem einen Laden schlie\u00dfen, in dem die Familie gegessen haben soll. (dpa)<\/p>\n","protected":false},"excerpt":{"rendered":"Im Istanbuler Vergiftungsfall ger\u00e4t das Hotel der Familie in den Fokus der Ermittlungen. Nachdem eine Hamburger Mutter und&hellip;\n","protected":false},"author":2,"featured_media":579375,"comment_status":"","ping_status":"","sticky":false,"template":"","format":"standard","meta":{"footnotes":""},"categories":[5],"tags":[553,692,13,145,14,15,12,10,8,9,11],"class_list":{"0":"post-580114","1":"post","2":"type-post","3":"status-publish","4":"format-standard","5":"has-post-thumbnail","7":"category-nachrichten","8":"tag-familie","9":"tag-hamburg","10":"tag-headlines","11":"tag-istanbul","12":"tag-nachrichten","13":"tag-news","14":"tag-schlagzeilen","15":"tag-top-news","16":"tag-top-meldungen","17":"tag-topmeldungen","18":"tag-topnews"},"share_on_mastodon":{"url":"https:\/\/pubeurope.com\/@de\/115560182248940049","error":""},"_links":{"self":[{"href":"https:\/\/www.europesays.com\/de\/wp-json\/wp\/v2\/posts\/580114","targetHints":{"allow":["GET"]}}],"collection":[{"href":"https:\/\/www.europesays.com\/de\/wp-json\/wp\/v2\/posts"}],"about":[{"href":"https:\/\/www.europesays.com\/de\/wp-json\/wp\/v2\/types\/post"}],"author":[{"embeddable":true,"href":"https:\/\/www.europesays.com\/de\/wp-json\/wp\/v2\/users\/2"}],"replies":[{"embeddable":true,"href":"https:\/\/www.europesays.com\/de\/wp-json\/wp\/v2\/comments?post=580114"}],"version-history":[{"count":0,"href":"https:\/\/www.europesays.com\/de\/wp-json\/wp\/v2\/posts\/580114\/revisions"}],"wp:featuredmedia":[{"embeddable":true,"href":"https:\/\/www.europesays.com\/de\/wp-json\/wp\/v2\/media\/579375"}],"wp:attachment":[{"href":"https:\/\/www.europesays.com\/de\/wp-json\/wp\/v2\/media?parent=580114"}],"wp:term":[{"taxonomy":"category","embeddable":true,"href":"https:\/\/www.europesays.com\/de\/wp-json\/wp\/v2\/categories?post=580114"},{"taxonomy":"post_tag","embeddable":true,"href":"https:\/\/www.europesays.com\/de\/wp-json\/wp\/v2\/tags?post=580114"}],"curies":[{"name":"wp","href":"https:\/\/api.w.org\/{rel}","templated":true}]}}