{"id":580162,"date":"2025-11-16T16:21:36","date_gmt":"2025-11-16T16:21:36","guid":{"rendered":"https:\/\/www.europesays.com\/de\/580162\/"},"modified":"2025-11-16T16:21:36","modified_gmt":"2025-11-16T16:21:36","slug":"singing-europe-irland-und-italien","status":"publish","type":"post","link":"https:\/\/www.europesays.com\/de\/580162\/","title":{"rendered":"Singing Europe \u2013 Irland und Italien"},"content":{"rendered":"<p>Wir stimmen uns ein. Ein auf ein klangliches Erlebnis quer durch die EU.<\/p>\n<p>Nach einem erfolgreichen ersten Event zu Schweden und Frankreich laden wir Sie ganz herzlich ein zum erneuten <strong>gemeinsamen Singen im Europ\u00e4ischen Haus<\/strong> am Brandenburger Tor. Unsere Reise f\u00fchrt uns diesmal nach <strong>Irland und Italien.\u00a0<\/strong>Dabei singen und fliegen wir vor Liebesgl\u00fcck, tr\u00e4umen von einer fernen Liebschaft und geben uns dem Tagtr\u00e4umen hin. Wir tr\u00e4umen von der R\u00fcckkehr eines geliebten Menschen und lernen \u00fcber eine ungl\u00fcckliche Liebe zu einem M\u00e4dchen aus einer bekannten irischen Stadt.<\/p>\n<p>Und keine Angst. Sie m\u00fcssen nicht singen k\u00f6nnen. Wir sind eine bunt durchgemischte Gruppe an singbegeisterten Menschen, die die EU und unser Haus auf eine andere Art kennenlernen m\u00f6chten.<\/p>\n<p><strong>You are not alone<\/strong><\/p>\n<p>Geleitet wird der bunt durchgemischte Chor von zwei erfahrenen Gesangsp\u00e4dagogen. Musikalisch umrahmt durch das Ensemble Europakzent (Klavier, Bass, Schlagzeug, Gesang) und unterst\u00fctzt durch zwei muttersprachliche S\u00e4ngerinnen und S\u00e4nger wandern wir auf den singenden Pfaden von Europa.<\/p>\n<p>Trauen Sie sich. Wir freuen uns auf ein gemeinsames Singen bekannter Lieder aus Irland und Italien.<\/p>\n","protected":false},"excerpt":{"rendered":"Wir stimmen uns ein. Ein auf ein klangliches Erlebnis quer durch die EU. Nach einem erfolgreichen ersten Event&hellip;\n","protected":false},"author":2,"featured_media":580163,"comment_status":"","ping_status":"","sticky":false,"template":"","format":"standard","meta":{"footnotes":""},"categories":[3933],"tags":[331,332,548,663,139242,158,3934,3935,13,80,14,15,12],"class_list":{"0":"post-580162","1":"post","2":"type-post","3":"status-publish","4":"format-standard","5":"has-post-thumbnail","7":"category-eu","8":"tag-aktuelle-nachrichten","9":"tag-aktuelle-news","10":"tag-eu","11":"tag-europa","12":"tag-europaeische-kulturveranstaltung","13":"tag-europaeische-union","14":"tag-europe","15":"tag-european-union","16":"tag-headlines","17":"tag-kultur","18":"tag-nachrichten","19":"tag-news","20":"tag-schlagzeilen"},"share_on_mastodon":{"url":"https:\/\/pubeurope.com\/@de\/115560296254792247","error":""},"_links":{"self":[{"href":"https:\/\/www.europesays.com\/de\/wp-json\/wp\/v2\/posts\/580162","targetHints":{"allow":["GET"]}}],"collection":[{"href":"https:\/\/www.europesays.com\/de\/wp-json\/wp\/v2\/posts"}],"about":[{"href":"https:\/\/www.europesays.com\/de\/wp-json\/wp\/v2\/types\/post"}],"author":[{"embeddable":true,"href":"https:\/\/www.europesays.com\/de\/wp-json\/wp\/v2\/users\/2"}],"replies":[{"embeddable":true,"href":"https:\/\/www.europesays.com\/de\/wp-json\/wp\/v2\/comments?post=580162"}],"version-history":[{"count":0,"href":"https:\/\/www.europesays.com\/de\/wp-json\/wp\/v2\/posts\/580162\/revisions"}],"wp:featuredmedia":[{"embeddable":true,"href":"https:\/\/www.europesays.com\/de\/wp-json\/wp\/v2\/media\/580163"}],"wp:attachment":[{"href":"https:\/\/www.europesays.com\/de\/wp-json\/wp\/v2\/media?parent=580162"}],"wp:term":[{"taxonomy":"category","embeddable":true,"href":"https:\/\/www.europesays.com\/de\/wp-json\/wp\/v2\/categories?post=580162"},{"taxonomy":"post_tag","embeddable":true,"href":"https:\/\/www.europesays.com\/de\/wp-json\/wp\/v2\/tags?post=580162"}],"curies":[{"name":"wp","href":"https:\/\/api.w.org\/{rel}","templated":true}]}}