{"id":580173,"date":"2025-11-16T16:27:29","date_gmt":"2025-11-16T16:27:29","guid":{"rendered":"https:\/\/www.europesays.com\/de\/580173\/"},"modified":"2025-11-16T16:27:29","modified_gmt":"2025-11-16T16:27:29","slug":"bonner-cdu-mann-streeck-kontert-kritik-zu-therapien-fuer-hochbetagte","status":"publish","type":"post","link":"https:\/\/www.europesays.com\/de\/580173\/","title":{"rendered":"Bonner CDU-Mann Streeck kontert Kritik zu Therapien f\u00fcr Hochbetagte"},"content":{"rendered":"<p class=\"small date article__date\">Ver\u00f6ffentlicht:\u00a0Sonntag, 16.11.2025 11:04<\/p>\n<p>Nach der Kritik an der Aussage des Bonner CDU-Bundestagsabgeordneten und Bundesdrogenbeauftragen Hendrik Streeck, Hochbetagte sollten nicht jede m\u00f6gliche teure Therapie bekommen, hat er seinen Vorschlag konkretisiert. In einem Gastbeitrag in der Rheinischen Post fordert er einen neuen Umgang mit dem Gesundheitssystem.<\/p>\n<p><img decoding=\"async\" alt=\"\" src=\"https:\/\/www.europesays.com\/de\/wp-content\/uploads\/2025\/11\/cms_hendrik-streeck.jpg&#038;crop=104x0x1008x630&#038;resize=1008x630&#038;dt=202010271024380.jpeg\" data-size=\"1008x630\"\/>\u00a9 Universit\u00e4tsklinikum Bonn \/ K. Wislsperger <\/p>\n<p>Mit seiner Frage im Sender Welt TV, ob es f\u00fcr sehr alte Menschen noch teure Medikamente oder Therapien geben sollte, m\u00f6chte er nach eigener Aussage nicht explizit an alten Menschen sparen. Es gehe ihm vor allem darum, ihnen m\u00f6glicherweise unn\u00f6tige Therapien zu ersparen. Er wolle sie in ihren letzten Lebensphasen verantwortungsvoll begleiten und nicht stets Lebensverl\u00e4ngerung als h\u00f6chstes Ziel. Nicht alles, was medizinisch m\u00f6glich ist, sei auch menschlich vertretbar, so Streeck weiter. Eine 90-j\u00e4hrige Patientin brauche meist keine riskante Operation, sondern Zuwendung, Schmerzfreiheit und N\u00e4he. Er fordert eine offene Debatte dar\u00fcber, wie Menschen am Ende ihres Lebens begleitet und behandelt werden sollten.<\/p>\n","protected":false},"excerpt":{"rendered":"Ver\u00f6ffentlicht:\u00a0Sonntag, 16.11.2025 11:04 Nach der Kritik an der Aussage des Bonner CDU-Bundestagsabgeordneten und Bundesdrogenbeauftragen Hendrik Streeck, Hochbetagte sollten&hellip;\n","protected":false},"author":2,"featured_media":580174,"comment_status":"","ping_status":"","sticky":false,"template":"","format":"standard","meta":{"footnotes":""},"categories":[1842],"tags":[1741,69128,4440,3364,29,30,69129,1209],"class_list":{"0":"post-580173","1":"post","2":"type-post","3":"status-publish","4":"format-standard","5":"has-post-thumbnail","7":"category-bonn","8":"tag-bonn","9":"tag-bundesdrogenbeauftragter","10":"tag-cdu-politiker","11":"tag-de","12":"tag-deutschland","13":"tag-germany","14":"tag-hendrik-streeck","15":"tag-nordrhein-westfalen"},"share_on_mastodon":{"url":"https:\/\/pubeurope.com\/@de\/115560320402991090","error":""},"_links":{"self":[{"href":"https:\/\/www.europesays.com\/de\/wp-json\/wp\/v2\/posts\/580173","targetHints":{"allow":["GET"]}}],"collection":[{"href":"https:\/\/www.europesays.com\/de\/wp-json\/wp\/v2\/posts"}],"about":[{"href":"https:\/\/www.europesays.com\/de\/wp-json\/wp\/v2\/types\/post"}],"author":[{"embeddable":true,"href":"https:\/\/www.europesays.com\/de\/wp-json\/wp\/v2\/users\/2"}],"replies":[{"embeddable":true,"href":"https:\/\/www.europesays.com\/de\/wp-json\/wp\/v2\/comments?post=580173"}],"version-history":[{"count":0,"href":"https:\/\/www.europesays.com\/de\/wp-json\/wp\/v2\/posts\/580173\/revisions"}],"wp:featuredmedia":[{"embeddable":true,"href":"https:\/\/www.europesays.com\/de\/wp-json\/wp\/v2\/media\/580174"}],"wp:attachment":[{"href":"https:\/\/www.europesays.com\/de\/wp-json\/wp\/v2\/media?parent=580173"}],"wp:term":[{"taxonomy":"category","embeddable":true,"href":"https:\/\/www.europesays.com\/de\/wp-json\/wp\/v2\/categories?post=580173"},{"taxonomy":"post_tag","embeddable":true,"href":"https:\/\/www.europesays.com\/de\/wp-json\/wp\/v2\/tags?post=580173"}],"curies":[{"name":"wp","href":"https:\/\/api.w.org\/{rel}","templated":true}]}}