{"id":580506,"date":"2025-11-16T19:46:13","date_gmt":"2025-11-16T19:46:13","guid":{"rendered":"https:\/\/www.europesays.com\/de\/580506\/"},"modified":"2025-11-16T19:46:13","modified_gmt":"2025-11-16T19:46:13","slug":"begeisterung-bis-zur-letzten-note-bundespolizeiorchester-muenchen-spielt-im-ccp-zugunsten-von-menschen-in-not-pforzheim","status":"publish","type":"post","link":"https:\/\/www.europesays.com\/de\/580506\/","title":{"rendered":"Begeisterung bis zur letzten Note: Bundespolizeiorchester M\u00fcnchen spielt im CCP zugunsten von Menschen in Not &#8211; Pforzheim"},"content":{"rendered":"<p>Pforzheim. Und das gro\u00dfe symphonische Orchester sorgte von Anfang an f\u00fcr Begeisterung bei den Konzertg\u00e4sten, die sich bis zum Ende des knapp zweist\u00fcndigen Programms permanent steigerte. Am Ende gab es f\u00fcr den musikalischen Leiter und Moderator Philipp Armbruster sowie die mehr als 40 Musikerinnen und Musiker stehende Ovationen.<\/p>\n<p>Das vom Pforzheimer Kulturamt organisierte Konzert des<\/p>\n","protected":false},"excerpt":{"rendered":"Pforzheim. Und das gro\u00dfe symphonische Orchester sorgte von Anfang an f\u00fcr Begeisterung bei den Konzertg\u00e4sten, die sich bis&hellip;\n","protected":false},"author":2,"featured_media":580507,"comment_status":"","ping_status":"","sticky":false,"template":"","format":"standard","meta":{"footnotes":""},"categories":[1827],"tags":[772,29,30,1310,1268,10469,3866],"class_list":{"0":"post-580506","1":"post","2":"type-post","3":"status-publish","4":"format-standard","5":"has-post-thumbnail","7":"category-muenchen","8":"tag-bayern","9":"tag-deutschland","10":"tag-germany","11":"tag-konzert","12":"tag-muenchen","13":"tag-pforzheim","14":"tag-veranstaltungen"},"share_on_mastodon":{"url":"https:\/\/pubeurope.com\/@de\/115561102387676062","error":""},"_links":{"self":[{"href":"https:\/\/www.europesays.com\/de\/wp-json\/wp\/v2\/posts\/580506","targetHints":{"allow":["GET"]}}],"collection":[{"href":"https:\/\/www.europesays.com\/de\/wp-json\/wp\/v2\/posts"}],"about":[{"href":"https:\/\/www.europesays.com\/de\/wp-json\/wp\/v2\/types\/post"}],"author":[{"embeddable":true,"href":"https:\/\/www.europesays.com\/de\/wp-json\/wp\/v2\/users\/2"}],"replies":[{"embeddable":true,"href":"https:\/\/www.europesays.com\/de\/wp-json\/wp\/v2\/comments?post=580506"}],"version-history":[{"count":0,"href":"https:\/\/www.europesays.com\/de\/wp-json\/wp\/v2\/posts\/580506\/revisions"}],"wp:featuredmedia":[{"embeddable":true,"href":"https:\/\/www.europesays.com\/de\/wp-json\/wp\/v2\/media\/580507"}],"wp:attachment":[{"href":"https:\/\/www.europesays.com\/de\/wp-json\/wp\/v2\/media?parent=580506"}],"wp:term":[{"taxonomy":"category","embeddable":true,"href":"https:\/\/www.europesays.com\/de\/wp-json\/wp\/v2\/categories?post=580506"},{"taxonomy":"post_tag","embeddable":true,"href":"https:\/\/www.europesays.com\/de\/wp-json\/wp\/v2\/tags?post=580506"}],"curies":[{"name":"wp","href":"https:\/\/api.w.org\/{rel}","templated":true}]}}