{"id":580514,"date":"2025-11-16T19:50:17","date_gmt":"2025-11-16T19:50:17","guid":{"rendered":"https:\/\/www.europesays.com\/de\/580514\/"},"modified":"2025-11-16T19:50:17","modified_gmt":"2025-11-16T19:50:17","slug":"winter-kommt-wann-der-wetterdienst-mit-kaelte-und-graupel-rechnet","status":"publish","type":"post","link":"https:\/\/www.europesays.com\/de\/580514\/","title":{"rendered":"Winter kommt \u2013 Wann der Wetterdienst mit K\u00e4lte und Graupel rechnet"},"content":{"rendered":"<p class=\"expressive-copy-lg-body\">Nachdem sich der November in der ersten H\u00e4lfte in <a href=\"https:\/\/www.morgenpost.de\/panorama\/berlin\/\" data-category-full-path=\"https:\/\/www.morgenpost.de\/panorama\/\" data-paid-status=\"free\" data-article-publish-date=\"1632225361\" target=\"_blank\" rel=\"noopener\">Berlin<\/a> und <a href=\"https:\/\/www.morgenpost.de\/politik\/brandenburg\/\" data-category-full-path=\"https:\/\/www.morgenpost.de\/politik\/\" data-paid-status=\"free\" data-article-publish-date=\"1632225347\" target=\"_blank\" rel=\"noopener\">Brandenburg<\/a> von seiner sanften Seite gezeigt hat, hei\u00dft es ab jetzt: warm anziehen. Laut dem Deutschen Wetterdienst (DWD) wechselt sich das <a href=\"https:\/\/www.morgenpost.de\/berlin\/wetter-in-berlin\/\" data-category-full-path=\"https:\/\/www.morgenpost.de\/berlin\/\" data-paid-status=\"free\" data-article-publish-date=\"1625059871\" target=\"_blank\" rel=\"noopener\">Wetter in Berlin<\/a> und Brandenburg gewaltig. Es wird k\u00fchler und unbest\u00e4ndiger \u2013 und die Temperaturen werden zunehmend von polarer Meereskaltluft bestimmt.<\/p>\n<p class=\"expressive-copy-lg-body\">Schon am Sonntag wird es deutlich regnerischer als in den Vortagen. Die H\u00f6chsttemperaturen liegen zwischen 6 Grad in Nordbrandenburg und 12 Grad in der Niederlausitz. Es weht ein schwacher Wind. In der Nacht zum Montag h\u00e4lt der Regen an: In der zweiten Nachth\u00e4lfte ziehen einzelne Schauer aus Nordwesten \u00fcber die Region. Au\u00dferdem wird es deutlich k\u00e4lter. Der DWD sagt Temperaturen von 3 bis 1 Grad voraus. Im Norden kann es zu Frost in Bodenn\u00e4he kommen.<\/p>\n<p>    <img decoding=\"async\" src=\"https:\/\/www.europesays.com\/de\/wp-content\/uploads\/2025\/11\/410459213_1763128534_v16_9_1200.jpeg\" class=\"block w-full object-cover relative z-10 aspect-[4\/3] \" alt=\"Licht an! Der Potsdamer Platz stimmt sich schon jetzt auf die besinnliche Jahreszeit ein.\" title=\"Licht an! Der Potsdamer Platz stimmt sich schon jetzt auf die besinnliche Jahreszeit ein.\" loading=\"lazy\"\/><\/p>\n<p>  Kalt, bew\u00f6lkt und Chancen auf Schnee: Wie sich das Wetter in Berlin Anfang der Woche entwickelt<\/p>\n<p class=\"expressive-copy-lg-body\">Auch am Montag ist das Tragen von Regenjacke und Regenschirm geboten: Es bleibt bew\u00f6lkt und kommt \u00f6rtlich zu Regen und Graupelschauern. Graupel sind runde Eisk\u00f6rnchen, die in den Wolken einmal Schneeflocken oder besonders kalte Wassertropfen waren. Auf ihrem Weg Richtung Erde sammeln sie weitere Wassertr\u00f6pfchen und Eiskristalle auf. Ist es kalt genug, bleibt der Graupel liegen oder setzt sich auf B\u00e4umen ab \u2013 und wirkt schnee\u00e4hnlich. <\/p>\n<p class=\"expressive-copy-lg-body\">Dass dieser Fall am Montag eintritt, ist aber unwahrscheinlich. Laut DWD liegen die H\u00f6chsttemperaturen bei sechs Grad Celsius. Im Norden von Brandenburg kommt es zu kurzen Gewittern, zeitweise ist es b\u00f6ig. In der Nacht zu Dienstag wird es dann frostig bei +1 bis -1 Grad. Am Morgen nimmt die Bew\u00f6lkung wieder zu, es regnet aber kaum.<\/p>\n<p>  Wetter in Berlin: DWD erwartet Graupelschauer und Schneeregen \u2013 und k\u00fchle N\u00e4chte<\/p>\n<p class=\"expressive-copy-lg-body\">Der Dienstag bleibt wechselhaft: Vereinzelt regnet es oder kommt zu Graupelschauern bei maximal sechs Grad, sagen die Meteorologinnen und Meteorologen vom Deutschen Wetterdienst voraus. Der Himmel bleibt weitestgehend bew\u00f6lkt \u2013 auch in der Nacht. Da k\u00f6nnte es den ersten Schnee beziehungsweise Schneeregen dieses <a href=\"https:\/\/www.morgenpost.de\/ratgeber-wissen\/winterzeit\/\" data-category-full-path=\"https:\/\/www.morgenpost.de\/ratgeber-wissen\/\" data-paid-status=\"free\" data-article-publish-date=\"1734437202\" target=\"_blank\" rel=\"noopener\">Winter<\/a>s geben: Einzelne Regenschauer werden erwartet, zum Teil vermischt sich der Regen mit Schnee. Die Tiefsttemperaturen liegen bei 2 bis 0 Grad, bodennah bei 0 bis -3 Grad. <\/p>\n<p>   Morgenpost Sp\u00e4ti<\/p>\n<p class=\"text-body2 mt-2\">Hier steckt alles drin: Ihr Berlin-Update zum Feierabend \u2013 montags bis freitags um 18 Uhr.<\/p>\n<p class=\"text-caption text-copy-secondary\">\n          Mit meiner Anmeldung zum Newsletter stimme ich der<br \/>\n          <a href=\"https:\/\/www.morgenpost.de\/service\/newsletter-adconsent\" class=\"text-overline text-copy-accent-negative dark:underline\" target=\"_blank\" rel=\"noopener\">Werbevereinbarung<\/a><br \/>\n          zu.\n        <\/p>\n<p class=\"expressive-copy-lg-body\">\u00c4hnlich wird das Wetter am Mittwoch: Es bleibt gebietsweise stark bew\u00f6lkt und kann vereinzelt zu Regen und Schneeregenschauern kommen. Es wird mit 4 bis 6 Grad etwas milder. Auch in der Nacht auf Donnerstag gibt es bei \u00f6rtlich dichter Bew\u00f6lkung wieder Regen oder Schneeregen bei Tiefsttemperaturen zwischen +1 und -2 Grad Celsius.<\/p>\n<p rel=\"author\" class=\"text-brand\">fmg\/viv<\/p>\n","protected":false},"excerpt":{"rendered":"Nachdem sich der November in der ersten H\u00e4lfte in Berlin und Brandenburg von seiner sanften Seite gezeigt hat,&hellip;\n","protected":false},"author":2,"featured_media":580515,"comment_status":"","ping_status":"","sticky":false,"template":"","format":"standard","meta":{"footnotes":""},"categories":[1816],"tags":[1960,1958,1959,1957,1956,1890,29,30],"class_list":{"0":"post-580514","1":"post","2":"type-post","3":"status-publish","4":"format-standard","5":"has-post-thumbnail","7":"category-brandenburg","8":"tag-aktuelle-nachrichten-aus-berlin-und-brandenburg","9":"tag-aktuelle-nachrichten-aus-brandenburg","10":"tag-aktuelle-news-aus-berlin-und-brandenburg","11":"tag-aktuelle-news-aus-brandenburg","12":"tag-berlin-und-brandenburg","13":"tag-brandenburg","14":"tag-deutschland","15":"tag-germany"},"share_on_mastodon":{"url":"https:\/\/pubeurope.com\/@de\/115561118686181435","error":""},"_links":{"self":[{"href":"https:\/\/www.europesays.com\/de\/wp-json\/wp\/v2\/posts\/580514","targetHints":{"allow":["GET"]}}],"collection":[{"href":"https:\/\/www.europesays.com\/de\/wp-json\/wp\/v2\/posts"}],"about":[{"href":"https:\/\/www.europesays.com\/de\/wp-json\/wp\/v2\/types\/post"}],"author":[{"embeddable":true,"href":"https:\/\/www.europesays.com\/de\/wp-json\/wp\/v2\/users\/2"}],"replies":[{"embeddable":true,"href":"https:\/\/www.europesays.com\/de\/wp-json\/wp\/v2\/comments?post=580514"}],"version-history":[{"count":0,"href":"https:\/\/www.europesays.com\/de\/wp-json\/wp\/v2\/posts\/580514\/revisions"}],"wp:featuredmedia":[{"embeddable":true,"href":"https:\/\/www.europesays.com\/de\/wp-json\/wp\/v2\/media\/580515"}],"wp:attachment":[{"href":"https:\/\/www.europesays.com\/de\/wp-json\/wp\/v2\/media?parent=580514"}],"wp:term":[{"taxonomy":"category","embeddable":true,"href":"https:\/\/www.europesays.com\/de\/wp-json\/wp\/v2\/categories?post=580514"},{"taxonomy":"post_tag","embeddable":true,"href":"https:\/\/www.europesays.com\/de\/wp-json\/wp\/v2\/tags?post=580514"}],"curies":[{"name":"wp","href":"https:\/\/api.w.org\/{rel}","templated":true}]}}