{"id":580525,"date":"2025-11-16T19:56:19","date_gmt":"2025-11-16T19:56:19","guid":{"rendered":"https:\/\/www.europesays.com\/de\/580525\/"},"modified":"2025-11-16T19:56:19","modified_gmt":"2025-11-16T19:56:19","slug":"prinzessin-kate-palast-macht-spannende-ankuendigung","status":"publish","type":"post","link":"https:\/\/www.europesays.com\/de\/580525\/","title":{"rendered":"Prinzessin Kate: Palast macht spannende Ank\u00fcndigung"},"content":{"rendered":"<p class=\"dm-paragraph my-8 dm-article-content-width\" index=\"0\" should-collapse-on-mobile=\"true\" has-padding=\"\" data-v-586984a4=\"\">Der Kensington Palast hat bekannt gegeben, dass <a href=\"https:\/\/www.ksta.de\/panorama\/promis\/prinzessin-kate-und-prinz-george-erstmals-allein-bei-auftritt-1-1146884\" rel=\"nofollow noopener\" target=\"_blank\">Prinzessin Kate<\/a> auch in diesem Jahr ihr j\u00e4hrliches Weihnachtskonzert veranstalten wird. Das berichten mehrere britische Medien, <a target=\"_blank\" rel=\"nofollow noopener\" href=\"https:\/\/www.express.co.uk\/news\/royal\/2133323\/princess-kate-christmas-carol-concert-2025\">darunter die Tageszeitung \u201eDaily Express\u201c<\/a>. Das \u201eTogether At Christmas\u201c-Event, das zum f\u00fcnften Mal von der Frau von <a href=\"https:\/\/www.ksta.de\/panorama\/promis\/prinz-william-aeussert-sich-zu-ex-prinz-andrew-und-seiner-familie-1144972\" rel=\"nofollow noopener\" target=\"_blank\">Prinz William<\/a> initiiert wird, findet am 5. Dezember in der Westminster Abbey statt. Dieses Jahr steht das Ereignis unter dem Motto der \u201eMacht der Liebe in all ihren Formen\u201c.<\/p>\n<p>\u201eTogether At Christmas\u201c: Prinzessin Kate feiert 5-j\u00e4hriges Jubil\u00e4um<\/p>\n<p class=\"dm-paragraph my-8 dm-article-content-width\" index=\"2\" should-collapse-on-mobile=\"true\" has-padding=\"\" data-v-586984a4=\"\">Bei \u201eTogether At Christmas\u201c sollen landesweit Menschen gew\u00fcrdigt und ihnen gedankt werden, die in ihren Gemeinschaften liebevoll handeln. Lesungen werden von den Schauspielerinnen und Schauspielern Hannah Waddingham, Kate Winslet und Chiwetel Ejiofor gehalten, w\u00e4hrend der Chor der Westminster Abbey Weihnachtslieder singt.<\/p>\n<p class=\"dm-paragraph my-8 dm-article-content-width\" index=\"4\" should-collapse-on-mobile=\"true\" has-padding=\"\" data-v-586984a4=\"\">Das Thema wurde gew\u00e4hlt, da der Gottesdienst in einer oft zersplittert und unzusammenh\u00e4ngend wirkenden Welt Menschen zusammenbringen soll, um die Liebe in all ihren Formen zu feiern, so die Organisatorinnen und Organisatoren. G\u00e4ste in der Westminster Abbey wurden von Lord-Lieutenants aus dem ganzen Vereinigten K\u00f6nigreich und von Wohlt\u00e4tigkeitsorganisationen, die mit Mitgliedern der k\u00f6niglichen Familie verbunden sind, nominiert.<\/p>\n<p>Alles zum Thema <a href=\"https:\/\/www.ksta.de\/themen\/royals\" class=\"text-primary hover:underline\" data-v-b56a735c=\"\" rel=\"nofollow noopener\" target=\"_blank\">Royals<\/a>Mehr anzeigenPrinzessin Kate will Herzogin von Kent ehren<\/p>\n<p class=\"dm-paragraph my-8 dm-article-content-width\" index=\"6\" should-collapse-on-mobile=\"true\" has-padding=\"\" data-v-586984a4=\"\">In diesem Jahr wird die zuk\u00fcnftige K\u00f6nigin auch die verstorbene <a href=\"https:\/\/www.ksta.de\/panorama\/promis\/fliegt-prinz-harry-heimlich-zur-beerdigung-der-herzogin-von-kent-1106492\" rel=\"nofollow noopener\" target=\"_blank\">Herzogin von Kent ehren, die am 4. September im Alter von 92 Jahren verstarb<\/a>. Junge K\u00fcnstlerinnen und K\u00fcnstler von Future Talent, einer von Prinzessin Kate mitgegr\u00fcndeten Wohlt\u00e4tigkeitsorganisation, werden vor der Abtei musizieren. Die Organisation unterst\u00fctzt musikalisch begabte Kinder aus einkommensschwachen Familien.<\/p>\n<p><img decoding=\"async\" width=\"4000\" height=\"2667\" alt=\"Prinz William und Prinzessin Kate treffen gemeinsam mit ihren Kindern Prinzessin Charlotte und Prinz George zum Weihnachtsgottesdienst \u201eTogether at Christmas\u201c in der Westminster Abbey ein.\" loading=\"lazy\" onerror=\"this.setAttribute('data-error', 1)\" class=\"current-image dm-figure__image dm-figure__image--undefined undefined\" data-nuxt-pic=\"\" src=\"https:\/\/www.europesays.com\/de\/wp-content\/uploads\/2025\/11\/e1bff88e-ccff-4a5b-9390-bfe86b82a5b4.jpeg\"  \/><\/p>\n<p class=\"dm-figure__subline\" data-v-b90b7bba=\"\">Prinz William und Prinzessin Kate treffen 2022 gemeinsam mit ihren Kindern Prinzessin Charlotte und Prinz George zum Weihnachtsgottesdienst \u201eTogether at Christmas\u201c in der Westminster Abbey ein. (Archivbild)<\/p>\n<p class=\"dm-figure__copyright\" data-v-b90b7bba=\"\">Copyright: picture alliance\/dpa\/PA Wire<\/p>\n<p class=\"dm-paragraph my-8 dm-article-content-width\" index=\"8\" should-collapse-on-mobile=\"true\" has-padding=\"\" data-v-586984a4=\"\">Die G\u00e4ste werden von einer festlichen Dekoration des Gartenbauers Jamie Butterworth begr\u00fc\u00dft, die auf der Bedeutung der Natur in unserem Leben basiert. Die Royal Horticultural Society wird Kr\u00e4nze spenden, die von ihren Botschafterinnen, Botschaftern, Sch\u00fclerinnen und Sch\u00fclern hergestellt wurden. Der Gottesdienst soll eine Mischung aus traditionellen und modernen Elementen sein und Menschen aller Glaubensrichtungen und auch Konfessionslose einschlie\u00dfen.<\/p>\n<p><a href=\"https:\/\/www.ksta.de\/panorama\/promis\/prinzessin-kate-bricht-bei-gedenkfeier-die-tradition-2-1146877\" class=\"dm-imagefeat__imagecontainer dm-imagefeat relative\" aria-label=\"\" tabindex=\"-1\" data-v-68e13160=\"\" rel=\"nofollow noopener\" target=\"_blank\"><img decoding=\"async\" width=\"4000\" height=\"2667\" alt=\"Prinzessin Kate und K\u00f6nigin Camilla auf einem Balkon am Remembrance Sunday.\" loading=\"lazy\" onerror=\"this.setAttribute('data-error', 1)\" class=\"dm-imagefeat__image w-full aspect-square sm:aspect-auto aspect-video\" style=\"aspect-ratio:1;\" data-nuxt-pic=\"\" src=\"https:\/\/www.europesays.com\/de\/wp-content\/uploads\/2025\/11\/1763322979_531_d8df61de-5d7b-4514-aac9-7230b91eddca.jpeg\"  \/><\/a><\/p>\n<p class=\"dm-paragraph my-8 dm-article-content-width\" index=\"10\" should-collapse-on-mobile=\"true\" has-padding=\"\" data-v-586984a4=\"\">Zus\u00e4tzlich werden im gesamten Vereinigten K\u00f6nigreich 15 gemeinschaftliche Weihnachtsgottesdienste stattfinden, die unter demselben Motto von Liebe und Zusammengeh\u00f6rigkeit stehen. Diese finden an Orten wie dem Coronation Street Visitor Centre, einem Kunstzentrum in Newbury und einer Gemeinschaftsfarm in Gwent statt.<\/p>\n","protected":false},"excerpt":{"rendered":"Der Kensington Palast hat bekannt gegeben, dass Prinzessin Kate auch in diesem Jahr ihr j\u00e4hrliches Weihnachtskonzert veranstalten wird.&hellip;\n","protected":false},"author":2,"featured_media":580526,"comment_status":"","ping_status":"","sticky":false,"template":"","format":"standard","meta":{"footnotes":""},"categories":[1776],"tags":[1801,29,214,30,1802,215],"class_list":{"0":"post-580525","1":"post","2":"type-post","3":"status-publish","4":"format-standard","5":"has-post-thumbnail","7":"category-prominente","8":"tag-celebrities","9":"tag-deutschland","10":"tag-entertainment","11":"tag-germany","12":"tag-prominente","13":"tag-unterhaltung"},"share_on_mastodon":{"url":"https:\/\/pubeurope.com\/@de\/115561142501886059","error":""},"_links":{"self":[{"href":"https:\/\/www.europesays.com\/de\/wp-json\/wp\/v2\/posts\/580525","targetHints":{"allow":["GET"]}}],"collection":[{"href":"https:\/\/www.europesays.com\/de\/wp-json\/wp\/v2\/posts"}],"about":[{"href":"https:\/\/www.europesays.com\/de\/wp-json\/wp\/v2\/types\/post"}],"author":[{"embeddable":true,"href":"https:\/\/www.europesays.com\/de\/wp-json\/wp\/v2\/users\/2"}],"replies":[{"embeddable":true,"href":"https:\/\/www.europesays.com\/de\/wp-json\/wp\/v2\/comments?post=580525"}],"version-history":[{"count":0,"href":"https:\/\/www.europesays.com\/de\/wp-json\/wp\/v2\/posts\/580525\/revisions"}],"wp:featuredmedia":[{"embeddable":true,"href":"https:\/\/www.europesays.com\/de\/wp-json\/wp\/v2\/media\/580526"}],"wp:attachment":[{"href":"https:\/\/www.europesays.com\/de\/wp-json\/wp\/v2\/media?parent=580525"}],"wp:term":[{"taxonomy":"category","embeddable":true,"href":"https:\/\/www.europesays.com\/de\/wp-json\/wp\/v2\/categories?post=580525"},{"taxonomy":"post_tag","embeddable":true,"href":"https:\/\/www.europesays.com\/de\/wp-json\/wp\/v2\/tags?post=580525"}],"curies":[{"name":"wp","href":"https:\/\/api.w.org\/{rel}","templated":true}]}}