{"id":580572,"date":"2025-11-16T20:24:18","date_gmt":"2025-11-16T20:24:18","guid":{"rendered":"https:\/\/www.europesays.com\/de\/580572\/"},"modified":"2025-11-16T20:24:18","modified_gmt":"2025-11-16T20:24:18","slug":"portugal-feiert-gala-und-faehrt-zur-wm-kane-trifft-doppelt","status":"publish","type":"post","link":"https:\/\/www.europesays.com\/de\/580572\/","title":{"rendered":"Portugal feiert Gala und f\u00e4hrt zur WM &#8211; Kane trifft doppelt"},"content":{"rendered":"<p>Porto (dpa) &#8211; Ohne ihren rot-gesperrten Superstar Cristiano Ronaldo hat sich die portugiesische Nationalmannschaft mit einem Fu\u00dfball-Fest f\u00fcr die WM im kommenden Jahr qualifiziert. Das Team von Roberto Martinez sicherte sich durch das 9:1 (5:1) gegen Armenien Platz eins in der Gruppe F und verhinderte damit den Umweg \u00fcber die Playoffs. Kapit\u00e4n Ronaldo (40) fehlte in Porto wegen seines Platzverweises beim 0:2 in Irland am Donnerstag. Seine Freude war dennoch gro\u00df. \u00abWir sind bei der WM. Auf gehts, Portugal\u00bb, schrieb er auf der Plattform X.<\/p>\n<p>In letzter Minute sicherten sich die Iren durch das 3:2 (1:2) gegen Ungarn in Budapest noch den zweiten Rang hinter Portugal und k\u00f6nnen damit noch auf einen WM-Platz \u00fcber die Playoffs hoffen. Held der Iren war Troy Parrott, der alle drei Treffer seines Teams erzielte. Das Siegtor markierte er in der sechsten Minute der Nachspielzeit.\u00a0<\/p>\n<p>Harry Kane hat Thomas Tuchel und die bereits qualifizierten Engl\u00e4nder in der Gruppe K zum achten Sieg im achten Qualifikationsspiel geschossen. Der St\u00fcrmerstar des FC Bayern M\u00fcnchen sorgte in seinem 112. L\u00e4nderspiel mit seinen Toren 77 und 78 f\u00fcr ein 2:0 (0:0) beim Gruppenzweiten und Playoff-Teilnehmer Albanien. Damit blieben die Three Lions in der Qualifikation ohne Gegentreffer bei einem Torverh\u00e4ltnis von plus 22.<\/p>\n<p>Frankreich siegt ohne Mbapp\u00e9\u00a0<\/p>\n<p>Vizeweltmeister Frankreich siegte ohne den geschonten Superstar Kylian Mbapp\u00e9 in Aserbaidschan mit 3:1 (3:1). Das Team von Trainer Didier Deschamps hat sich in der Gruppe D mit 16 von 18 m\u00f6glichen Punkten problemlos f\u00fcr die WM qualifiziert. Die Ukraine sicherte sich durch ein sp\u00e4tes 2:0 (0:0) im Duell um Platz zwei mit Island das Playoff-Ticket.<\/p>\n<p>31 von 48: Diese Teams sind bereits qualifiziert<\/p>\n<p>F\u00fcr die WM 2026 sind bisher 31 von 48 Teams qualifiziert. Die drei Gastgeber USA, Kanada und Mexiko sind automatisch dabei. Geschafft haben es in Asiens Ausscheidung Australien, Iran, Japan, Jordanien, Katar, Saudi-Arabien, S\u00fcdkorea und Usbekistan.<\/p>\n<p>Aus Afrika haben bislang Algerien, \u00c4gypten, die Elfenbeink\u00fcste, Ghana, Marokko, Tunesien, Kap Verde, Senegal und S\u00fcdafrika ihre Tickets sicher. Als erste europ\u00e4ische Teams machten England, Frankreich, Kroatien und nun auch Portugal die Teilnahme klar. Aus S\u00fcdamerika kommen Titelverteidiger Argentinien, Brasilien, Ecuador, Kolumbien, Paraguay und Uruguay. In Ozeanien hat Neuseeland das Ticket gel\u00f6st.<\/p>\n","protected":false},"excerpt":{"rendered":"Porto (dpa) &#8211; Ohne ihren rot-gesperrten Superstar Cristiano Ronaldo hat sich die portugiesische Nationalmannschaft mit einem Fu\u00dfball-Fest f\u00fcr&hellip;\n","protected":false},"author":2,"featured_media":580573,"comment_status":"","ping_status":"","sticky":false,"template":"","format":"standard","meta":{"footnotes":""},"categories":[1843],"tags":[4541,3364,29,3058,156,5282,30,5300,8970,1209,7118,501,58622],"class_list":{"0":"post-580572","1":"post","2":"type-post","3":"status-publish","4":"format-standard","5":"has-post-thumbnail","7":"category-muenster","8":"tag-armenien","9":"tag-de","10":"tag-deutschland","11":"tag-england","12":"tag-frankreich","13":"tag-fuball","14":"tag-germany","15":"tag-irland","16":"tag-muenster","17":"tag-nordrhein-westfalen","18":"tag-portugal","19":"tag-ungarn","20":"tag-wm-qualifikation"},"share_on_mastodon":{"url":"https:\/\/pubeurope.com\/@de\/115561251872771206","error":""},"_links":{"self":[{"href":"https:\/\/www.europesays.com\/de\/wp-json\/wp\/v2\/posts\/580572","targetHints":{"allow":["GET"]}}],"collection":[{"href":"https:\/\/www.europesays.com\/de\/wp-json\/wp\/v2\/posts"}],"about":[{"href":"https:\/\/www.europesays.com\/de\/wp-json\/wp\/v2\/types\/post"}],"author":[{"embeddable":true,"href":"https:\/\/www.europesays.com\/de\/wp-json\/wp\/v2\/users\/2"}],"replies":[{"embeddable":true,"href":"https:\/\/www.europesays.com\/de\/wp-json\/wp\/v2\/comments?post=580572"}],"version-history":[{"count":0,"href":"https:\/\/www.europesays.com\/de\/wp-json\/wp\/v2\/posts\/580572\/revisions"}],"wp:featuredmedia":[{"embeddable":true,"href":"https:\/\/www.europesays.com\/de\/wp-json\/wp\/v2\/media\/580573"}],"wp:attachment":[{"href":"https:\/\/www.europesays.com\/de\/wp-json\/wp\/v2\/media?parent=580572"}],"wp:term":[{"taxonomy":"category","embeddable":true,"href":"https:\/\/www.europesays.com\/de\/wp-json\/wp\/v2\/categories?post=580572"},{"taxonomy":"post_tag","embeddable":true,"href":"https:\/\/www.europesays.com\/de\/wp-json\/wp\/v2\/tags?post=580572"}],"curies":[{"name":"wp","href":"https:\/\/api.w.org\/{rel}","templated":true}]}}