{"id":580578,"date":"2025-11-16T20:27:13","date_gmt":"2025-11-16T20:27:13","guid":{"rendered":"https:\/\/www.europesays.com\/de\/580578\/"},"modified":"2025-11-16T20:27:13","modified_gmt":"2025-11-16T20:27:13","slug":"jochen-denker-und-katharina-poett-als-neue-superintendenten-gewaehlt","status":"publish","type":"post","link":"https:\/\/www.europesays.com\/de\/580578\/","title":{"rendered":"Jochen Denker und Katharina P\u00f6tt als neue Superintendenten gew\u00e4hlt"},"content":{"rendered":"<p class=\"text_ohne_einzug richtext text-em-55 !leading-serif mx-6 desktop:mx-0\"> Die Synode des Kirchenkreises Wuppertal hat entschieden: Am Freitag, 14. November, wurden Jochen Denker und Katharina P\u00f6tt im Rahmen der Herbstsynode gemeinsam zu den neuen Superintendenten Wuppertals gew\u00e4hlt. Sie folgen ab dem 15. M\u00e4rz 2026 auf Ilka Federschmidt, die seit 2011 Superintendentin ist und im n\u00e4chsten Jahr nach 15 Jahren in dieser Rolle in den Ruhestand geht. Da Jochen Denker bislang bereits als Synodalassessor, also als Vertreter von Federschmidt, t\u00e4tig war, musste auch sein Amt neu besetzt werden: Sein Nachfolger ist Frank Schulte, Pfarrer der Gemeinde Gemarke-Wupperfeld.<\/p>\n","protected":false},"excerpt":{"rendered":"Die Synode des Kirchenkreises Wuppertal hat entschieden: Am Freitag, 14. November, wurden Jochen Denker und Katharina P\u00f6tt im&hellip;\n","protected":false},"author":2,"featured_media":580579,"comment_status":"","ping_status":"","sticky":false,"template":"","format":"standard","meta":{"footnotes":""},"categories":[1840],"tags":[8391,3364,139322,29,136112,30,42183,44674,1570,1209,75652,139323,61035,4418,17352],"class_list":{"0":"post-580578","1":"post","2":"type-post","3":"status-publish","4":"format-standard","5":"has-post-thumbnail","7":"category-wuppertal","8":"tag-amt","9":"tag-de","10":"tag-denker","11":"tag-deutschland","12":"tag-federschmidt","13":"tag-germany","14":"tag-ilka","15":"tag-jochen","16":"tag-katharina","17":"tag-nordrhein-westfalen","18":"tag-pott","19":"tag-superintendenten","20":"tag-superintendentin","21":"tag-wuppertal","22":"tag-wuppertalerinnen"},"share_on_mastodon":{"url":"https:\/\/pubeurope.com\/@de\/115561263515574748","error":""},"_links":{"self":[{"href":"https:\/\/www.europesays.com\/de\/wp-json\/wp\/v2\/posts\/580578","targetHints":{"allow":["GET"]}}],"collection":[{"href":"https:\/\/www.europesays.com\/de\/wp-json\/wp\/v2\/posts"}],"about":[{"href":"https:\/\/www.europesays.com\/de\/wp-json\/wp\/v2\/types\/post"}],"author":[{"embeddable":true,"href":"https:\/\/www.europesays.com\/de\/wp-json\/wp\/v2\/users\/2"}],"replies":[{"embeddable":true,"href":"https:\/\/www.europesays.com\/de\/wp-json\/wp\/v2\/comments?post=580578"}],"version-history":[{"count":0,"href":"https:\/\/www.europesays.com\/de\/wp-json\/wp\/v2\/posts\/580578\/revisions"}],"wp:featuredmedia":[{"embeddable":true,"href":"https:\/\/www.europesays.com\/de\/wp-json\/wp\/v2\/media\/580579"}],"wp:attachment":[{"href":"https:\/\/www.europesays.com\/de\/wp-json\/wp\/v2\/media?parent=580578"}],"wp:term":[{"taxonomy":"category","embeddable":true,"href":"https:\/\/www.europesays.com\/de\/wp-json\/wp\/v2\/categories?post=580578"},{"taxonomy":"post_tag","embeddable":true,"href":"https:\/\/www.europesays.com\/de\/wp-json\/wp\/v2\/tags?post=580578"}],"curies":[{"name":"wp","href":"https:\/\/api.w.org\/{rel}","templated":true}]}}