{"id":580594,"date":"2025-11-16T20:36:21","date_gmt":"2025-11-16T20:36:21","guid":{"rendered":"https:\/\/www.europesays.com\/de\/580594\/"},"modified":"2025-11-16T20:36:21","modified_gmt":"2025-11-16T20:36:21","slug":"laenderspiele-konate-kapitaene-frankreich-szoboszlai-und-kerkez-assistieren-bei-der-niederlage","status":"publish","type":"post","link":"https:\/\/www.europesays.com\/de\/580594\/","title":{"rendered":"L\u00e4nderspiele: Konate-Kapit\u00e4ne Frankreich, Szoboszlai und Kerkez assistieren bei der Niederlage"},"content":{"rendered":"<p>Der Innenverteidiger wurde zusammen mit Hugo Ekitike, Teamkollege <strong>Hugo Ekitike<\/strong>, ausgew\u00e4hlt, um f\u00fcr sein Land zu starten. Frankreich hatte sich bereits f\u00fcr die Gruppe D qualifiziert.<\/p>\n<p>Beide Spieler beendeten das komplette Spiel, als sie ausw\u00e4rts 3:1 gewannen<\/p>\n<p>. <\/p>\n<p><strong>Dominik Szoboszlai<\/strong> und <strong>Milos Kerkez<\/strong> spielten unterdessen f\u00fcr Ungarn im entscheidenden Duell der Gruppe F gegen die Republik Irland in Budapest.<\/p>\n<p>Die beiden erzielten im Spiel jeweils eine Vorlage, mussten sich jedoch mit 3:2 geschlagen geben, da sie bei ihren Versuchen, das Turnier im n\u00e4chsten Sommer zu erreichen, nur knapp verpassten.<\/p>\n<p>Szoboszlai sorgte f\u00fcr einen tiefen Ball zum Kopfball von Daniel Lukacs&#8216; Kopfball, w\u00e4hrend Kerkez nach Flanke von Barnabas Varga traf, was zu einem beeindruckenden Volleyschuss f\u00fcr den Tabellenzweiten seines Landes f\u00fchrte.<\/p>\n","protected":false},"excerpt":{"rendered":"Der Innenverteidiger wurde zusammen mit Hugo Ekitike, Teamkollege Hugo Ekitike, ausgew\u00e4hlt, um f\u00fcr sein Land zu starten. Frankreich&hellip;\n","protected":false},"author":2,"featured_media":580595,"comment_status":"","ping_status":"","sticky":false,"template":"","format":"standard","meta":{"footnotes":""},"categories":[3974],"tags":[331,332,67947,548,663,3934,112560,3980,156,13,32288,15434,112552,112561,112563,112562,52782,112556,112555,112551,112559,14,15,112553,112557,12,112554,112558],"class_list":{"0":"post-580594","1":"post","2":"type-post","3":"status-publish","4":"format-standard","5":"has-post-thumbnail","7":"category-frankreich","8":"tag-aktuelle-nachrichten","9":"tag-aktuelle-news","10":"tag-alisson","11":"tag-eu","12":"tag-europa","13":"tag-europe","14":"tag-firmino","15":"tag-france","16":"tag-frankreich","17":"tag-headlines","18":"tag-homepage","19":"tag-klopp","20":"tag-lfc","21":"tag-lfc-news","22":"tag-lfctv","23":"tag-lfctv-go","24":"tag-liverpool-fc","25":"tag-liverpool-fc-match","26":"tag-liverpool-fc-news","27":"tag-liverpool-football-club","28":"tag-mane","29":"tag-nachrichten","30":"tag-news","31":"tag-reds","32":"tag-salah","33":"tag-schlagzeilen","34":"tag-the-reds","35":"tag-van-dijk"},"share_on_mastodon":{"url":"https:\/\/pubeurope.com\/@de\/115561298937848662","error":""},"_links":{"self":[{"href":"https:\/\/www.europesays.com\/de\/wp-json\/wp\/v2\/posts\/580594","targetHints":{"allow":["GET"]}}],"collection":[{"href":"https:\/\/www.europesays.com\/de\/wp-json\/wp\/v2\/posts"}],"about":[{"href":"https:\/\/www.europesays.com\/de\/wp-json\/wp\/v2\/types\/post"}],"author":[{"embeddable":true,"href":"https:\/\/www.europesays.com\/de\/wp-json\/wp\/v2\/users\/2"}],"replies":[{"embeddable":true,"href":"https:\/\/www.europesays.com\/de\/wp-json\/wp\/v2\/comments?post=580594"}],"version-history":[{"count":0,"href":"https:\/\/www.europesays.com\/de\/wp-json\/wp\/v2\/posts\/580594\/revisions"}],"wp:featuredmedia":[{"embeddable":true,"href":"https:\/\/www.europesays.com\/de\/wp-json\/wp\/v2\/media\/580595"}],"wp:attachment":[{"href":"https:\/\/www.europesays.com\/de\/wp-json\/wp\/v2\/media?parent=580594"}],"wp:term":[{"taxonomy":"category","embeddable":true,"href":"https:\/\/www.europesays.com\/de\/wp-json\/wp\/v2\/categories?post=580594"},{"taxonomy":"post_tag","embeddable":true,"href":"https:\/\/www.europesays.com\/de\/wp-json\/wp\/v2\/tags?post=580594"}],"curies":[{"name":"wp","href":"https:\/\/api.w.org\/{rel}","templated":true}]}}