{"id":580636,"date":"2025-11-16T21:07:19","date_gmt":"2025-11-16T21:07:19","guid":{"rendered":"https:\/\/www.europesays.com\/de\/580636\/"},"modified":"2025-11-16T21:07:19","modified_gmt":"2025-11-16T21:07:19","slug":"museum-steegmueller-bildhauer-fuer-film-und-fernsehen-muppets-und-star-wars-figuren-aus-ostfildern","status":"publish","type":"post","link":"https:\/\/www.europesays.com\/de\/580636\/","title":{"rendered":"Museum Steegm\u00fcller: Bildhauer f\u00fcr Film und Fernsehen \u2013 Muppets und Star-Wars-Figuren aus Ostfildern"},"content":{"rendered":"<p>In Freizeitparks, Filmen und Geisterbahnen sind J\u00f6rg Steegm\u00fcllers Skulpturen zu sehen. Der Bildhauer und Modelleur aus Ostfildern kreiert audio-animatronische Figuren.<\/p>\n<p>Die fr\u00f6hliche Biene Maja und ihr tapsiger Freund Willy hei\u00dfen die Besucher des Museums von J\u00f6rg Steegm\u00fcller in Ruit willkommen. Neben seinem Atelier in der Senefelder Stra\u00dfe hat der Bildhauer und Modelleur f\u00fcr audio-animatronische Objekte Ausstellungsr\u00e4ume geschaffen. Da zeigt er seine vielseitige Kunst, die nicht nur im Europapark in Rust gefragt ist. Film- und Fernsehproduktionen stattet er ebenso aus wie Museen oder Vergn\u00fcgungsparks. F\u00fcr den US-Erfolgsfilm \u201eDer Patriot\u201c von Starregisseur Roland Emmerich hat er kleine H\u00e4user und Schiffe gebaut. <\/p>\n<p>Wer den K\u00fcnstler in seinem Atelier erlebt, der sp\u00fcrt schnell seine Leidenschaft. J\u00f6rg Steegm\u00fcller liebt seine Arbeit. Er versteht es, sein Team zu begeistern. Und auch G\u00e4ste sind ihm willkommen. Mit viel Witz und Liebe zu seinen Figuren f\u00fchrt er Gruppen durch die R\u00e4ume. Zwar ist sein Museum bislang nur nach Voranmeldung zug\u00e4nglich. Doch das Ziel, seine Ausstellung regelm\u00e4\u00dfig zu \u00f6ffnen, verliert der 47-J\u00e4hrige nicht aus den Augen. Zurzeit l\u00e4sst sich das zeitlich nicht schaffen. Da Steegm\u00fcllers Auftragsbuch immer voll ist, ist seine Warteliste f\u00fcr Gruppen-Museumstouren lang. <\/p>\n<p>Animatronik-Figuren f\u00fcr Muppets oder Star Wars aus <a href=\"https:\/\/www.stuttgarter-nachrichten.de\/thema\/Ostfildern\" title=\"Ostfildern\" class=\"art_thema\" target=\"_blank\" rel=\"noopener\">Ostfildern<\/a> <\/p>\n<p>Der K\u00fcnstler nimmt Jung und Alt mit in die faszinierende Welt der Fantasie. Wenn er mit seiner ruhigen, vollen Stimme spricht, f\u00fchlen sich G\u00e4ste in ihre Kindheit zur\u00fcckversetzt. In den Vitrinen stehen Fernsehfiguren wie das Sandm\u00e4nnchen, der giftgr\u00fcne Plumpaquatsch und R\u00e4uber Hotzenplotz. Mit den Figuren der Muppets-Show, den Charakterk\u00f6pfen der Satire-Sendung \u201eHurra Deutschland\u201c und den Animatronik-Figuren aus \u201eStar Wars\u201c ist das Spektrum seines Schaffens immens.<\/p>\n<p>Wer das lebensgro\u00dfe Ebenbild des Meister Eder sieht, im TV-Kinderklassiker \u201ePumuckl\u201c unvergesslich interpretiert von Gustl Bayrhammer, der meint fast, den grantigen Charakterkopf aus Bayern vor sich zu haben. Aus dem Off klingt die Stimme von Hans Clarin, der den Kobold mit dem feuerroten Schopf zum Leben erweckte. \u201eEs ist so sch\u00f6n, wenn ich mit meinen Figuren Kindheitserinnerung wecken darf\u201c, schw\u00e4rmt Steegm\u00fcller. Er habe sich selbst \u201eein St\u00fcck Kindheit bewahrt\u201c, findet er \u2013 und lacht dabei verschmitzt. Dass sein kleiner Sohn Sebastian die Liebe zu den Puppen teilt, macht ihn gl\u00fccklich. Er selbst hat schon als Kind angefangen, Puppen zu zeichnen und zu bauen. <\/p>\n<p>  <img decoding=\"async\" loading=\"lazy\" src=\"https:\/\/www.europesays.com\/de\/wp-content\/uploads\/2025\/11\/media.media.9c4b8345-f0b4-4d3b-9a7e-bcf5a7ee59e1.original1024.media.jpeg\"\/>     Die Figuren der Muppets begeistern J\u00f6rg Steegm\u00fcller.    Foto: Markus Br\u00e4ndli    <\/p>\n<p>Peter Lustig, den unkomplizierten und wissensdurstigen Hauptdarsteller der Kindersendung \u201eL\u00f6wenzahn\u201c, hat Steegm\u00fcller lebensecht nachgebildet. Eine enge Freundschaft pflegte er mit Helmut Kraus, der in der Serie den spie\u00dfigen Nachbarn Herrn Paschulke spielte. \u201eEin wunderbarer K\u00fcnstler\u201c, schw\u00e4rmt der Ostfilderner. Kraus steht als lebensgro\u00dfe Figur im Museum. Obwohl die beiden Fernsehstars bereits tot sind, h\u00e4lt der Bildhauer so die Erinnerung an ihre wertvollen p\u00e4dagogischen Filme wach.<\/p>\n<p>Die W\u00fcnsche und Tr\u00e4ume seiner Kunden umzusetzen, das macht J\u00f6rg Steegm\u00fcller Freude. Dabei findet der kommunikative Bildhauer zu seinen Partnern in der Filmbranche einen ebenso guten Draht wie zu den Machern von <a href=\"https:\/\/www.stuttgarter-nachrichten.de\/thema\/Freizeitparks\" title=\"Freizeitparks\" class=\"art_thema\" target=\"_blank\" rel=\"noopener\">Freizeitparks<\/a> oder Geisterbahnen. In seiner Werkstatt baut er einen Dinosaurier aus Styropor, der aus einem Ei schl\u00fcpft. F\u00fcr eine Bowling-Bahn kreierte er einen Piraten, der sich bewegt und der auch sprechen kann. Die Animatronik findet der K\u00fcnstler spannend. Mit seinem technischen Geschick bringt er die Figuren in Bewegung. Da ist viel mechatronisches Wissen gefragt, das sich der Bildhauer und Grafiker mit den Jahren angeeignet hat.<\/p>\n<p>J\u00f6rg Steegm\u00fcllers H\u00e4ndchen f\u00fcrs Detail zeigt sich in den Gesichtern <\/p>\n<p>Sein feines H\u00e4ndchen f\u00fcrs Detail zeigt sich in den Gesichtern. Zornes- und Lachfalten, verkniffene Lippen und weit ge\u00f6ffnete M\u00fcnder spiegeln f\u00fcr ihn Stimmungslagen. Da arbeitet der Bildhauer sehr genau. M\u00f6glichst nah m\u00f6chte er den realen Vorbildern kommen. Mit feinen Werkzeugen ritzt er Emotionen in die Gesichter ein. <\/p>\n<p>Ebenso reizen Steegm\u00fcller und sein Team aber die gro\u00dfen Projekte. F\u00fcr das Foyer des Museumshotel im Europa-Park in Rust hat er die 34 Meter lange Schlange Svalgur aus der Rulantica-Sage nachgebaut. Das Skelett des legend\u00e4ren Meerestieres schl\u00e4ngelt sich \u00fcber sieben Stockwerke. Zw\u00f6lf Mitarbeiter haben an der Figur gearbeitet, die aus 73 Wirbeln besteht. \u201eF\u00fcr die Arbeit an dem Svalgur-Skelett haben wir eigens eine Halle angemietet.\u201c Dabei ist das riesige Unget\u00fcm gar nicht schwer. Die Figur aus Hartschaum und glasfaserverst\u00e4rktem Kunststoff wiegt nicht einmal zwei Tonnen. F\u00fcr die Semper-Oper in Dresden hat er einen riesigen goldenen Engel gebaut.<\/p>\n<p>   <img decoding=\"async\" loading=\"lazy\" src=\"https:\/\/www.europesays.com\/de\/wp-content\/uploads\/2025\/11\/media.media.ab656536-a2d6-4fc7-8eef-8836c5d02009.original1024.media.jpeg\"\/>     Meister Eder alias Gustl Bayrhammer mit dem Bettchen seines Kobolds Pumuckl.    Foto: Markus Br\u00e4ndli    <\/p>\n<p>Die Arbeit mit seinen Auftraggebern sch\u00e4tzt der erfolgreiche Allround-Bildhauer. Dennoch reicht ihm das nicht. \u201eIm Museum lasse ich meiner Fantasie freien Lauf. Da gibt es keine Vorgaben und Zw\u00e4nge\u201c, sagt der 47-J\u00e4hrige. Im ersten Raum hat er die m\u00e4rchenhafte Geschichte von Lisa und Andreas in Szene gesetzt. \u201eDen Text habe ich f\u00fcr meinen Sohn geschrieben. Befreundete Schauspieler haben die Texte f\u00fcr mich eingesprochen.\u201c Die Liste der K\u00fcnstlerinnen und K\u00fcnstler, die dem Puppenbauer freundschaftlich verbunden sind, ist lang. <\/p>\n<p>In dem M\u00e4rchen finden die beiden Kinder Lisa und Andreas Freundschaft und Liebe. Tiere und Menschen agieren in den liebevoll gestalteten Szenen, die jeweils nacheinander erleuchtet werden, freundschaftlich miteinander. Da sitzen Katzen am Tisch und trinken Kaffee. Der Kuchen aus Kunststoff sieht zum Anbei\u00dfen aus. Am Ende ihrer abenteuerlichen Reise finden die Kinder zu ihren Eltern nach Hause. Familie bedeutet f\u00fcr J\u00f6rg Steegm\u00fcller Liebe und Zuversicht.<\/p>\n<p>   <img decoding=\"async\" loading=\"lazy\" src=\"https:\/\/www.europesays.com\/de\/wp-content\/uploads\/2025\/11\/media.media.21881190-5dd4-49d2-8ee1-a5ac99303069.original1024.media.jpeg\"\/>     Die Figuren f\u00fcr den Adventskalender stehen schon bereit.    Foto: Markus Br\u00e4ndli    <\/p>\n<p>Stolz ist der K\u00fcnstler auf ein Projekt, das er zurzeit f\u00fcr die Stadt Luxemburg realisiert. Er baut einen zw\u00f6lf Meter hohen Adventskalender. Ein Schneemann mit Karottennase und Strickschal, Elfen und andere Figuren hat der Ostfilderner schon fertiggestellt. \u201eHinter den T\u00fcrchen werden Figuren sitzen, die weihnachtliche Geschichten in letzeburgisch, franz\u00f6sisch und deutsch erz\u00e4hlen werden.\u201c Die kindgerechte Geschichte von Klausi, dem Teddyb\u00e4r und Leschke, dem Lebkuchenmann, stimmt Jung und Alt auf die Weihnachtszeit ein. <\/p>\n<p> J\u00f6rg Steegm\u00fcllers Fantasiewelten <\/p>\n<p class=\"infobox\"> <strong>Digitale Technik<\/strong><br \/>Bei Steegm\u00fcller Skulpturen in der Senefelder Stra\u00dfe 19 in Ostfildern werden sprachgesteuerte, animatronische Figuren gebaut. J\u00f6rg Steegm\u00fcller und sein Team arbeiten mit modernster Technik. Viele der Puppen sind computergesteuert. Dennoch steht f\u00fcr den Bildhauer und Modelleur und sein Team die Kreativit\u00e4t immer im Fokus. Das Team schreibt auch Dialoge und komponiert Musik. <\/p>\n<p class=\"infobox\"> <strong>Die Puppen tanzen<\/strong><br \/>Die Kunst des Puppenbaus beherrscht J\u00f6rg Steegm\u00fcller meisterhaft. Und da liebt er es auch klassisch. Altmeister Albrecht Roser, der weit \u00fcber seine Heimat Stuttgart hinaus Generationen von Puppenbauern inspiriert hat, ist f\u00fcr ihn ein wichtiges Vorbild. Nach wie vor entstehen in Steegm\u00fcllers Werkstatt auch Klappmaulpuppen und Marionetten. <\/p>\n","protected":false},"excerpt":{"rendered":"In Freizeitparks, Filmen und Geisterbahnen sind J\u00f6rg Steegm\u00fcllers Skulpturen zu sehen. Der Bildhauer und Modelleur aus Ostfildern kreiert&hellip;\n","protected":false},"author":2,"featured_media":580637,"comment_status":"","ping_status":"","sticky":false,"template":"","format":"standard","meta":{"footnotes":""},"categories":[1830],"tags":[1634,3364,29,7759,30,139330,683,8035,139329,139328,1441],"class_list":{"0":"post-580636","1":"post","2":"type-post","3":"status-publish","4":"format-standard","5":"has-post-thumbnail","7":"category-stuttgart","8":"tag-baden-wuerttemberg","9":"tag-de","10":"tag-deutschland","11":"tag-freizeitparks","12":"tag-germany","13":"tag-gesiterbahnen","14":"tag-hollywood","15":"tag-ostfildern","16":"tag-puppenbau","17":"tag-steegmueller-skulpturen","18":"tag-stuttgart"},"share_on_mastodon":{"url":"","error":""},"_links":{"self":[{"href":"https:\/\/www.europesays.com\/de\/wp-json\/wp\/v2\/posts\/580636","targetHints":{"allow":["GET"]}}],"collection":[{"href":"https:\/\/www.europesays.com\/de\/wp-json\/wp\/v2\/posts"}],"about":[{"href":"https:\/\/www.europesays.com\/de\/wp-json\/wp\/v2\/types\/post"}],"author":[{"embeddable":true,"href":"https:\/\/www.europesays.com\/de\/wp-json\/wp\/v2\/users\/2"}],"replies":[{"embeddable":true,"href":"https:\/\/www.europesays.com\/de\/wp-json\/wp\/v2\/comments?post=580636"}],"version-history":[{"count":0,"href":"https:\/\/www.europesays.com\/de\/wp-json\/wp\/v2\/posts\/580636\/revisions"}],"wp:featuredmedia":[{"embeddable":true,"href":"https:\/\/www.europesays.com\/de\/wp-json\/wp\/v2\/media\/580637"}],"wp:attachment":[{"href":"https:\/\/www.europesays.com\/de\/wp-json\/wp\/v2\/media?parent=580636"}],"wp:term":[{"taxonomy":"category","embeddable":true,"href":"https:\/\/www.europesays.com\/de\/wp-json\/wp\/v2\/categories?post=580636"},{"taxonomy":"post_tag","embeddable":true,"href":"https:\/\/www.europesays.com\/de\/wp-json\/wp\/v2\/tags?post=580636"}],"curies":[{"name":"wp","href":"https:\/\/api.w.org\/{rel}","templated":true}]}}