{"id":580660,"date":"2025-11-16T21:20:21","date_gmt":"2025-11-16T21:20:21","guid":{"rendered":"https:\/\/www.europesays.com\/de\/580660\/"},"modified":"2025-11-16T21:20:21","modified_gmt":"2025-11-16T21:20:21","slug":"liebe-terror-und-berliner-mutterwitz","status":"publish","type":"post","link":"https:\/\/www.europesays.com\/de\/580660\/","title":{"rendered":"Liebe, Terror und Berliner Mutterwitz"},"content":{"rendered":"<p class=\"tspCAnc tspCAnd\">Ein t\u00f6dlicher Anschlag ersch\u00fcttert Berlin. Schnell scheint festzustehen, dass ein Islamist dahintersteckt. Doch der beste Freund des vermeintlichen T\u00e4ters hat gute Gr\u00fcnde, an dieser Darstellung zu zweifeln. Gemeinsam mit einer Gef\u00e4hrtin macht er sich auf die Suche nach den wahren Drahtziehern des Attentats. Die Spur f\u00fchrt unter anderem nach Paris, wo ihm eine Killertruppe dicht auf den Fersen ist.<\/p>\n<p class=\"tspCAnc\">\u201eEmma und Amir\u201c, die neue Graphic Novel der gefeierten Berliner Comiczeichnerin <a href=\"https:\/\/www.tagesspiegel.de\/kultur\/comics\/gezeichnete-familiengeschichte-4286839.html?icid=in-text-link_14845388\" class=\"link link--internal\" data-gtm-class=\"article-text-link\" data-gtm-val=\"internal\" target=\"_blank\" rel=\"noopener\">Bianca Schaalburg,<\/a> ist eine turbulente Mischung unterschiedlicher Genres und Stilformen. Virtuos kombiniert die 1968 in Berlin geborene Autorin Krimi- und Agententhriller-Elemente, Screwball-Comedy-Einlagen, politisches Drama, Romanze, tagespolitische Kommentare, Medienkritik und Bez\u00fcge zur Zeitgeschichte. <\/p>\n<p> Liebeserkl\u00e4rung an Berlin und Paris <\/p>\n<p class=\"tspCAnc\">Zudem ist \u201eEmma und Amir\u201c eine kunstvoll gezeichnete Liebeserkl\u00e4rung an Berlin und Paris, den zweiten Schauplatz der Geschichte. Dort hat Schaalburg mithilfe eines Comic-Stipendiums des Berliner Senats im vergangenen Jahr ausf\u00fchrlich f\u00fcr ihr Buch recherchiert. Dessen Erarbeitung wurde zudem finanziell auch von der Berthold-Leibinger-Stiftung und der Kulturf\u00f6rderung\u00a0der\u00a0VG Bild-Kunst\u00a0unterst\u00fctzt. <\/p>\n<p><img decoding=\"async\" src=\"https:\/\/www.europesays.com\/de\/wp-content\/uploads\/2025\/11\/emma-amir-3.jpeg\" alt=\"\" aria-labelledby=\"caption-14845691\" width=\"620\" height=\"397\" loading=\"lazy\" class=\"tspAZiq\"\/> Eine in Paris spielende Szene auf einer Doppelseite aus dem besprochenen Buch <\/p>\n<p class=\"tspAFf9\"> \u00a9 Bianca Schaalburg\/Jacoby &amp; Stuart <\/p>\n<p class=\"tspCAnc\">Seit gut 25 Jahren unterh\u00e4lt Berlin f\u00fcr seine K\u00fcnstlerinnen und K\u00fcnstler eine Atelierwohnung in Paris. Seit einigen Jahren <a href=\"https:\/\/www.tagesspiegel.de\/kultur\/comics\/im-bauch-von-paris-4628347.html?icid=in-text-link_14845388\" class=\"link link--internal\" data-gtm-class=\"article-text-link\" data-gtm-val=\"internal\" target=\"_blank\" rel=\"noopener\">steht sie auch Comicschaffenden offen<\/a>, Schaalburg hatte ein f\u00fcnfmonatiges Aufenthaltsstipendium f\u00fcr 2024\/25 von der Senatskulturverwaltung erhalten.\u00a0<\/p>\n<p>Die sehr anschaulich illustrierten Kulissen in \u201eEmma und Amir\u201c \u2013 darunter zahlreiche historische Schwimmb\u00e4der, Programmkinos, Hotels, Friedh\u00f6fe, Botanische G\u00e4rten und immer wieder lebendige Stra\u00dfenszenen voller uriger Typen \u2013 laden zu einem gezeichneten Stadtrundgang durch die beiden Metropolen ein. Die wichtigsten Schaupl\u00e4tze \u2013 in Berlin sind die vor allem Neuk\u00f6lln und Kreuzberg \u2013 lassen sich auch auf zwei individuell gestalteten Stadtpl\u00e4nen auf den inneren Umschlagseiten des Buches zuordnen. <\/p>\n<p class=\"tspCAnc\">F\u00fcr ihr 2021 ver\u00f6ffentlichtes (auto-) biografisches Familiendrama <a href=\"https:\/\/www.tagesspiegel.de\/kultur\/comics\/gezeichnete-familiengeschichte-4286839.html?icid=in-text-link_14845388\" class=\"link link--internal\" data-gtm-class=\"article-text-link\" data-gtm-val=\"internal\" target=\"_blank\" rel=\"noopener\">\u201eDer Duft der Kiefern\u201c<\/a>, in dem sie die NS-Zeit und Berliner Nachkriegsgeschichte am Beispiel der eigenen Verwandtschaft kritisch aufarbeitete, wurde Bianca Schaalburg 2022 mit dem Deutschen Jugendliteraturpreis ausgezeichnet. Jetzt hat sie sich f\u00fcr eine v\u00f6llig andere Art der Bilderz\u00e4hlung entschieden, wie man sie in dieser Mischung unterschiedlicher Gattungen und Stile im deutschen Comic bislang selten gesehen hat.<\/p>\n<p> Ein terroristischer Anschlag in Neuk\u00f6lln  <\/p>\n<p class=\"tspCAnc\">Die beiden Hauptfiguren, die am Anfang in elegant miteinander verkn\u00fcpften, sich gegenseitig erg\u00e4nzenden Bildfolgen eingef\u00fchrt werden, sind der aus Dortmund stammende und in Berlin lebende Grafiker Amir und die Berlinerin Emma, die sich zu Beginn als freiberufliche Reiseleiterin vorstellt. <\/p>\n<p><img decoding=\"async\" src=\"https:\/\/www.europesays.com\/de\/wp-content\/uploads\/2025\/11\/emma-amir-1.jpeg\" alt=\"\" aria-labelledby=\"caption-14845685\" width=\"620\" height=\"447\" loading=\"lazy\" class=\"tspAZiq\"\/> Im Visier der Polizei: Eine Szene vor den Neuk\u00f6lln-Arcaden in der Karl- Marx-Stra\u00dfe. <\/p>\n<p class=\"tspAFf9\"> \u00a9 Bianca Schaalburg\/Jacoby &amp; Stuart <\/p>\n<p class=\"tspCAnc\">Als ein mit Sprengstoff beladenes Auto in die Neuk\u00f6lln-Arcaden in der Karl-Marx-Stra\u00dfe rast, nimmt die Story Fahrt auf. Amirs bester Freund Yusuf, ein investigativer Journalist, stirbt bei dem Anschlag, wird als vermeintlicher T\u00e4ter identifiziert und in den Medien als islamistischer Terrorist dargestellt. <\/p>\n<p class=\"tspCAnc\">Amir ger\u00e4t als Verd\u00e4chtiger ebenfalls ins Visier der Polizei. Er taucht unter und versucht verzweifelt, seine Unschuld und die seines Freundes zu beweisen, der zuletzt in Paris gelebt hatte. <\/p>\n<p> Islamistische Gewalt \u2013 oder rechtsextreme Verschw\u00f6rung? <\/p>\n<p class=\"tspCAnc\">Dabei kommt er einer rechtsextremen Verschw\u00f6rung auf die Spur, die angesichts der realen Umsturzpl\u00e4ne von Reichsb\u00fcrgern und \u00e4hnlichen Gruppen nicht allzu weit hergeholt erscheint. Die Schicksale von Emma und Amir, die sich zu Beginn der Story offenbar nicht kannten, sind pl\u00f6tzlich eng miteinander verkn\u00fcpft. <\/p>\n<p class=\"tspCAnc\">Wie es dazu kommt und was die Hintergr\u00fcnde sind, wirkt anfangs r\u00e4tselhaft und nicht in jedem Detail auf den ersten Blick nachvollziehbar. Erst nach und nach erf\u00e4hrt man beim Lesen, dass die beiden mehr verbindet, als man vermuten konnte. Einige dramatische Plot-Wendungen zu Beginn wirken zudem nur bedingt glaubhaft, wie zum Beispiel eine verungl\u00fcckte Geiselnahme, die romantisch endet und am Anfang der Beziehung der beiden steht. <\/p>\n<p>  Ein Faible f\u00fcr Screwball-Kom\u00f6dien <\/p>\n<p class=\"tspCAnc\">Doch dann wird klar, dass \u201eEmma und Amir\u201c neben allem Ernst, der den Plot pr\u00e4gt, auch eine am\u00fcsante Kom\u00f6die ist, in der man nicht jede Szene, die die zunehmend rasante Handlung vorantreibt, unter dem Aspekt der Authentizit\u00e4t betrachten sollte. <\/p>\n<p><img decoding=\"async\" src=\"https:\/\/www.europesays.com\/de\/wp-content\/uploads\/2025\/11\/emma-amir-2.jpeg\" alt=\"\" aria-labelledby=\"caption-14845712\" width=\"620\" height=\"861\" loading=\"lazy\" class=\"tspAZiq\"\/> Hetzjagd durch Berlin: Eine weitere Seite aus dem besprochenen Buch <\/p>\n<p class=\"tspAFf9\"> \u00a9 Bianca Schaalburg\/Jacoby &amp; Stuart <\/p>\n<p class=\"tspCAnc\">Zwar bem\u00fcht sich Schaalburg bei der Haupthandlung um gro\u00dfe Realit\u00e4tsn\u00e4he und baut immer wieder aktuelle Zeitbez\u00fcge ein. In anderen Szenen aber l\u00e4sst sie ihrem offensichtlichen Faible f\u00fcr Screwball-Kom\u00f6dien und f\u00fcr \u00fcberraschende Wendungen freien Lauf. <\/p>\n<p class=\"tspCAnc\">Die Dialoge der beiden Hauptfiguren, die auf ihrer gemeinsamen Suche nach der Wahrheit von einer abenteuerlichen Situation in die n\u00e4chste stolpern, sind salopp und witzig. Der Mutterwitz der burschikos auftretenden Emma und die eher zur\u00fcckhaltende Art des etwas linkischen Amir erg\u00e4nzen einander gut.<\/p>\n<p> Eine meisterhafte Illustratorin <\/p>\n<p class=\"tspCAnc\">Schaalburgs semirealistischer Stil passt perfekt zu ihrer Geschichte. Die K\u00fcnstlerin, die an der UdK Berlin studiert hat und seit vielen Jahren als Illustratorin f\u00fcr unterschiedliche Auftraggeber arbeitet, ist eine meisterhafte Zeichnerin. <\/p>\n<p> Die Graphic Novel <img decoding=\"async\" src=\"https:\/\/www.europesays.com\/de\/wp-content\/uploads\/2025\/11\/cover-emma-und-amir-cover-3d-300-cmyk-scaled.jpeg\"   alt=\"\" width=\"440\" height=\"330\" loading=\"lazy\" class=\"tspAZiq\"\/><\/p>\n<p class=\"tspAFf9\"> \u00a9 Jacoby &amp; Stuart <\/p>\n<p class=\"tspCAnc\"><strong>Bianca Schaalburg: \u201eEmma und Amir \u2013 Im Schatten des Terrors\u201c,<\/strong> Jacoby &amp; Stuart, <br \/>160 Seiten, 26 Euro. <\/p>\n<p class=\"tspCAnc\">Offizielle <strong>Buchpremiere <\/strong>am Sonntag, dem 23. November, ab 11 Uhr im <a href=\"https:\/\/www.jacobystuart.de\/comicpremiere-emma-und-amir-im-delphi-lux\/\" target=\"_blank\" rel=\"noopener\" class=\"link link--external\" data-gtm-class=\"article-text-link\" data-gtm-val=\"external\" aria-describedby=\"message-target-blank\">Berliner Kino Delphi Lux am Bahnhof Zoo. <\/a><\/p>\n<p class=\"tspCAnc\">Sie beherrscht die leicht karikierende, gelegentlich an <a href=\"https:\/\/www.tagesspiegel.de\/kultur\/comics\/chronist-der-linken-und-alternativen-szene-munchner-museum-ehrt-gerhard-seyfried-mit-werkschau-9740456.html?icid=in-text-link_14845388\" class=\"link link--internal\" data-gtm-class=\"article-text-link\" data-gtm-val=\"internal\" target=\"_blank\" rel=\"noopener\">Gerhard Seyfrieds Berlin-Comics<\/a> erinnernde Figurenzeichnung ebenso wie die naturalistische Darstellung der Kulissen der Handlung. Dazu kommen immer wieder abstrakte Formenspiele und Bildmetaphern, mit denen sie Schl\u00fcsselmomente kunstvoll visualisiert.<\/p>\n<p class=\"tspCAnc\">Mit abwechslungsreichen Layouts und Panel-Strukturen vermittelt sie auch grafisch eine gro\u00dfe Dynamik, die der komplexen Handlung die richtige Form gibt. Dazu passt die kreative Kolorierung, die gelegentlich fast surrealistisch wirkt und die wechselnden Stimmungen der Story gut akzentuiert. \u00a0\u00a0\u00a0<\/p>\n<p> Von Filmklassikern inspiriert <\/p>\n<p class=\"tspCAnc\">An vielen Stellen hat Schaalburg auch Bez\u00fcge zu filmischen Vorbildern eingebaut. Die Hauptfiguren von \u201eEmma und Amir\u201c teilen offensichtlich mit der Autorin eine cineastische Leidenschaft. Dazu z\u00e4hlen die 60er-Jahre-Agententhriller-Serie \u201eMit Schirm, Charme und Melone\u201c mit der toughen, der Comic-Emma nicht un\u00e4hnlichen Emma Peel als Hauptfigur, sowie die Hollywood-Krimikom\u00f6die \u201eCharade\u201c von 1963 mit Cary Grant und Audrey Hepburn. Die spielt ebenfalls in Paris und zeichnet sich durch eine \u00e4hnlich vielseitige Genre-Mischung aus wie Schaalburgs Buch. <\/p>\n<p> Mehr zu aktuellen Comics aus Berlin: <a href=\"https:\/\/www.tagesspiegel.de\/kultur\/jens-harders-bilderzahlung-gamma-hiobsbotschaften-aus-der-zukunft-14286338.html?icid=topic-list_14845388___\" data-gtm-class=\"article-mzt-link\" class=\"tspCYpn\" target=\"_blank\" rel=\"noopener\">Jens Harders Bilderz\u00e4hlung \u201eGamma\u201c Hiobsbotschaften aus der Zukunft <\/a><a href=\"https:\/\/www.tagesspiegel.de\/kultur\/comics\/der-dokumentarfilm-unter-den-graphic-novels-wird-diese-woche-ein-comic-als-sachbuch-des-jahres-gekurt-13847755.html?icid=topic-list_14845388___\" data-gtm-class=\"article-mzt-link\" class=\"tspCYpn\" target=\"_blank\" rel=\"noopener\">\u201eVirtuose Verbindung von Bild und Wort\u201c\u00a0 Comiczeichnerin Ulli Lust gewinnt Deutschen Sachbuchpreis <\/a><a href=\"https:\/\/www.tagesspiegel.de\/kultur\/comics\/berlin-science-fiction-krimi-metropolia-die-rache-der-kunstlichen-intelligenz-13685845.html?icid=topic-list_14845388___\" data-gtm-class=\"article-mzt-link\" class=\"tspCYpn\" target=\"_blank\" rel=\"noopener\">Berlin-Science-Fiction-Krimi \u201eMetropolia\u201c Die Rache der K\u00fcnstlichen Intelligenz <\/a><\/p>\n<p class=\"tspCAnc\">In einer Szene gegen Ende des Buches sehen sich Emma und Amir \u201eCharade\u201c im Delphi-Kino in Charlottenburg an und tauschen sich hinterher dar\u00fcber aus: \u201eDie Story war ja ganz sch\u00f6n an den Haaren herbeigezogen.\u201c \u2013 \u201eHauptsache: Paris! Und das Gute hat gewonnen. Ein Happy End.\u201c \u2013 \u201eIch fand\u2019s sehr lustig.\u201c \u2013 \u201eJa, ich auch.\u201c Einsch\u00e4tzungen, die sich auch auf Bianca Schaalburgs Graphic Novel \u00fcbertragen lassen.<\/p>\n<p class=\"tspCAnc\">Die offizielle Buchpremiere von \u201eEmma und Amir findet passenderweise ebenfalls in einem Kinosaal statt: <a href=\"https:\/\/www.jacobystuart.de\/comicpremiere-emma-und-amir-im-delphi-lux\/\" target=\"_blank\" rel=\"noopener\" class=\"link link--external\" data-gtm-class=\"article-text-link\" data-gtm-val=\"external\" aria-describedby=\"message-target-blank\">Am Sonntag, dem 23. November im Delphi Lux am Bahnhof Zoo. <\/a>Dort liest Bianca Schaalburg ab 11 Uhr aus \u201eEmma und Amir\u201c, danach gibt es ein von der Autorin Judith Poznan moderiertes Podiumsgespr\u00e4ch und eine Signierstunde.<\/p>\n","protected":false},"excerpt":{"rendered":"Ein t\u00f6dlicher Anschlag ersch\u00fcttert Berlin. Schnell scheint festzustehen, dass ein Islamist dahintersteckt. Doch der beste Freund des vermeintlichen&hellip;\n","protected":false},"author":2,"featured_media":580661,"comment_status":"","ping_status":"","sticky":false,"template":"","format":"standard","meta":{"footnotes":""},"categories":[1825],"tags":[296,2068,139336,2395,29,527,30,25661,95,27668,526,139337,6500],"class_list":{"0":"post-580660","1":"post","2":"type-post","3":"status-publish","4":"format-standard","5":"has-post-thumbnail","7":"category-berlin","8":"tag-berlin","9":"tag-berliner-senat","10":"tag-bianca-schaalburg","11":"tag-comics","12":"tag-deutschland","13":"tag-friedrichshain-kreuzberg","14":"tag-germany","15":"tag-hermannplatz","16":"tag-kino","17":"tag-kunst-in-berlin","18":"tag-neukoelln","19":"tag-udk-berlin","20":"tag-zoo"},"share_on_mastodon":{"url":"https:\/\/pubeurope.com\/@de\/115561473889922043","error":""},"_links":{"self":[{"href":"https:\/\/www.europesays.com\/de\/wp-json\/wp\/v2\/posts\/580660","targetHints":{"allow":["GET"]}}],"collection":[{"href":"https:\/\/www.europesays.com\/de\/wp-json\/wp\/v2\/posts"}],"about":[{"href":"https:\/\/www.europesays.com\/de\/wp-json\/wp\/v2\/types\/post"}],"author":[{"embeddable":true,"href":"https:\/\/www.europesays.com\/de\/wp-json\/wp\/v2\/users\/2"}],"replies":[{"embeddable":true,"href":"https:\/\/www.europesays.com\/de\/wp-json\/wp\/v2\/comments?post=580660"}],"version-history":[{"count":0,"href":"https:\/\/www.europesays.com\/de\/wp-json\/wp\/v2\/posts\/580660\/revisions"}],"wp:featuredmedia":[{"embeddable":true,"href":"https:\/\/www.europesays.com\/de\/wp-json\/wp\/v2\/media\/580661"}],"wp:attachment":[{"href":"https:\/\/www.europesays.com\/de\/wp-json\/wp\/v2\/media?parent=580660"}],"wp:term":[{"taxonomy":"category","embeddable":true,"href":"https:\/\/www.europesays.com\/de\/wp-json\/wp\/v2\/categories?post=580660"},{"taxonomy":"post_tag","embeddable":true,"href":"https:\/\/www.europesays.com\/de\/wp-json\/wp\/v2\/tags?post=580660"}],"curies":[{"name":"wp","href":"https:\/\/api.w.org\/{rel}","templated":true}]}}