{"id":580687,"date":"2025-11-16T21:35:16","date_gmt":"2025-11-16T21:35:16","guid":{"rendered":"https:\/\/www.europesays.com\/de\/580687\/"},"modified":"2025-11-16T21:35:16","modified_gmt":"2025-11-16T21:35:16","slug":"spd-weist-soeders-forderung-nach-mini-meilern-zurueck","status":"publish","type":"post","link":"https:\/\/www.europesays.com\/de\/580687\/","title":{"rendered":"SPD weist S\u00f6ders Forderung nach &#8222;Mini-Meilern&#8220; zur\u00fcck"},"content":{"rendered":"<p>            <img loading=\"lazy\" decoding=\"async\" class=\"ts-image\" src=\"https:\/\/www.europesays.com\/de\/wp-content\/uploads\/2025\/11\/soeder-862.jpg\" alt=\"CSU-Chef Markus S\u00f6der (Archivbild).\" title=\"CSU-Chef Markus S\u00f6der (Archivbild). | dpa\"\/><\/p>\n<p class=\"metatextline\">Stand: 16.11.2025 18:09 Uhr<\/p>\n<p class=\"textabsatz columns twelve  m-ten  m-offset-one l-eight l-offset-two\">\n        <strong>Die SPD hat den Vorsto\u00df von CSU-Chef S\u00f6der nach kleineren Atomreaktoren zur\u00fcckgewiesen: Diese seien teuer, unsicher und verursachten mehr Atomm\u00fcll. Kritik gab es auch an falschen Aussagen zu &#8222;Mini-Meilern&#8220; in Kanada.<\/strong>\n    <\/p>\n<p class=\"textabsatz m-ten m-offset-one l-eight l-offset-two columns twelve\">Die SPD im Bundestag lehnt die Forderung von Bayerns Ministerpr\u00e4sident Markus S\u00f6der, in Deutschland kleinere Atomreaktoren f\u00fcr kosteng\u00fcnstige Energiegewinnung einzuf\u00fchren, kategorisch ab. Nina Scheer, energiepolitische Sprecherin der SPD-Bundestagsfraktion, sagte der Zeitung Welt, &#8222;Atomenergie-Gewinnung ist die teuerste Form der Energiegewinnung&#8220;.<\/p>\n<p class=\"textabsatz m-ten m-offset-one l-eight l-offset-two columns twelve\">Die sogenannten small modular reactors (SMR) seien wie auch herk\u00f6mmliche Atomkraftwerke ein enormes Sicherheitsrisiko und verursachten noch mehr Atomm\u00fcll als gr\u00f6\u00dfere Atomreaktoren. Scheer sagte, es w\u00e4re &#8222;verantwortungslos, diese Fakten zu ignorieren und entsprechende Lasten der Allgemeinheit aufzub\u00fcrden, angefangen bei der Versicherbarkeit&#8220;.<\/p>\n<p class=\"textabsatz m-ten m-offset-one l-eight l-offset-two columns twelve\">Erneuerbare Energien in der Kombination mit Speichern seien ein Vielfaches g\u00fcnstiger und versorgten schneller mit sauberer, sicherer und heimisch verf\u00fcgbarer Energie, so die SPD-Politikerin.<\/p>\n<p>    Falscher Verweis auf Kanada<\/p>\n<p class=\"textabsatz m-ten m-offset-one l-eight l-offset-two columns twelve\">S\u00f6der hatte zuvor den Bau <a href=\"https:\/\/www.tagesschau.de\/inland\/soeder-forderung-mini-akw-100.html\" title=\"S\u00f6der fordert Bau von Mini-Atomkraftwerken\" target=\"_blank\" rel=\"noopener\">neuer, kleiner Kernkraftwerke gefordert<\/a> &#8211; sogenannter Mini-Meiler. In einem Interview mit der Welt am Sonntag erkl\u00e4rte er, diese &#8222;kleinen, smarten Reaktoren&#8220; w\u00fcrden weniger Subventionen ben\u00f6tigen, als dies fr\u00fcher der Fall gewesen sei. S\u00f6der behauptete dabei auch, dass es in Kanada bereits &#8222;Mini-Meiler&#8220; gebe.<\/p>\n<p class=\"textabsatz m-ten m-offset-one l-eight l-offset-two columns twelve\">Scheer wies diese Behauptung zur\u00fcck. Es gebe in Kanada &#8222;gerade einmal eine bis 2035 w\u00e4hrende Baugenehmigung, aber keine Nutzung von Mini-Atomkraftwerken&#8220;.<\/p>\n<p class=\"textabsatz m-ten m-offset-one l-eight l-offset-two columns twelve\">Tats\u00e4chlich gibt es nach Angaben der kanadischen Regierung solche Reaktoren in Kanada noch nicht. Bisher laufen lediglich vorbereitende Arbeiten in der Region Ontario &#8211; mit dem Ziel, bis etwa 2030 den ersten Reaktor an den Start zu bringen.<\/p>\n","protected":false},"excerpt":{"rendered":"Stand: 16.11.2025 18:09 Uhr Die SPD hat den Vorsto\u00df von CSU-Chef S\u00f6der nach kleineren Atomreaktoren zur\u00fcckgewiesen: Diese seien&hellip;\n","protected":false},"author":2,"featured_media":580688,"comment_status":"","ping_status":"","sticky":false,"template":"","format":"standard","meta":{"footnotes":""},"categories":[2],"tags":[5032,29,30,13,14,15,12,13212,184,10,8,9,11],"class_list":{"0":"post-580687","1":"post","2":"type-post","3":"status-publish","4":"format-standard","5":"has-post-thumbnail","7":"category-deutschland","8":"tag-atomkraft","9":"tag-deutschland","10":"tag-germany","11":"tag-headlines","12":"tag-nachrichten","13":"tag-news","14":"tag-schlagzeilen","15":"tag-soeder","16":"tag-spd","17":"tag-top-news","18":"tag-top-meldungen","19":"tag-topmeldungen","20":"tag-topnews"},"share_on_mastodon":{"url":"https:\/\/pubeurope.com\/@de\/115561531526623447","error":""},"_links":{"self":[{"href":"https:\/\/www.europesays.com\/de\/wp-json\/wp\/v2\/posts\/580687","targetHints":{"allow":["GET"]}}],"collection":[{"href":"https:\/\/www.europesays.com\/de\/wp-json\/wp\/v2\/posts"}],"about":[{"href":"https:\/\/www.europesays.com\/de\/wp-json\/wp\/v2\/types\/post"}],"author":[{"embeddable":true,"href":"https:\/\/www.europesays.com\/de\/wp-json\/wp\/v2\/users\/2"}],"replies":[{"embeddable":true,"href":"https:\/\/www.europesays.com\/de\/wp-json\/wp\/v2\/comments?post=580687"}],"version-history":[{"count":0,"href":"https:\/\/www.europesays.com\/de\/wp-json\/wp\/v2\/posts\/580687\/revisions"}],"wp:featuredmedia":[{"embeddable":true,"href":"https:\/\/www.europesays.com\/de\/wp-json\/wp\/v2\/media\/580688"}],"wp:attachment":[{"href":"https:\/\/www.europesays.com\/de\/wp-json\/wp\/v2\/media?parent=580687"}],"wp:term":[{"taxonomy":"category","embeddable":true,"href":"https:\/\/www.europesays.com\/de\/wp-json\/wp\/v2\/categories?post=580687"},{"taxonomy":"post_tag","embeddable":true,"href":"https:\/\/www.europesays.com\/de\/wp-json\/wp\/v2\/tags?post=580687"}],"curies":[{"name":"wp","href":"https:\/\/api.w.org\/{rel}","templated":true}]}}