{"id":580954,"date":"2025-11-17T00:37:13","date_gmt":"2025-11-17T00:37:13","guid":{"rendered":"https:\/\/www.europesays.com\/de\/580954\/"},"modified":"2025-11-17T00:37:13","modified_gmt":"2025-11-17T00:37:13","slug":"littler-ganz-oben-humphries-besiegt-und-als-nummer-1-abgeloest","status":"publish","type":"post","link":"https:\/\/www.europesays.com\/de\/580954\/","title":{"rendered":"Littler ganz oben: Humphries besiegt und als Nummer 1 abgel\u00f6st"},"content":{"rendered":"\n<p>Darts-Weltmeister Luke Littler hat an einem denkw\u00fcrdigen Finaltag seinen Titel beim Grand Slam of Darts erfolgreich verteidigt.<\/p>\n<p>Im Endspiel siegte der 18-J\u00e4hrige nach einem starken Schlussspurt mit 16:11 gegen seinen Landsmann Luke Humphries, den er nun an der Spitze der Weltrangliste abl\u00f6sen wird.<\/p>\n<p>Bereits durch den Finaleinzug hatte der j\u00fcngere Luke den \u00e4lteren als Nummer eins der Welt verdr\u00e4ngt. Anschlie\u00dfend legte Littler nach und sicherte sich den Titel zum zweiten Mal in Folge. F\u00fcr Littler ist es der insgesamt achte Majortitel seiner Karriere, er zog mit Humphries gleich, der 2023 beim Grand Slam, dem drittwichtigsten Turnier des Jahres, gewonnen hatte.<\/p>\n<p>&#8222;Es war ein komisches Spiel f\u00fcr mich. Aber es war immer klar, dass es ein enges Spiel wird. Ich lag eigentlich lange Zeit nur in R\u00fcckstand. Der Gamechanger war das 20. Leg&#8220;, sagte Littler nach dem Match. &#8222;Cool Hand Luke&#8220;, wie Humphries genannt wird, lie\u00df sich von der Wachabl\u00f6sung durch Littler zun\u00e4chst nicht beirren und lieferte ein enges Duell.<\/p>\n<p>&#8222;Ich bin der Beste der Welt&#8220;<\/p>\n<p>Beim Stand von 11:9 schaffte es dann der Weltmeister, sich erstmals mit zwei Legs abzusetzen, er checkte dabei die 160 Punkte, nachdem Humphries mehrere Darts auf die Doppel ungenutzt lie\u00df. Anschlie\u00dfend war Littler nicht mehr aufzuhalten.<\/p>\n<p>&#8222;Ich bin der Beste der Welt&#8220;, hatte &#8222;The Nuke&#8220; wenige Stunden zuvor nach seinem 16:9-Erfolg im Halbfinale \u00fcber den Niederl\u00e4nder Danny Noppert gesagt. Humphries hatte das Endspiel nach einem 16:13 gegen den Waliser Gerwyn Price erreicht. Der 30-J\u00e4hrige zeigte sich nach der Niederlage bereits wieder angriffslustig. &#8222;Ich werde die WM gewinnen&#8220;, sagte er.<\/p>\n<p>Humphries hatte Ranglistenplatz eins seit seinem WM-Titel im Januar 2024 inne. Damit steht auch fest, dass Littler als Topgesetzter in die WM in London (11. Dezember bis 3. Januar) gehen wird. Die beiden Engl\u00e4nder k\u00f6nnen sich bei dem auf 128 Spieler vergr\u00f6\u00dferten Turnier erst im Finale begegnen.<\/p>\n<p>Titel bei WM und World Matchplay<\/p>\n<p>Littler hat einen bemerkenswerten Siegeszug hinter sich und hat bereits jeweils einen Titel bei der WM, der Premier League und dem World Matchplay. In das Turnier im Alexandra Palace wird &#8222;The Nuke&#8220; (Die Atombombe), wie Littler genannt wird, als Favorit starten.\u00a0<\/p>\n<p>Aus deutscher Sicht sind Martin Schindler, Ricardo Pietreczko, Niko Springer sowie der fr\u00fchere WM-Halbfinalist Gabriel Clemens die Hoffnungstr\u00e4ger f\u00fcr London. Clemens war bislang der einzige deutsche Profi, der bei der WM den Sprung in die Runde der letzten Vier geschafft hat. Schindler brachte es in diesem Jahr als erster Deutscher in die Top 16 der Weltrangliste.<\/p>\n","protected":false},"excerpt":{"rendered":"Darts-Weltmeister Luke Littler hat an einem denkw\u00fcrdigen Finaltag seinen Titel beim Grand Slam of Darts erfolgreich verteidigt. Im&hellip;\n","protected":false},"author":2,"featured_media":580955,"comment_status":"","ping_status":"","sticky":false,"template":"","format":"standard","meta":{"footnotes":""},"categories":[136],"tags":[3867,29,30,7354,265,863],"class_list":{"0":"post-580954","1":"post","2":"type-post","3":"status-publish","4":"format-standard","5":"has-post-thumbnail","7":"category-sport","8":"tag-darts","9":"tag-deutschland","10":"tag-germany","11":"tag-luke-littler","12":"tag-sport","13":"tag-sport-allgemein"},"share_on_mastodon":{"url":"https:\/\/pubeurope.com\/@de\/115562246630596694","error":""},"_links":{"self":[{"href":"https:\/\/www.europesays.com\/de\/wp-json\/wp\/v2\/posts\/580954","targetHints":{"allow":["GET"]}}],"collection":[{"href":"https:\/\/www.europesays.com\/de\/wp-json\/wp\/v2\/posts"}],"about":[{"href":"https:\/\/www.europesays.com\/de\/wp-json\/wp\/v2\/types\/post"}],"author":[{"embeddable":true,"href":"https:\/\/www.europesays.com\/de\/wp-json\/wp\/v2\/users\/2"}],"replies":[{"embeddable":true,"href":"https:\/\/www.europesays.com\/de\/wp-json\/wp\/v2\/comments?post=580954"}],"version-history":[{"count":0,"href":"https:\/\/www.europesays.com\/de\/wp-json\/wp\/v2\/posts\/580954\/revisions"}],"wp:featuredmedia":[{"embeddable":true,"href":"https:\/\/www.europesays.com\/de\/wp-json\/wp\/v2\/media\/580955"}],"wp:attachment":[{"href":"https:\/\/www.europesays.com\/de\/wp-json\/wp\/v2\/media?parent=580954"}],"wp:term":[{"taxonomy":"category","embeddable":true,"href":"https:\/\/www.europesays.com\/de\/wp-json\/wp\/v2\/categories?post=580954"},{"taxonomy":"post_tag","embeddable":true,"href":"https:\/\/www.europesays.com\/de\/wp-json\/wp\/v2\/tags?post=580954"}],"curies":[{"name":"wp","href":"https:\/\/api.w.org\/{rel}","templated":true}]}}