{"id":580999,"date":"2025-11-17T01:02:19","date_gmt":"2025-11-17T01:02:19","guid":{"rendered":"https:\/\/www.europesays.com\/de\/580999\/"},"modified":"2025-11-17T01:02:19","modified_gmt":"2025-11-17T01:02:19","slug":"ozan-tatli-hat-im-umkaempften-topspiel-zwischen-linde-und-sonnborn-das-letzte-wort","status":"publish","type":"post","link":"https:\/\/www.europesays.com\/de\/580999\/","title":{"rendered":"Ozan Tatli hat im umk\u00e4mpften Topspiel zwischen Linde und Sonnborn das letzte Wort"},"content":{"rendered":"<p class=\"text_ohne_einzug richtext text-em-55 !leading-serif mx-6 desktop:mx-0\"><strong class=\"font-bold dark:text-white-solid\">SV J\u00e4gerhaus-Linde &#8211; SC Sonnborn 3:3 (2:2).<\/strong> Nieselregen, Nebel und acht Grad: Das Topspiel der Kreisliga A am Sonntagnachmittag h\u00e4tte definitiv besseres Wetter verdient gehabt, wobei die genannten Bedingungen f\u00fcr Mitte November wohl einfach Normalit\u00e4t sind. Linde und Sonnborn boten dennoch ein abwechslungsreiches Spitzenspiel, an dessen Ende man in kaum zufriedene Gesichter blicken konnte.<\/p>\n","protected":false},"excerpt":{"rendered":"SV J\u00e4gerhaus-Linde &#8211; SC Sonnborn 3:3 (2:2). Nieselregen, Nebel und acht Grad: Das Topspiel der Kreisliga A am&hellip;\n","protected":false},"author":2,"featured_media":581000,"comment_status":"","ping_status":"","sticky":false,"template":"","format":"standard","meta":{"footnotes":""},"categories":[1840],"tags":[29091,3956,44526,3364,29,30,139435,9428,20567,3480,1209,18772,139434,17606,9440,4418],"class_list":{"0":"post-580999","1":"post","2":"type-post","3":"status-publish","4":"format-standard","5":"has-post-thumbnail","7":"category-wuppertal","8":"tag-29091","9":"tag-bedingungen","10":"tag-burschen","11":"tag-de","12":"tag-deutschland","13":"tag-germany","14":"tag-hochverdient","15":"tag-kreisliga","16":"tag-linde-wuppertal","17":"tag-minuten","18":"tag-nordrhein-westfalen","19":"tag-partie","20":"tag-scs","21":"tag-sonnborn","22":"tag-verdient","23":"tag-wuppertal"},"share_on_mastodon":{"url":"https:\/\/pubeurope.com\/@de\/115562345117397212","error":""},"_links":{"self":[{"href":"https:\/\/www.europesays.com\/de\/wp-json\/wp\/v2\/posts\/580999","targetHints":{"allow":["GET"]}}],"collection":[{"href":"https:\/\/www.europesays.com\/de\/wp-json\/wp\/v2\/posts"}],"about":[{"href":"https:\/\/www.europesays.com\/de\/wp-json\/wp\/v2\/types\/post"}],"author":[{"embeddable":true,"href":"https:\/\/www.europesays.com\/de\/wp-json\/wp\/v2\/users\/2"}],"replies":[{"embeddable":true,"href":"https:\/\/www.europesays.com\/de\/wp-json\/wp\/v2\/comments?post=580999"}],"version-history":[{"count":0,"href":"https:\/\/www.europesays.com\/de\/wp-json\/wp\/v2\/posts\/580999\/revisions"}],"wp:featuredmedia":[{"embeddable":true,"href":"https:\/\/www.europesays.com\/de\/wp-json\/wp\/v2\/media\/581000"}],"wp:attachment":[{"href":"https:\/\/www.europesays.com\/de\/wp-json\/wp\/v2\/media?parent=580999"}],"wp:term":[{"taxonomy":"category","embeddable":true,"href":"https:\/\/www.europesays.com\/de\/wp-json\/wp\/v2\/categories?post=580999"},{"taxonomy":"post_tag","embeddable":true,"href":"https:\/\/www.europesays.com\/de\/wp-json\/wp\/v2\/tags?post=580999"}],"curies":[{"name":"wp","href":"https:\/\/api.w.org\/{rel}","templated":true}]}}