{"id":581103,"date":"2025-11-17T02:17:23","date_gmt":"2025-11-17T02:17:23","guid":{"rendered":"https:\/\/www.europesays.com\/de\/581103\/"},"modified":"2025-11-17T02:17:23","modified_gmt":"2025-11-17T02:17:23","slug":"westbalkanstaaten-aussenminister-wadephul-fordert-weitere-reformen-von-westbalkanlaendern","status":"publish","type":"post","link":"https:\/\/www.europesays.com\/de\/581103\/","title":{"rendered":"Westbalkanstaaten: Au\u00dfenminister Wadephul fordert weitere Reformen von Westbalkanl\u00e4ndern"},"content":{"rendered":"<p class=\"paragraph article__item\">Au\u00dfenminister <a class=\"rtr-entity\" href=\"https:\/\/www.zeit.de\/thema\/johann-wadephul\" rel=\"nofollow noopener\" target=\"_blank\">Johann Wadephul<\/a> (CDU) hat die Westbalkanstaaten in Hinblick auf die andauernden Einflussversuche durch Russland und China zu weiteren Reformen aufgefordert. Anl\u00e4sslich seines Besuchs in <a href=\"https:\/\/www.zeit.de\/2025\/29\/voelkermord-srebrenica-30-jahre-bosnien-massaker-genozid\" class=\"\" target=\"_blank\" rel=\"nofollow noopener\">Bosnien-Herzegowina<\/a>, Montenegro, Albanien, Serbien, Kosovo und Nordmazedonien unterstrich er die Aussichten auf einen EU-Beitritt der sechs L\u00e4nder. &#8222;Sie geh\u00f6ren untrennbar zur europ\u00e4ischen Familie&#8220;, sagte der Minister vor seiner Abreise in Berlin.\n<\/p>\n<p class=\"paragraph article__item\">Wadephul zufolge ist eine Voraussetzung f\u00fcr den Beitritt, sich zu gemeinsamen Werten wie Rechtsstaatlichkeit, <a href=\"https:\/\/www.zeit.de\/politik\/ausland\/2019-12\/montenegro-autokratie-pressefreiheit-eu-beitrittsverhandlungen\" class=\"\" target=\"_blank\" rel=\"nofollow noopener\">Korruptionsbek\u00e4mpfung<\/a> und der Wahrung der Grundrechte zu bekennen. &#8222;Trotz aller Desinformations- und Manipulationsversuche autorit\u00e4rer Staaten wie Russland d\u00fcrfen sie sich nicht vom eingeschlagenen Kurs abbringen lassen&#8220;, sagte der CDU-Politiker. Es sei im Interesse der Europ\u00e4ischen Union, &#8222;dass die Region nicht den Kr\u00e4ften \u00fcberlassen wird, die unsere Demokratien destabilisieren wollen&#8220;.\u00a0\n<\/p>\n<p class=\"paragraph article__item\">Zugleich bestehe erstmals seit geraumer Zeit die realistische Chance, dass der Beitrittsprozess entscheidend vorankommt, sagte <a href=\"https:\/\/www.zeit.de\/thema\/johann-wadephul\" class=\"\" target=\"_blank\" rel=\"nofollow noopener\">Wadephul<\/a>. &#8222;Die berechtigten Erwartungen vieler Menschen in der Region sind hoch, dass sich intensive Anstrengungen auf diesem Weg auszahlen \u2013 wie es der leistungsbasierte Ansatz vorsieht.&#8220;\n<\/p>\n<p>        Bereits langj\u00e4hrige Beitrittsverhandlungen mit Westbalkanstaaten        <\/p>\n<p class=\"paragraph article__item\">Der Au\u00dfenminister sprach auch von Reformbedarf seitens der <a class=\"rtr-entity\" href=\"https:\/\/www.zeit.de\/thema\/europaeische-union\" rel=\"nofollow noopener\" target=\"_blank\">EU<\/a>, &#8222;um handlungsf\u00e4hig und aufnahmef\u00e4hig zu bleiben&#8220;. Schon die fr\u00fchere Kanzlerin\u00a0<a href=\"https:\/\/www.zeit.de\/zeit-geschichte\/2025\/03\/migration-asyl-angela-merkel-zuwanderung-europa\" class=\"\" target=\"_blank\" rel=\"nofollow noopener\">Angela Merkel<\/a> (CDU) hatte sich f\u00fcr die EU-Beitrittsperspektive der Westbalkanl\u00e4nder eingesetzt. Innerhalb der EU-Mitgliedsstaaten gibt es allerdings Vorbehalte hinsichtlich einer EU-Erweiterung. Notwendig ist daf\u00fcr ein einstimmiger Beschluss.\n<\/p>\n<p>                            \u00a9\u00a0Lea Dohle<\/p>\n<p>\n                                        Newsletter<br \/>\n                                        Was jetzt? \u2013 Der t\u00e4gliche Morgen\u00fcberblick<\/p>\n<p class=\"newsletter-signup__text\">Starten Sie mit unserem kurzen Nachrichten-Newsletter in den Tag. Erhalten Sie zudem freitags den US-Sonderletter &#8222;Was jetzt, America?&#8220; sowie das digitale Magazin ZEIT am Wochenende.<\/p>\n<p class=\"newsletter-signup__datapolicy\" hidden=\"\">\n            Mit Ihrer Registrierung nehmen Sie die <a href=\"https:\/\/datenschutz.zeit.de\/zon#Newsletter\" target=\"_blank\" rel=\"nofollow noopener\">Datenschutzerkl\u00e4rung<\/a> zur Kenntnis.\n        <\/p>\n<p>    Vielen Dank! Wir haben Ihnen eine E-Mail geschickt.<\/p>\n<p>Pr\u00fcfen Sie Ihr Postfach und best\u00e4tigen Sie das Newsletter-Abonnement.<\/p>\n<p class=\"paragraph article__item\">Mit Montenegro und <a href=\"https:\/\/www.zeit.de\/politik\/ausland\/2024-05\/serbien-ministerpraesident-milos-vucevic-wahl\" class=\"\" target=\"_blank\" rel=\"nofollow noopener\">Serbien<\/a> f\u00fchrt die EU seit 2012 beziehungsweise 2014 Beitrittsverhandlungen. Mit Albanien und Nordmazedonien wurde der Prozess 2022 gestartet. Bosnien-Herzegowina hat den Status eines Beitrittskandidaten, ist aber bislang nicht in Verhandlungen. Kosovo ist potenzieller Beitrittskandidat.\u00a0\n<\/p>\n<p class=\"paragraph article__item\">Wadephul bricht am Sonntag zu seiner <a href=\"https:\/\/www.zeit.de\/politik\/2025-11\/westlicher-balkan-wadephul-eu-beitritt-bosnien-herzegowina\" class=\"\" target=\"_blank\" rel=\"nofollow noopener\">Reise in den westlichen Balkan<\/a> auf. Er plant, alle sechs Westbalkanl\u00e4nder zu besuchen. Erste Station auf seiner Reise ist am Sonntagabend Bosnien und Herzegowina. Am Montag will der Minister Montenegro sowie Albanien besuchen und am Abend nach Serbien weiterfliegen. Am Dienstag ist ein Besuch im Kosovo geplant sowie abends die Weiterreise nach Nordmazedonien.\n<\/p>\n<p>Mehr zum Thema<\/p>\n<p>                <a href=\"https:\/\/www.zeit.de\/2025\/46\/sehnsucht-jugoslawien-belgrad-yugo-nostalgija\" data-ct-label=\"Sehnsucht nach Jugoslawien: Yugo Nostalgija\" rel=\"nofollow noopener\" target=\"_blank\"><\/p>\n<p>        Z+ (abopflichtiger Inhalt);<\/p>\n<p>    Sehnsucht nach Jugoslawien:<br \/>\n                        Yugo Nostalgija<\/p>\n<p>                <\/a><\/p>\n<p>                <a href=\"https:\/\/www.zeit.de\/2025\/29\/voelkermord-srebrenica-30-jahre-bosnien-massaker-genozid\" data-ct-label=\"V\u00f6lkermord von Srebrenica : &quot;Hi, mein Name ist Irma. Ich habe lange nach dir gesucht&quot;\" rel=\"nofollow noopener\" target=\"_blank\"><\/p>\n<p>        Z+ (abopflichtiger Inhalt);<\/p>\n<p>    V\u00f6lkermord von Srebrenica :<br \/>\n                        &#8222;Hi, mein Name ist Irma. Ich habe lange nach dir gesucht&#8220;<\/p>\n<p>                <\/a><\/p>\n<p>                <a href=\"https:\/\/www.zeit.de\/politik\/2024-03\/abwanderung-albanien-deutschland-fachkraeftemangel\" data-ct-label=\"Abwanderung aus Albanien: Deutscher Kaffee schmeckt wie Kastaniensaft\" rel=\"nofollow noopener\" target=\"_blank\"><\/p>\n<p>        Z+ (abopflichtiger Inhalt);<\/p>\n<p>    Abwanderung aus Albanien:<br \/>\n                        Deutscher Kaffee schmeckt wie Kastaniensaft<\/p>\n<p>                <\/a><\/p>\n","protected":false},"excerpt":{"rendered":"Au\u00dfenminister Johann Wadephul (CDU) hat die Westbalkanstaaten in Hinblick auf die andauernden Einflussversuche durch Russland und China zu&hellip;\n","protected":false},"author":2,"featured_media":581104,"comment_status":"","ping_status":"","sticky":false,"template":"","format":"standard","meta":{"footnotes":""},"categories":[5],"tags":[158,13,1211,14,15,16,307,12,10,8,9,11,139447,139446,139445],"class_list":{"0":"post-581103","1":"post","2":"type-post","3":"status-publish","4":"format-standard","5":"has-post-thumbnail","7":"category-nachrichten","8":"tag-europaeische-union","9":"tag-headlines","10":"tag-johann-wadephul","11":"tag-nachrichten","12":"tag-news","13":"tag-politik","14":"tag-russland","15":"tag-schlagzeilen","16":"tag-top-news","17":"tag-top-meldungen","18":"tag-topmeldungen","19":"tag-topnews","20":"tag-westbalkanland","21":"tag-westbalkanstaat","22":"tag-westbalkanstaaten"},"share_on_mastodon":{"url":"https:\/\/pubeurope.com\/@de\/115562639775858360","error":""},"_links":{"self":[{"href":"https:\/\/www.europesays.com\/de\/wp-json\/wp\/v2\/posts\/581103","targetHints":{"allow":["GET"]}}],"collection":[{"href":"https:\/\/www.europesays.com\/de\/wp-json\/wp\/v2\/posts"}],"about":[{"href":"https:\/\/www.europesays.com\/de\/wp-json\/wp\/v2\/types\/post"}],"author":[{"embeddable":true,"href":"https:\/\/www.europesays.com\/de\/wp-json\/wp\/v2\/users\/2"}],"replies":[{"embeddable":true,"href":"https:\/\/www.europesays.com\/de\/wp-json\/wp\/v2\/comments?post=581103"}],"version-history":[{"count":0,"href":"https:\/\/www.europesays.com\/de\/wp-json\/wp\/v2\/posts\/581103\/revisions"}],"wp:featuredmedia":[{"embeddable":true,"href":"https:\/\/www.europesays.com\/de\/wp-json\/wp\/v2\/media\/581104"}],"wp:attachment":[{"href":"https:\/\/www.europesays.com\/de\/wp-json\/wp\/v2\/media?parent=581103"}],"wp:term":[{"taxonomy":"category","embeddable":true,"href":"https:\/\/www.europesays.com\/de\/wp-json\/wp\/v2\/categories?post=581103"},{"taxonomy":"post_tag","embeddable":true,"href":"https:\/\/www.europesays.com\/de\/wp-json\/wp\/v2\/tags?post=581103"}],"curies":[{"name":"wp","href":"https:\/\/api.w.org\/{rel}","templated":true}]}}