{"id":581134,"date":"2025-11-17T02:34:13","date_gmt":"2025-11-17T02:34:13","guid":{"rendered":"https:\/\/www.europesays.com\/de\/581134\/"},"modified":"2025-11-17T02:34:13","modified_gmt":"2025-11-17T02:34:13","slug":"washington-usa-stufen-angebliches-maduro-kartell-als-terrorgruppe-ein","status":"publish","type":"post","link":"https:\/\/www.europesays.com\/de\/581134\/","title":{"rendered":"Washington | USA stufen angebliches Maduro-Kartell als Terrorgruppe ein"},"content":{"rendered":"<p>Washington (dpa) &#8211; Die USA versch\u00e4rfen ihren Ton gegen\u00fcber Venezuelas Pr\u00e4sident Nicol\u00e1s Maduro. Die Regierung in Washington will das sogenannte \u00abCartel de los Soles\u00bb &#8211; das angebliche Kartell soll in Verbindung mit dem autorit\u00e4ren Linkspolitiker stehen &#8211; ab dem 24. November als ausl\u00e4ndische terroristische Organisation einstufen. Das k\u00fcndigte das US-Au\u00dfenministerium an.<\/p>\n<p>Das US-Milit\u00e4r zieht derzeit Kr\u00e4fte in der Karibik zusammen. In den vergangenen Wochen haben die Streitkr\u00e4fte in der Region rund 20 Boote mutma\u00dflicher Drogenschmuggler zerst\u00f6rt, mehr als 80 Menschen wurden nach US-Angaben get\u00f6tet. Offiziell gibt die US-Regierung als Grund f\u00fcr ihr Eingreifen den Kampf gegen Drogenkartelle an. Venezuela sieht in der starken Milit\u00e4rpr\u00e4senz der Vereinigten Staaten hingegen eine Drohgeb\u00e4rde. Die Spannungen zwischen den L\u00e4ndern haben zugenommen.<\/p>\n<p>Trump: Venezuela will reden<\/p>\n<p>US-Pr\u00e4sident Donald Trump deutete zugleich vage m\u00f6gliche Gespr\u00e4che mit dem Land an. Er sagte zu Journalisten, die nach Venezuela fragten: Man werde m\u00f6glicherweise Gespr\u00e4che mit Maduro f\u00fchren. \u00abSie m\u00f6chten gerne reden\u00bb, sagte Trump. Er wurde nicht konkreter.<\/p>\n<p>Wer steckt hinter \u00abCartel de los Soles\u00bb?<\/p>\n<p>Bei \u00abCartel de los Soles\u00bb (Kartell der Sonnen) soll es sich um ein Verbrechersyndikat aus Offizieren der venezolanischen Streitkr\u00e4fte handeln. Der Name ist den Sonnen auf den Schulterklappen venezolanischer Gener\u00e4le entlehnt. Sicherheitsexperten sind sich allerdings uneins, ob das Kartell als hierarchisch organisierte Gruppe \u00fcberhaupt existiert. Wesentlich wahrscheinlicher ist nach Einsch\u00e4tzungen von Experten vielmehr, dass ranghohe Milit\u00e4rs gegen Schmiergeld bereits etablierte Verbrechersyndikate in Venezuela operieren lassen und ihnen gegebenenfalls Schutz anbieten.\u00a0<\/p>\n<p>USA: Maduro korrupt<\/p>\n<p>Das US-Au\u00dfenministerium wirft Maduro vor, das angebliche Kartell mit anderen hochrangigen Mitgliedern des Maduro-Regimes anzuf\u00fchren. Sie sollen das Milit\u00e4r, den Geheimdienst, die Gesetzgebung und die Rechtsprechung Venezuelas korrumpiert haben. \u00abWeder Maduro noch seine Gefolgsleute repr\u00e4sentieren die legitime Regierung Venezuelas\u00bb, hie\u00df es weiter. Maduro selbst bestreitet, etwas mit Drogenhandel zu tun zu haben.\u00a0<\/p>\n<p>Nicht nur die USA sprechen Maduro die Legitimit\u00e4t ab. Auch die EU und viele lateinamerikanische Staaten zweifeln das offizielle Ergebnis der von Betrugsvorw\u00fcrfen begleiteten Pr\u00e4sidentenwahl 2024 an und betrachten stattdessen den inzwischen im spanischen Exil lebenden Oppositionskandidaten Edmundo Gonz\u00e1lez als Sieger. Trotz landesweiter Proteste und internationaler Kritik hatte sich Maduro Anfang des Jahres jedoch f\u00fcr eine dritte Amtszeit bis 2031 vereidigen lassen.<\/p>\n<p>Nicht das erste Kartell auf US-Terrorliste<\/p>\n<p>Es ist nicht das erste Mal, dass die US-Regierung ein Kartell als ausl\u00e4ndische terroristische Organisation einstuft. Im Januar hatte sie angek\u00fcndigt, die ber\u00fcchtigte Gruppe \u00abTren de Aragua\u00bb, ein m\u00e4chtiges Kartell mit Ursprung in Venezuela, auf die Liste zu setzen.<\/p>\n<p>Die Einstufung von Kartellen als terroristische Organisationen erm\u00f6glicht es der US-Regierung etwa, Sanktionen zu verh\u00e4ngen &#8211; also etwa Verm\u00f6genswerte von Kartell-Mitgliedern und ihren Unterst\u00fctzern einzufrieren.<\/p>\n","protected":false},"excerpt":{"rendered":"Washington (dpa) &#8211; Die USA versch\u00e4rfen ihren Ton gegen\u00fcber Venezuelas Pr\u00e4sident Nicol\u00e1s Maduro. Die Regierung in Washington will&hellip;\n","protected":false},"author":2,"featured_media":581135,"comment_status":"","ping_status":"","sticky":false,"template":"","format":"standard","meta":{"footnotes":""},"categories":[1841],"tags":[1605,3364,29,30,1209,139,64,1700],"class_list":{"0":"post-581134","1":"post","2":"type-post","3":"status-publish","4":"format-standard","5":"has-post-thumbnail","7":"category-bielefeld","8":"tag-bielefeld","9":"tag-de","10":"tag-deutschland","11":"tag-germany","12":"tag-nordrhein-westfalen","13":"tag-regierung","14":"tag-usa","15":"tag-venezuela"},"share_on_mastodon":{"url":"https:\/\/pubeurope.com\/@de\/115562706669141822","error":""},"_links":{"self":[{"href":"https:\/\/www.europesays.com\/de\/wp-json\/wp\/v2\/posts\/581134","targetHints":{"allow":["GET"]}}],"collection":[{"href":"https:\/\/www.europesays.com\/de\/wp-json\/wp\/v2\/posts"}],"about":[{"href":"https:\/\/www.europesays.com\/de\/wp-json\/wp\/v2\/types\/post"}],"author":[{"embeddable":true,"href":"https:\/\/www.europesays.com\/de\/wp-json\/wp\/v2\/users\/2"}],"replies":[{"embeddable":true,"href":"https:\/\/www.europesays.com\/de\/wp-json\/wp\/v2\/comments?post=581134"}],"version-history":[{"count":0,"href":"https:\/\/www.europesays.com\/de\/wp-json\/wp\/v2\/posts\/581134\/revisions"}],"wp:featuredmedia":[{"embeddable":true,"href":"https:\/\/www.europesays.com\/de\/wp-json\/wp\/v2\/media\/581135"}],"wp:attachment":[{"href":"https:\/\/www.europesays.com\/de\/wp-json\/wp\/v2\/media?parent=581134"}],"wp:term":[{"taxonomy":"category","embeddable":true,"href":"https:\/\/www.europesays.com\/de\/wp-json\/wp\/v2\/categories?post=581134"},{"taxonomy":"post_tag","embeddable":true,"href":"https:\/\/www.europesays.com\/de\/wp-json\/wp\/v2\/tags?post=581134"}],"curies":[{"name":"wp","href":"https:\/\/api.w.org\/{rel}","templated":true}]}}