{"id":581512,"date":"2025-11-17T06:37:14","date_gmt":"2025-11-17T06:37:14","guid":{"rendered":"https:\/\/www.europesays.com\/de\/581512\/"},"modified":"2025-11-17T06:37:14","modified_gmt":"2025-11-17T06:37:14","slug":"ein-neues-kapitel-beginnt-schlagersaengerin-verkuendet-schwangerschaft","status":"publish","type":"post","link":"https:\/\/www.europesays.com\/de\/581512\/","title":{"rendered":"\u201eEin neues Kapitel beginnt\u201c: Schlagers\u00e4ngerin verk\u00fcndet Schwangerschaft"},"content":{"rendered":"<ol class=\"id-DonaldBreadcrumb lp_west_breadcrumb id-DonaldBreadcrumb--default\" data-k5a-pos=\"west_breadcrumb\">\n<li class=\"id-Breadcrumb-item\"><a href=\"https:\/\/www.wa.de\/\" class=\"id-Breadcrumb-link\" data-id-ec=\"{\" shn=\"\" textlink=\"\" data-k5a-pos=\"1_waDe\" rel=\"nofollow noopener\" target=\"_blank\">wa.de<\/a><\/li>\n<li class=\"id-Breadcrumb-item\"><a href=\"https:\/\/www.wa.de\/stars-tv\/\" class=\"id-Breadcrumb-link\" data-id-ec=\"{\" shn=\"\" textlink=\"\" tv=\"\" data-k5a-pos=\"2_starsTv\" rel=\"nofollow noopener\" target=\"_blank\">Stars &amp; TV<\/a><\/li>\n<\/ol>\n<p class=\"id-Story-timestamp id-Story-timestamp--default\">Stand: 17.11.2025, 04:46 Uhr<\/p>\n<p class=\"id-Story-authors id-Story-authors--default\">Von: <a class=\"id-Story-authors-link lp_west_author\" href=\"https:\/\/www.wa.de\/autor\/simon-krug-qexta2dpr.html\" title=\"Zur Autorenseite von Simon Krug\" data-id-ec=\"{\" shn=\"\" author-link=\"\" krug=\"\" data-k5a-pos=\"west_author\" rel=\"nofollow noopener\" target=\"_blank\">Simon Krug<\/a><\/p>\n<p class=\"id-Story-interactionBar id-Story-interactionBar--default\">DruckenTeilen<\/p>\n<p class=\"id-StoryElement-leadText\">Eine Schlagers\u00e4ngerin freut sich auf ihr erstes Baby. Sie nutzt ein besonderes Foto, um die gl\u00fcckliche Nachricht mit ihren Fans zu teilen.<\/p>\n<p class=\"id-StoryElement-paragraph\">Hamburg \u2013 Freudige Neuigkeiten aus der Schlagerszene: Sarah Zucker (35), die Schwester von Ben Zucker (42), pr\u00e4sentiert sich auf Instagram strahlend und stolz. Die S\u00e4ngerin tr\u00e4gt eine wei\u00dfe Bluse und Jeans, doch der Blick f\u00e4llt sofort auf ihren Babybauch, auf den sie mit gelbem Marker ein fr\u00f6hliches Smiley-Gesicht gemalt hat. Dazu schreibt die K\u00fcnstlerin: \u201eEin neues Kapitel beginnt. Und pl\u00f6tzlich w\u00e4chst da etwas, das alles ver\u00e4ndert \u2013 im allersch\u00f6nsten Sinne.\u201c<\/p>\n<p class=\"id-StoryElement-paragraph\">Mit diesem Beitrag macht die 35-J\u00e4hrige ihre Schwangerschaft \u00f6ffentlich. Es ist das erste Kind f\u00fcr Zucker und ihren Partner Martin Werner, einen Texter und Buchautor. Die geb\u00fcrtige Laichingerin, die in Berlin aufwuchs, hat sich in der deutschen Schlager-Landschaft einen festen Platz erarbeitet. Neben ihrer musikalischen Karriere arbeitet sie weiterhin als Erzieherin in einer Hamburger Kita. Ihr Deb\u00fctalbum \u201eWo mein Herz ist\u201c erschien 2020 und erreichte Platz 14 der deutschen Charts.<\/p>\n<p>Schlagers\u00e4ngerin erwartet erstes Baby \u2013 sie deutete Kinderwunsch bereits im Vorjahr an<\/p>\n<p class=\"id-StoryElement-paragraph\">Dass sie sich Kinder w\u00fcnscht, deutete die Schlagers\u00e4ngerin bereits im vergangenen Jahr an. Damals ver\u00f6ffentlichte sie den Weihnachtssong \u201eMein Weihnachten bist du\u201c und sagte gegen\u00fcber dem ARD-Magazin \u201eBrisant\u201c: \u201eUnd wenn ich irgendwann mal Kinder habe, dann m\u00f6chte ich denen nat\u00fcrlich meinen Weihnachtssong zeigen.\u201c Das erste Zucker-Baby ist nun auf dem Weg.<\/p>\n<p class=\"id-StoryElement-paragraph\">Unter dem Instagram-Beitrag sammeln sich zahlreiche Gl\u00fcckw\u00fcnsche von Kollegen aus der Schlagerbranche. Ramon Roselly (31) kommentiert mit den Worten \u201eGl\u00fcckwunsch\u201c und f\u00fcgt ein rotes Herz hinzu. Linda Hesse (38) antwortet mit einem gelben Herz, w\u00e4hrend die Band voXXclub drei rote Herzen schickt. Anita Hofmann (48) schreibt: \u201eOh ich freu mich f\u00fcr dich! Herzlichen Gl\u00fcckwunsch.\u201c<\/p>\n<p>Einer ist bereits mit der dritten Kollegin zusammen: Schlager-Stars, die ein Paar sind oder es einst waren<img decoding=\"async\" class=\"id-RatioPlaceholder-element wv_story_el_interstitialImage\" src=\"https:\/\/www.europesays.com\/de\/wp-content\/uploads\/2025\/10\/36613148-schlager-stars-die-ein-paar-sind-oder-waren-2H0DVIzlZJfe.jpg\" loading=\"lazy\"   height=\"1350\" width=\"2400\" alt=\"Schlager-Stars, die ein Paar sind oder waren\"\/><a href=\"https:\/\/www.wa.de\/stars-tv\/reim-liebe-florian-silbereisen-helene-fischer-stefan-mross-schlager-michelle-eric-philippi-matthias-zr-93492678.html\" class=\"id-StoryElement-intestitialLink-link\" data-id-ec=\"{\" shn=\"\" ansehen=\"\" data-k5a-pos=\"west_story_15_photoGalleryLink\" title=\"Zur Fotostrecke: Einer ist bereits mit der dritten Kollegin zusammen: Schlager-Stars, die ein Paar sind oder es einst waren\" rel=\"nofollow noopener\" target=\"_blank\">Fotostrecke ansehen<\/a><\/p>\n<p class=\"id-StoryElement-paragraph\">Wann genau das Baby zur Welt kommen soll und ob es ein Junge oder M\u00e4dchen wird, verr\u00e4t die werdende Mutter noch nicht. <a href=\"https:\/\/www.wa.de\/stars-tv\/ard-zuschauer-schrieb-schlager-star-mutig-an-sie-sind-nun-seit-jahren-ein-paar-es-ist-perfekt-zr-93699811.html\" class=\"id-import-Link\" data-id-ec=\"{&quot;sht&quot;:&quot;Container&quot;,&quot;shn&quot;:&quot;Story&quot;,&quot;p&quot;:{&quot;containerType&quot;:&quot;Paragraph&quot;,&quot;displayType&quot;:&quot;Paragraph InlineLink&quot;,&quot;type&quot;:&quot;INLINE_LINK&quot;,&quot;value&quot;:&quot;Wie Sarah Zucker und Martin Werner sich kennenlernten&quot;,&quot;variant&quot;:&quot;standardLink&quot;,&quot;sponsored&quot;:false,&quot;linkHref&quot;:&quot;https:\/\/www.wa.de\/stars-tv\/ard-zuschauer-schrieb-schlager-star-mutig-an-sie-sind-nun-seit-jahren-ein-paar-es-ist-perfekt-zr-93699811.html&quot;,&quot;storyElementPosition&quot;:17,&quot;storyElementCount&quot;:17}}\" rel=\"nofollow noopener\" target=\"_blank\">Wie Sarah Zucker und Martin Werner sich kennenlernten<\/a> und warum der Texter damals den Mut aufbrachte, die Schlagers\u00e4ngerin anzuschreiben, zeigt ihre au\u00dfergew\u00f6hnliche Liebesgeschichte. (sk) <strong>Verwendete Quellen:<\/strong> Instagram, brisant.de, offiziellecharts.de<\/p>\n","protected":false},"excerpt":{"rendered":"wa.de Stars &amp; TV Stand: 17.11.2025, 04:46 Uhr Von: Simon Krug DruckenTeilen Eine Schlagers\u00e4ngerin freut sich auf ihr&hellip;\n","protected":false},"author":2,"featured_media":581513,"comment_status":"","ping_status":"","sticky":false,"template":"","format":"standard","meta":{"footnotes":""},"categories":[1776],"tags":[1801,29,214,30,1802,215],"class_list":{"0":"post-581512","1":"post","2":"type-post","3":"status-publish","4":"format-standard","5":"has-post-thumbnail","7":"category-prominente","8":"tag-celebrities","9":"tag-deutschland","10":"tag-entertainment","11":"tag-germany","12":"tag-prominente","13":"tag-unterhaltung"},"share_on_mastodon":{"url":"https:\/\/pubeurope.com\/@de\/115563662354066790","error":""},"_links":{"self":[{"href":"https:\/\/www.europesays.com\/de\/wp-json\/wp\/v2\/posts\/581512","targetHints":{"allow":["GET"]}}],"collection":[{"href":"https:\/\/www.europesays.com\/de\/wp-json\/wp\/v2\/posts"}],"about":[{"href":"https:\/\/www.europesays.com\/de\/wp-json\/wp\/v2\/types\/post"}],"author":[{"embeddable":true,"href":"https:\/\/www.europesays.com\/de\/wp-json\/wp\/v2\/users\/2"}],"replies":[{"embeddable":true,"href":"https:\/\/www.europesays.com\/de\/wp-json\/wp\/v2\/comments?post=581512"}],"version-history":[{"count":0,"href":"https:\/\/www.europesays.com\/de\/wp-json\/wp\/v2\/posts\/581512\/revisions"}],"wp:featuredmedia":[{"embeddable":true,"href":"https:\/\/www.europesays.com\/de\/wp-json\/wp\/v2\/media\/581513"}],"wp:attachment":[{"href":"https:\/\/www.europesays.com\/de\/wp-json\/wp\/v2\/media?parent=581512"}],"wp:term":[{"taxonomy":"category","embeddable":true,"href":"https:\/\/www.europesays.com\/de\/wp-json\/wp\/v2\/categories?post=581512"},{"taxonomy":"post_tag","embeddable":true,"href":"https:\/\/www.europesays.com\/de\/wp-json\/wp\/v2\/tags?post=581512"}],"curies":[{"name":"wp","href":"https:\/\/api.w.org\/{rel}","templated":true}]}}