{"id":581596,"date":"2025-11-17T07:28:14","date_gmt":"2025-11-17T07:28:14","guid":{"rendered":"https:\/\/www.europesays.com\/de\/581596\/"},"modified":"2025-11-17T07:28:14","modified_gmt":"2025-11-17T07:28:14","slug":"festivalrausch-in-nuernberg","status":"publish","type":"post","link":"https:\/\/www.europesays.com\/de\/581596\/","title":{"rendered":"Festivalrausch in N\u00fcrnberg"},"content":{"rendered":"<p>Der Tenebrae Choir, einer der weltbesten Ch\u00f6re, ist ebenfalls zweimal zu erleben. Nach dem fulminanten N\u00fcrnberg-Deb\u00fct 2024 spannen sie am 26.\u00a06.\u00a02026 in St. Egidien den Bogen vom 16.\u00a0Jhd. bis zu klangsinnlichen Werken der Gegenwart. Tags darauf beschenken sie sich und das Publikum in St. Lorenz zum 25.\u00a0Chorjubil\u00e4um mit einem Reigen ihrer absoluten Lieblingswerke.<\/p>\n<p>\u201eGeh aus mein Herz\u201c hei\u00dft das Programm des Windsbacher Knabenchors. Zum 350.\u00a0Todestag erklingen Lieder des bedeutenden Dichters Paul Gerhardt, vertont u.\u00a0a. von Bach, Mendelssohn und Reger.\u00a0Nicht nur, weil die Stimmen so jung sind, sondern weil die fulminante Klassik-Band Spark mit dabei ist, werden die alten Melodien am 28. 6. 2026 in St. Sebald besonders frisch und vital klingen!<\/p>\n<p>Die Dirigentin Johanna Soller ist der Shooting-Star der Barockmusik in Europa. Sie gastiert erstmals mit ihrer Cappella Sollertia. Die S\u00e4nger:innen und Instrumentalist:innen pr\u00e4sentieren Kantaten von Johann Ludwig Bach. Er war der Lieblingsverwandte des ber\u00fchmten Johann Sebastian. Dessen Motette \u201eJesu, meine Freude\u201c steht ebenfalls auf dem Programm.\u00a0St. Martha ist der ideale Ort f\u00fcr diese Entdeckungsreise in die Welt der innigen und virtuosen Barockmusik (28.\u00a06.\u00a02026).<\/p>\n","protected":false},"excerpt":{"rendered":"Der Tenebrae Choir, einer der weltbesten Ch\u00f6re, ist ebenfalls zweimal zu erleben. Nach dem fulminanten N\u00fcrnberg-Deb\u00fct 2024 spannen&hellip;\n","protected":false},"author":2,"featured_media":581597,"comment_status":"","ping_status":"","sticky":false,"template":"","format":"standard","meta":{"footnotes":""},"categories":[1837],"tags":[136867,772,3364,29,30,3783],"class_list":{"0":"post-581596","1":"post","2":"type-post","3":"status-publish","4":"format-standard","5":"has-post-thumbnail","7":"category-nuernberg","8":"tag-meta_keywords","9":"tag-bayern","10":"tag-de","11":"tag-deutschland","12":"tag-germany","13":"tag-nuernberg"},"share_on_mastodon":{"url":"https:\/\/pubeurope.com\/@de\/115563862702826930","error":""},"_links":{"self":[{"href":"https:\/\/www.europesays.com\/de\/wp-json\/wp\/v2\/posts\/581596","targetHints":{"allow":["GET"]}}],"collection":[{"href":"https:\/\/www.europesays.com\/de\/wp-json\/wp\/v2\/posts"}],"about":[{"href":"https:\/\/www.europesays.com\/de\/wp-json\/wp\/v2\/types\/post"}],"author":[{"embeddable":true,"href":"https:\/\/www.europesays.com\/de\/wp-json\/wp\/v2\/users\/2"}],"replies":[{"embeddable":true,"href":"https:\/\/www.europesays.com\/de\/wp-json\/wp\/v2\/comments?post=581596"}],"version-history":[{"count":0,"href":"https:\/\/www.europesays.com\/de\/wp-json\/wp\/v2\/posts\/581596\/revisions"}],"wp:featuredmedia":[{"embeddable":true,"href":"https:\/\/www.europesays.com\/de\/wp-json\/wp\/v2\/media\/581597"}],"wp:attachment":[{"href":"https:\/\/www.europesays.com\/de\/wp-json\/wp\/v2\/media?parent=581596"}],"wp:term":[{"taxonomy":"category","embeddable":true,"href":"https:\/\/www.europesays.com\/de\/wp-json\/wp\/v2\/categories?post=581596"},{"taxonomy":"post_tag","embeddable":true,"href":"https:\/\/www.europesays.com\/de\/wp-json\/wp\/v2\/tags?post=581596"}],"curies":[{"name":"wp","href":"https:\/\/api.w.org\/{rel}","templated":true}]}}