{"id":581605,"date":"2025-11-17T07:34:17","date_gmt":"2025-11-17T07:34:17","guid":{"rendered":"https:\/\/www.europesays.com\/de\/581605\/"},"modified":"2025-11-17T07:34:17","modified_gmt":"2025-11-17T07:34:17","slug":"mann-von-gruppe-attackiert-und-verletzt-festnahme","status":"publish","type":"post","link":"https:\/\/www.europesays.com\/de\/581605\/","title":{"rendered":"Mann von Gruppe attackiert und verletzt \u2013 Festnahme"},"content":{"rendered":"<p>Dresdner Altstadt <\/p>\n<p>Gruppe attackiert und verletzt Mann \u2013 Festnahme<\/p>\n<p>17.11.2025 &#8211; 08:03 UhrLesedauer: 1 Min.<\/p>\n<p><a href=\"#focus-0\" class=\"transition-colors duration-200 block text-current relative\" data-sctrack=\"FocusGalleryImage.Reference\"><img fetchpriority=\"high\" data-testid=\"Opener.Image\" style=\"--lqipURL:url('https:\/\/images.t-online.de\/2025\/11\/oeFEE1c33hOE\/0x209:4000x2250\/fit-in\/150x0\/filters:blur(25)\/ein-streifenwagen-bei-der-fahrt-archivbild-in-dresden-ist-am-wochenende-ein-mann-attackiert-worden.jpg')\"   loading=\"eager\" src=\"https:\/\/www.europesays.com\/de\/wp-content\/uploads\/2025\/11\/ein-streifenwagen-bei-der-fahrt-archivbild-in-dresden-ist-am-wochenende-ein-mann-attackiert-worden.j.jpeg\" alt=\"Ein Streifenwagen bei der Fahrt (Archivbild): In Dresden ist am Wochenende ein Mann attackiert worden.\" title=\"Ein Streifenwagen bei der Fahrt (Archivbild): In Dresden ist am Wochenende ein Mann attackiert worden.\" width=\"4000\" height=\"2250\" class=\"bg-[url:var(--lqipURL)] bg-cover bg-center flex h-full w-full max-w-full\" decoding=\"async\"\/><img style=\"--width:32;--height:32\" loading=\"lazy\" src=\"https:\/\/dresden.t-online.de\/s\/paper\/_next\/static\/media\/zoom-in.f7dae02f.svg\" alt=\"Vergr\u00f6\u00dfern des Bildes\" title=\"Vergr\u00f6\u00dfern des Bildes\" class=\"block h-[calc(var(--height)_\/_16_*_1rem)] w-[calc(var(--width)_\/_16_*_1rem)] max-w-none absolute bottom-8 right-8 rounded-4 bg-snow p-8\" decoding=\"async\"\/><\/a><\/p>\n<p>Ein Streifenwagen bei der Fahrt (Archivbild): In Dresden ist am Wochenende ein Mann attackiert worden. (Quelle: IMAGO\/Sylvio Dittrich)<\/p>\n<p class=\"font-bold text-18 leading-17\">In der Dresdner Innenstadt haben mehrere Unbekannte versucht, einem Mann gewaltsam seine Tasche zu entrei\u00dfen. Ein Helfer wurde ebenfalls angegriffen.<\/p>\n<p class=\"text-18 leading-17\">In der Dresdner Innenstadt haben f\u00fcnf M\u00e4nner einen 39-J\u00e4hrigen angegriffen und versucht, ihm seine Tasche zu entrei\u00dfen. Nach Angaben der Polizei ereignete sich der Vorfall am Freitagabend gegen 23.35 Uhr an der Wallstra\u00dfe in der Inneren Altstadt.<\/p>\n<p class=\"text-18 leading-17\">Die Angreifer h\u00e4tten den Mann unvermittelt attackiert und geschlagen. Der 39-J\u00e4hrige sei dabei leicht verletzt worden, habe aber durch aktive Gegenwehr verhindern k\u00f6nnen, dass die T\u00e4ter seine Tasche erbeuten.<\/p>\n<p class=\"text-18 leading-17\">Ein unbeteiligter 33-j\u00e4hriger Mann sei hinzugekommen und habe versucht, die Auseinandersetzung zu schlichten. Daraufhin h\u00e4tten die Unbekannten auch ihn angegriffen und leicht verletzt. Anschlie\u00dfend sei die Gruppe vom Tatort gefl\u00fcchtet.<\/p>\n<p class=\"text-18 leading-17\">Eingesetzte Polizeibeamte konnten einen 18-j\u00e4hrigen Tatverd\u00e4chtigen ergreifen und vorl\u00e4ufig festnehmen. Zu den weiteren Tatverd\u00e4chtigen machte die Polizei keine Angaben.<\/p>\n","protected":false},"excerpt":{"rendered":"Dresdner Altstadt Gruppe attackiert und verletzt Mann \u2013 Festnahme 17.11.2025 &#8211; 08:03 UhrLesedauer: 1 Min. Ein Streifenwagen bei&hellip;\n","protected":false},"author":2,"featured_media":581606,"comment_status":"","ping_status":"","sticky":false,"template":"","format":"standard","meta":{"footnotes":""},"categories":[1835],"tags":[722,17161,3364,29,2386,980,30,2065,121,859,3416],"class_list":{"0":"post-581605","1":"post","2":"type-post","3":"status-publish","4":"format-standard","5":"has-post-thumbnail","7":"category-dresden","8":"tag-722","9":"tag-17161","10":"tag-de","11":"tag-deutschland","12":"tag-dresden","13":"tag-festnahme","14":"tag-germany","15":"tag-innenstadt","16":"tag-polizei","17":"tag-sachsen","18":"tag-streifenwagen"},"share_on_mastodon":{"url":"https:\/\/pubeurope.com\/@de\/115563887152792960","error":""},"_links":{"self":[{"href":"https:\/\/www.europesays.com\/de\/wp-json\/wp\/v2\/posts\/581605","targetHints":{"allow":["GET"]}}],"collection":[{"href":"https:\/\/www.europesays.com\/de\/wp-json\/wp\/v2\/posts"}],"about":[{"href":"https:\/\/www.europesays.com\/de\/wp-json\/wp\/v2\/types\/post"}],"author":[{"embeddable":true,"href":"https:\/\/www.europesays.com\/de\/wp-json\/wp\/v2\/users\/2"}],"replies":[{"embeddable":true,"href":"https:\/\/www.europesays.com\/de\/wp-json\/wp\/v2\/comments?post=581605"}],"version-history":[{"count":0,"href":"https:\/\/www.europesays.com\/de\/wp-json\/wp\/v2\/posts\/581605\/revisions"}],"wp:featuredmedia":[{"embeddable":true,"href":"https:\/\/www.europesays.com\/de\/wp-json\/wp\/v2\/media\/581606"}],"wp:attachment":[{"href":"https:\/\/www.europesays.com\/de\/wp-json\/wp\/v2\/media?parent=581605"}],"wp:term":[{"taxonomy":"category","embeddable":true,"href":"https:\/\/www.europesays.com\/de\/wp-json\/wp\/v2\/categories?post=581605"},{"taxonomy":"post_tag","embeddable":true,"href":"https:\/\/www.europesays.com\/de\/wp-json\/wp\/v2\/tags?post=581605"}],"curies":[{"name":"wp","href":"https:\/\/api.w.org\/{rel}","templated":true}]}}