{"id":581612,"date":"2025-11-17T07:38:14","date_gmt":"2025-11-17T07:38:14","guid":{"rendered":"https:\/\/www.europesays.com\/de\/581612\/"},"modified":"2025-11-17T07:38:14","modified_gmt":"2025-11-17T07:38:14","slug":"bundespolizei-beschlagnahmt-60-boeller-bei-12-jaehrigem","status":"publish","type":"post","link":"https:\/\/www.europesays.com\/de\/581612\/","title":{"rendered":"Bundespolizei beschlagnahmt 60 B\u00f6ller bei 12-J\u00e4hrigem"},"content":{"rendered":"<p>Essener Hauptbahnhof <\/p>\n<p>Bundespolizei beschlagnahmt 60 B\u00f6ller bei 12-J\u00e4hrigem<\/p>\n<p>17.11.2025 &#8211; 08:34 UhrLesedauer: 1 Min.<\/p>\n<p><a href=\"#focus-0\" class=\"transition-colors duration-200 block text-current relative\" data-sctrack=\"FocusGalleryImage.Reference\"><img fetchpriority=\"high\" data-testid=\"Opener.Image\" style=\"--lqipURL:url('https:\/\/images.t-online.de\/2025\/11\/xWgi-s6I-zvW\/0x96:1024x576\/fit-in\/150x0\/filters:blur(25)\/die-beschlagnahmten-boeller-sie-wurden-bei-einem-12-jaehrigen-entdeckt.jpg')\"   loading=\"eager\" src=\"https:\/\/www.europesays.com\/de\/wp-content\/uploads\/2025\/11\/die-beschlagnahmten-boeller-sie-wurden-bei-einem-12-jaehrigen-entdeckt.jpg\" alt=\"Die beschlagnahmten B\u00f6ller: Sie wurden bei einem 12-J\u00e4hrigen entdeckt.\" title=\"Die beschlagnahmten B\u00f6ller: Sie wurden bei einem 12-J\u00e4hrigen entdeckt.\" width=\"1024\" height=\"576\" class=\"bg-[url:var(--lqipURL)] bg-cover bg-center flex h-full w-full max-w-full\" decoding=\"async\"\/><img style=\"--width:32;--height:32\" loading=\"lazy\" src=\"https:\/\/www.t-online.de\/s\/paper\/_next\/static\/media\/zoom-in.f7dae02f.svg\" alt=\"Vergr\u00f6\u00dfern des Bildes\" title=\"Vergr\u00f6\u00dfern des Bildes\" class=\"block h-[calc(var(--height)_\/_16_*_1rem)] w-[calc(var(--width)_\/_16_*_1rem)] max-w-none absolute bottom-8 right-8 rounded-4 bg-snow p-8\" decoding=\"async\"\/><\/a><\/p>\n<p>Die beschlagnahmten B\u00f6ller: Sie wurden bei einem 12-J\u00e4hrigen entdeckt. (Quelle: Bundespolizeidirektion Snakt Augustin )<\/p>\n<p class=\"font-bold text-18 leading-17\">Ein 12-j\u00e4hriger Junge ist am Essener Hauptbahnhof mit 60 B\u00f6llern erwischt worden. Die Bundespolizei ermittelt nun wegen Verst\u00f6\u00dfen gegen das Sprengstoffgesetz.<\/p>\n<p class=\"text-18 leading-17\">Am 16. November hat die Bundespolizei am Essener Hauptbahnhof einen 12-j\u00e4hrigen Jungen nach einem Diebstahl in einer Drogerie aufgegriffen. Nach Angaben der Bundespolizei h\u00e4tten die Beamten bei der Durchsuchung des Jungen 60 unerlaubte B\u00f6ller in seiner Einkaufst\u00fcte gefunden und beschlagnahmt.<\/p>\n<p class=\"text-18 leading-17\">Der Vorfall ereignete sich am Sonntag gegen 15.45 Uhr, als Mitarbeiter der Drogerie den Diebstahl meldeten. Vor Ort trafen die Beamten auf den Jungen aus Recklinghausen. Die Bundespolizei erkl\u00e4rte, dass der Junge sich nicht zu den Vorw\u00fcrfen ge\u00e4u\u00dfert habe. Auf der Wache sei die Mutter des Jungen kontaktiert worden, die angab, dass ihr Sohn selbstst\u00e4ndig nach Hause kommen solle.<\/p>\n<p class=\"text-18 leading-17\">Die Bundespolizei hat ein Ermittlungsverfahren wegen Diebstahls und Versto\u00dfes gegen das Sprengstoffgesetz eingeleitet. Weitere Informationen zu den laufenden Ermittlungen wurden nicht bekannt gegeben.<\/p>\n","protected":false},"excerpt":{"rendered":"Essener Hauptbahnhof Bundespolizei beschlagnahmt 60 B\u00f6ller bei 12-J\u00e4hrigem 17.11.2025 &#8211; 08:34 UhrLesedauer: 1 Min. Die beschlagnahmten B\u00f6ller: Sie&hellip;\n","protected":false},"author":2,"featured_media":581613,"comment_status":"","ping_status":"","sticky":false,"template":"","format":"standard","meta":{"footnotes":""},"categories":[1834],"tags":[722,17161,19184,421,3364,29,1686,30829,3688,30,3601,1209,176,3856,135775],"class_list":{"0":"post-581612","1":"post","2":"type-post","3":"status-publish","4":"format-standard","5":"has-post-thumbnail","7":"category-essen","8":"tag-722","9":"tag-17161","10":"tag-boeller","11":"tag-bundespolizei","12":"tag-de","13":"tag-deutschland","14":"tag-diebstahl","15":"tag-drogerie","16":"tag-essen","17":"tag-germany","18":"tag-hauptbahnhof","19":"tag-nordrhein-westfalen","20":"tag-nrw","21":"tag-ruhrgebiet","22":"tag-sprengstoffgesetz"},"share_on_mastodon":{"url":"https:\/\/pubeurope.com\/@de\/115563902561496593","error":""},"_links":{"self":[{"href":"https:\/\/www.europesays.com\/de\/wp-json\/wp\/v2\/posts\/581612","targetHints":{"allow":["GET"]}}],"collection":[{"href":"https:\/\/www.europesays.com\/de\/wp-json\/wp\/v2\/posts"}],"about":[{"href":"https:\/\/www.europesays.com\/de\/wp-json\/wp\/v2\/types\/post"}],"author":[{"embeddable":true,"href":"https:\/\/www.europesays.com\/de\/wp-json\/wp\/v2\/users\/2"}],"replies":[{"embeddable":true,"href":"https:\/\/www.europesays.com\/de\/wp-json\/wp\/v2\/comments?post=581612"}],"version-history":[{"count":0,"href":"https:\/\/www.europesays.com\/de\/wp-json\/wp\/v2\/posts\/581612\/revisions"}],"wp:featuredmedia":[{"embeddable":true,"href":"https:\/\/www.europesays.com\/de\/wp-json\/wp\/v2\/media\/581613"}],"wp:attachment":[{"href":"https:\/\/www.europesays.com\/de\/wp-json\/wp\/v2\/media?parent=581612"}],"wp:term":[{"taxonomy":"category","embeddable":true,"href":"https:\/\/www.europesays.com\/de\/wp-json\/wp\/v2\/categories?post=581612"},{"taxonomy":"post_tag","embeddable":true,"href":"https:\/\/www.europesays.com\/de\/wp-json\/wp\/v2\/tags?post=581612"}],"curies":[{"name":"wp","href":"https:\/\/api.w.org\/{rel}","templated":true}]}}