{"id":581624,"date":"2025-11-17T07:45:20","date_gmt":"2025-11-17T07:45:20","guid":{"rendered":"https:\/\/www.europesays.com\/de\/581624\/"},"modified":"2025-11-17T07:45:20","modified_gmt":"2025-11-17T07:45:20","slug":"obdachlosigkeit-in-esslingen-obdachlosenprojekt-der-stadt-erst-eine-wohnung-dann-sieht-man-weiter-esslingen","status":"publish","type":"post","link":"https:\/\/www.europesays.com\/de\/581624\/","title":{"rendered":"Obdachlosigkeit in Esslingen: Obdachlosenprojekt der Stadt: Erst eine Wohnung \u2013 dann sieht man weiter &#8211; Esslingen"},"content":{"rendered":"<p>\t\t\t\t\t\t\t\t\t\t\t\t\t\t\t\t\t\t\t\t\t\t\t\t\t\t\t\t\t\t\t\t\t\t\t\t   \t\t\t\t\t \t\t\t\t   \t      \t\t\t\t   <img decoding=\"async\" id=\"article-image\" fetchpriority=\"high\" alt=\"Obdachlosigkeit in Esslingen: Obdachlosenprojekt der Stadt: Erst eine Wohnung \u2013 dann sieht man weiter\" title=\"Obdachlosigkeit in Esslingen: Obdachlosenprojekt der Stadt: Erst eine Wohnung \u2013 dann sieht man weiter\" src=\"https:\/\/www.europesays.com\/de\/wp-content\/uploads\/2025\/11\/media.media.9e98fe29-7da6-4319-900b-b306192720a5.original700.jpg\" data-linkto=\"https:\/\/www.esslinger-zeitung.de\/javascript:void(0);\"\/>\t\t\t\t\t\t\t\t\t\t\t\t\t\t\t\t\t\t\t\t\t\t\t\tVermutlich kann er sich ein besserer Leben vorstellen \u2013  das Projekt Housing First will  Obdachlose in Esslingen ein eigens Dach \u00fcber dem Kopf verschaffen.\u00a0Foto: Imago\/Michael Gstettenbauer\t\t\t<\/p>\n<p>Die Stadt Esslingen will mit dem Projekt Housing First Obdachlosen eine Wohnung ohne Bedingungen vermitteln. Erfahrungen in anderen St\u00e4dten sind mit dem Projekt positiv.<\/p>\n<p>Noch so ein bescheuerter Anglizismus? Na klar. Housing First. Immerhin einer, der seine Message straight auf den Point bringt: Erst die <a href=\"https:\/\/www.esslinger-zeitung.de\/thema\/Wohnung\" title=\"Wohnung\" class=\"art_thema\" target=\"_blank\" rel=\"noopener\">Wohnung<\/a>, dann weitere Hilfe. Das richtet sich an obdachlose Menschen in <a href=\"https:\/\/www.esslinger-zeitung.de\/thema\/Esslingen\" title=\"Esslingen\" class=\"art_thema\" target=\"_blank\" rel=\"noopener\">Esslingen<\/a>, denen die herk\u00f6mmliche soziale Unterst\u00fctzung allerlei n\u00fctzliche Dinge wie Alkoholtherapien, Schuldnerberatung oder Jobvermittlung anbietet, damit sie am Ende eine Wohnung mieten k\u00f6nnen \u2013 die sie auf dem hart umk\u00e4mpften Esslinger Mietmarkt dann doch nicht kriegen. <\/p>\n<p>Das <a href=\"https:\/\/www.esslinger-zeitung.de\/thema\/Projekt\" title=\"Projekt\" class=\"art_thema\" target=\"_blank\" rel=\"noopener\">Projekt<\/a> Housing First, seit Anfang 2024 in Esslingen am Start, dreht das Verfahren um: Obdachlose \u2013 so die Idee \u2013 bekommen bedingungslos eine Wohnung zur Miete, m\u00fcssen sich auch nach dem Einzug zu keinen Therapie- oder sonstigen Ma\u00dfnahmen verpflichten. Hilfe wird nur erteilt nach dem Prinzip strikter Freiwilligkeit. Einzige Voraussetzung: \u201eDie Mietzahlungen m\u00fcssen gesichert sein\u201c, sagt die Esslinger Projektleiterin Tina von Rasch &#8211; durch Sozialleistungen, eigenes Einkommen oder beides.<\/p>\n<p>Sozialarbeiterin spricht von \u201estabilisierender Funktion\u201c, die sehr gut klappe <\/p>\n<p>Funktioniert das? Sehr gut, war bei einer Zwischenbilanz zu h\u00f6ren. Die Sozialarbeiterin Nicole Haag geht von einer Initialz\u00fcndung positiver Wirkungen aus, ist das Menschenrecht auf ein eigenes Dach \u00fcber dem Kopf erst einmal verwirklicht: \u201eDas eigene Zuhause hat stabilisierende Funktion.\u201c In den Notunterk\u00fcnften hingegen f\u00fchrten Gruppeneffekte und das Fehlen jeder Privatsph\u00e4re zu abnehmender Eigeninitiative und oft zu zunehmendem Alkoholkonsum.<\/p>\n<p>Nicht mehr \u00c4rger als mit \u201enormalen\u201c Mietern <\/p>\n<p>Aber kommt es in der eigenen Wohnung nicht erst recht zu Konflikten, Randale, Vollsuff? Kann passieren. Aber nicht h\u00e4ufiger als bei \u201eganz normalen b\u00fcrgerlichen Mietverh\u00e4ltnissen\u201c, sagt Axel Gl\u00fchmann, zust\u00e4ndiger Abteilungsleiter bei der Evangelischen Gesellschaft (Eva), einer der Esslinger Projektpartnerinnen neben der Stadt, der Fachberatungsstelle Esslingen und dem Verein Heimstatt. Im \u00dcbrigen weist Carolin Bischoff, Leiterin der st\u00e4dtischen Abteilung f\u00fcr Soziale Beratung und Betreuung, die Reduzierung der \u201emultiplen Problemsituation\u201c obdachloser Menschen auf das Suchtthema zur\u00fcck: \u201eEs geht da oft auch um Schulden, famili\u00e4re Zerr\u00fcttung oder Arbeitslosigkeit.\u201c<\/p>\n<p>In den f\u00fcnf Esslinger Wohnungen, die bislang vermittelt wurden \u2013 drei an Einzelpersonen, zwei an Familien \u2013, gab es weder \u00c4rger mit Nachbarn noch andere Probleme, sagt Fabian Sch\u00fctz vom Wohnungsunternehmen Vonovia, dem die Immobilien geh\u00f6ren. Zwei weitere Wohnungen hat die Vonovia ab Dezember und Januar zugesagt. Gleichwohl ist der Erfahrungshorizont in Esslingen noch eng. Aber in den USA, wo Housing First entwickelt wurde, in Finnland und in einigen deutschen Gro\u00dfst\u00e4dten sind die Resultate \u00fcberzeugend. In Finnland sogar so \u00fcberzeugend, dass alle anderen Obdachloseneinrichtungen geschlossen werden konnten, berichtet Gl\u00fchmann.<\/p>\n<p>  <img decoding=\"async\" loading=\"lazy\" src=\"https:\/\/www.europesays.com\/de\/wp-content\/uploads\/2025\/11\/media.media.839a3fc0-e1be-4b8c-a514-19bad9ad983a.original1024.media.jpeg\"\/>     F\u00fcr obdachlose Menschen ist es auf dem hart umk\u00e4mpften Esslinger Mietmarkt besonders schwer, eine Wohnung zu finden.    Foto: dpa    <\/p>\n<p>In Deutschland wird das so schnell nicht passieren. Selbst wenn das Esslinger Projekt sein Ziel \u2013 15 Wohnungen bis Ende 2026 \u2013 erreicht, stehen ihm derzeit 678 Personen, davon 470 Angeh\u00f6rige obdachloser Familien, in Esslinger Notunterk\u00fcnften gegen\u00fcber, teilt Sozialamtsleiter Marius Osswald mit. Hinzu kommen Menschen, die auf der Stra\u00dfe leben oder zur sogenannten verdeckten Obdachlosigkeit z\u00e4hlen, weil sie ohne festen Wohnsitz bei guten oder weniger guten Bekannten unterkommen, mal f\u00fcr ein paar N\u00e4chte, mal l\u00e4nger.<\/p>\n<p>   Private Vermieter dringend gesucht  <\/p>\n<p>F\u00fcr Housing First kommen nur Obdachlose in Betracht, die ihren Lebensmittelpunkt in Esslingen haben. Ein Magneteffekt w\u00e4re laut Sozialarbeiterin Haag eher unwahrscheinlich. Ihr zufolge ist die romantische Vorstellung vom Tramp, der durch die Lande zieht, l\u00e4ngst pass\u00e9. Vielmehr herrsche l\u00e4ngst das Ph\u00e4nomen einer \u201eSesshaftigkeit in der Obdachlosigkeit: Auch wenn die Leute auf der Stra\u00dfe kampieren, halten sie sich teils jahrelang an einem Ort auf.\u201c Housing First steht und f\u00e4llt selbstverst\u00e4ndlich mit der Zahl verf\u00fcgbarer Wohnungen. Vor allem bezahlbare Single- und barrierefreie Wohneinheiten sind Mangelware. Der st\u00e4dtische Wohnungsscout Maximilian Wezel sondiert den Markt, ist neben der Vonovia im Gespr\u00e4ch mit weiteren Wohnbaugesellschaften, hofft aber auch auf Privatvermieter, die sich f\u00fcr das Projekt erw\u00e4rmen.<\/p>\n<p>Denn nat\u00fcrlich sind die angestrebten 15 Wohnungen kein absolutes Limit \u2013 wenn Housing First nach Ende des F\u00f6rderzeitraums am 31. Dezember 2026 fortgef\u00fchrt wird. Bis dahin, sagt Amtsleiter Osswald, steuern das Land und die Vector Stiftung, eine Stuttgarter Firmenstiftung, insgesamt 265 000 Euro zur Finanzierung bei. Die Stadt muss nur 26\u2009500 Euro drauflegen. Von 2027 an m\u00fcsste sie Gesamtkosten von j\u00e4hrlich 80.500 Euro tragen. Ende 2026 entscheidet der Gemeinderat \u00fcber eine Fortsetzung.<\/p>\n","protected":false},"excerpt":{"rendered":"Vermutlich kann er sich ein besserer Leben vorstellen \u2013 das Projekt Housing First will Obdachlose in Esslingen ein&hellip;\n","protected":false},"author":2,"featured_media":581625,"comment_status":"","ping_status":"","sticky":false,"template":"","format":"standard","meta":{"footnotes":""},"categories":[1830],"tags":[1634,3364,29,3439,30,68214,33656,2202,53697,1441,139535,626,11030],"class_list":{"0":"post-581624","1":"post","2":"type-post","3":"status-publish","4":"format-standard","5":"has-post-thumbnail","7":"category-stuttgart","8":"tag-baden-wuerttemberg","9":"tag-de","10":"tag-deutschland","11":"tag-esslingen","12":"tag-germany","13":"tag-housing-first","14":"tag-obdachlos","15":"tag-projekt","16":"tag-sozialamt","17":"tag-stuttgart","18":"tag-wohnsitzlos","19":"tag-wohnung","20":"tag-wohnungsnot"},"share_on_mastodon":{"url":"https:\/\/pubeurope.com\/@de\/115563929731364154","error":""},"_links":{"self":[{"href":"https:\/\/www.europesays.com\/de\/wp-json\/wp\/v2\/posts\/581624","targetHints":{"allow":["GET"]}}],"collection":[{"href":"https:\/\/www.europesays.com\/de\/wp-json\/wp\/v2\/posts"}],"about":[{"href":"https:\/\/www.europesays.com\/de\/wp-json\/wp\/v2\/types\/post"}],"author":[{"embeddable":true,"href":"https:\/\/www.europesays.com\/de\/wp-json\/wp\/v2\/users\/2"}],"replies":[{"embeddable":true,"href":"https:\/\/www.europesays.com\/de\/wp-json\/wp\/v2\/comments?post=581624"}],"version-history":[{"count":0,"href":"https:\/\/www.europesays.com\/de\/wp-json\/wp\/v2\/posts\/581624\/revisions"}],"wp:featuredmedia":[{"embeddable":true,"href":"https:\/\/www.europesays.com\/de\/wp-json\/wp\/v2\/media\/581625"}],"wp:attachment":[{"href":"https:\/\/www.europesays.com\/de\/wp-json\/wp\/v2\/media?parent=581624"}],"wp:term":[{"taxonomy":"category","embeddable":true,"href":"https:\/\/www.europesays.com\/de\/wp-json\/wp\/v2\/categories?post=581624"},{"taxonomy":"post_tag","embeddable":true,"href":"https:\/\/www.europesays.com\/de\/wp-json\/wp\/v2\/tags?post=581624"}],"curies":[{"name":"wp","href":"https:\/\/api.w.org\/{rel}","templated":true}]}}