{"id":581639,"date":"2025-11-17T07:55:15","date_gmt":"2025-11-17T07:55:15","guid":{"rendered":"https:\/\/www.europesays.com\/de\/581639\/"},"modified":"2025-11-17T07:55:15","modified_gmt":"2025-11-17T07:55:15","slug":"berlin-brandenburg-berliner-ringbahn-am-morgen-unterbrochen","status":"publish","type":"post","link":"https:\/\/www.europesays.com\/de\/581639\/","title":{"rendered":"Berlin &#038; Brandenburg: Berliner Ringbahn am Morgen unterbrochen"},"content":{"rendered":"<p>Berlin &amp; BrandenburgBerliner Ringbahn am Morgen unterbrochen<img decoding=\"async\" class=\"Image_img__fQCi0 Image_Img_16_9__4BLfH\" loading=\"eager\" fetchpriority=\"high\" src=\"https:\/\/www.europesays.com\/de\/wp-content\/uploads\/2025\/11\/Die-S41-und-S42-sind-am-Montagmorgen-von-einer-Stoerung-betroffen.webp.webp\" alt=\"Die-S41-und-S42-sind-am-Montagmorgen-von-einer-Stoerung-betroffen\"\/>(Foto: Paul Zinken\/dpa)TeilenFolgen auf:<a href=\"https:\/\/www.whatsapp.com\/channel\/0029Va5cdVJD8SDp5YZgYF01\" title=\"Auf WhatsApp folgen\" target=\"_blank\" rel=\"noopener\"><img decoding=\"async\" src=\"https:\/\/www.n-tv.de\/socialIcons\/whatsapp.svg\" alt=\"whatsapp\" class=\"ArticleShare_icon__FsrC2\"\/><\/a><a href=\"https:\/\/news.google.com\/publications\/CAAiEPMdif5mpRNxiLOeUpHCwwsqFAgKIhDzHYn-ZqUTcYiznlKRwsML?hl=de&amp;gl=DE&amp;ceid=DE%3Ade\" title=\"Auf Google News folgen\" target=\"_blank\" rel=\"noopener\"><img decoding=\"async\" src=\"https:\/\/www.n-tv.de\/socialIcons\/google.svg\" alt=\"whatsapp\" class=\"ArticleShare_icon__FsrC2\"\/><\/a><\/p>\n<p class=\"Typography_text-m__XI0da Typography_weight-bold__uT6mq storyline_lead_text_leadtext__q_wg8\">S41 und S42 fahren am Montagmorgen nicht wie gewohnt: Eine Streckenreparatur sorgt f\u00fcr Einschr\u00e4nkungen auf der Berliner Ringbahn. Pendler k\u00f6nnen die Unterbrechung umfahren.<\/p>\n<p class=\"Typography_text-default__P3otY Typography_weight-normal__pqUbH storyline_paragraph_p__qSR5N\">Berlin (dpa\/bb) &#8211; Die Berliner Ringbahn ist am Montagmorgen zwischen Wedding und Gesundbrunnen unterbrochen. Betroffen sind die Linien S41 und S42, wie Berliner S-Bahn mitteilte. Grund daf\u00fcr sei eine Reparatur an der Strecke, die voraussichtlich bis zum Vormittag andauern werde.<\/p>\n<p class=\"Typography_text-default__P3otY Typography_weight-normal__pqUbH storyline_paragraph_p__qSR5N\">Die S41 f\u00e4hrt demnach von Gesundbrunnen \u00fcber Ost-, S\u00fcd- und Westkreuz nach Wedding, die S42 f\u00e4hrt in entgegengesetzter Richtung. Zwischen Westend, S\u00fcdkreuz, Ostkreuz und Greifswalder Stra\u00dfe verkehren die Bahnen im F\u00fcnf-Minuten-Takt. Fahrg\u00e4ste k\u00f6nnen die Unterbrechung ab Gesundbrunnen mit den Linien S1, S2, S25 und S26 umfahren.<\/p>\n<p>Bauarbeiten am Wochenende<\/p>\n<p class=\"Typography_text-default__P3otY Typography_weight-normal__pqUbH storyline_paragraph_p__qSR5N\">Am Wochenende sorgten Bauarbeiten bei der S-Bahn f\u00fcr mehrere Streckensperrungen auf zahlreichen S-Bahn-Linien im Norden, S\u00fcden und Osten der Stadt. Am Montagmorgen waren die Sperrungen weitgehend aufgehoben. Unterbrochen sei noch die Linie S47. Sie f\u00e4hrt demnach von Montag 16 Uhr bis Mittwoch 1.30 Uhr nicht zwischen Sch\u00f6neweide und Hermannstra\u00dfe. Auf dieser Strecke k\u00f6nnen Fahrg\u00e4ste die Z\u00fcge der S45 und S46 nutzen.<\/p>\n<p class=\"Typography_text-s__wu_cm Typography_weight-normal__pqUbH Typography_color-darkgrey__sZEnP article-detail-footer_source__KslPc\">Quelle: dpa<\/p>\n","protected":false},"excerpt":{"rendered":"Berlin &amp; BrandenburgBerliner Ringbahn am Morgen unterbrochen(Foto: Paul Zinken\/dpa)TeilenFolgen auf: S41 und S42 fahren am Montagmorgen nicht wie&hellip;\n","protected":false},"author":2,"featured_media":581640,"comment_status":"","ping_status":"","sticky":false,"template":"","format":"standard","meta":{"footnotes":""},"categories":[1816],"tags":[1960,1958,1959,1957,1956,1890,29,30],"class_list":{"0":"post-581639","1":"post","2":"type-post","3":"status-publish","4":"format-standard","5":"has-post-thumbnail","7":"category-brandenburg","8":"tag-aktuelle-nachrichten-aus-berlin-und-brandenburg","9":"tag-aktuelle-nachrichten-aus-brandenburg","10":"tag-aktuelle-news-aus-berlin-und-brandenburg","11":"tag-aktuelle-news-aus-brandenburg","12":"tag-berlin-und-brandenburg","13":"tag-brandenburg","14":"tag-deutschland","15":"tag-germany"},"share_on_mastodon":{"url":"https:\/\/pubeurope.com\/@de\/115563970039459510","error":""},"_links":{"self":[{"href":"https:\/\/www.europesays.com\/de\/wp-json\/wp\/v2\/posts\/581639","targetHints":{"allow":["GET"]}}],"collection":[{"href":"https:\/\/www.europesays.com\/de\/wp-json\/wp\/v2\/posts"}],"about":[{"href":"https:\/\/www.europesays.com\/de\/wp-json\/wp\/v2\/types\/post"}],"author":[{"embeddable":true,"href":"https:\/\/www.europesays.com\/de\/wp-json\/wp\/v2\/users\/2"}],"replies":[{"embeddable":true,"href":"https:\/\/www.europesays.com\/de\/wp-json\/wp\/v2\/comments?post=581639"}],"version-history":[{"count":0,"href":"https:\/\/www.europesays.com\/de\/wp-json\/wp\/v2\/posts\/581639\/revisions"}],"wp:featuredmedia":[{"embeddable":true,"href":"https:\/\/www.europesays.com\/de\/wp-json\/wp\/v2\/media\/581640"}],"wp:attachment":[{"href":"https:\/\/www.europesays.com\/de\/wp-json\/wp\/v2\/media?parent=581639"}],"wp:term":[{"taxonomy":"category","embeddable":true,"href":"https:\/\/www.europesays.com\/de\/wp-json\/wp\/v2\/categories?post=581639"},{"taxonomy":"post_tag","embeddable":true,"href":"https:\/\/www.europesays.com\/de\/wp-json\/wp\/v2\/tags?post=581639"}],"curies":[{"name":"wp","href":"https:\/\/api.w.org\/{rel}","templated":true}]}}