{"id":581645,"date":"2025-11-17T07:58:19","date_gmt":"2025-11-17T07:58:19","guid":{"rendered":"https:\/\/www.europesays.com\/de\/581645\/"},"modified":"2025-11-17T07:58:19","modified_gmt":"2025-11-17T07:58:19","slug":"berlin-anschlagsdrohung-gegen-schulen-loest-unruhe-aus-polizei-spricht-von-fake","status":"publish","type":"post","link":"https:\/\/www.europesays.com\/de\/581645\/","title":{"rendered":"Berlin: Anschlagsdrohung gegen Schulen l\u00f6st Unruhe aus \u2013 Polizei spricht von Fake"},"content":{"rendered":"<p>\u00dcber Messenger-Dienste wird eine Anschlagsdrohung gegen Berliner Schulen verbreitet. Bei der Polizei steht das Telefon nicht still. Die Polizei gibt aber Entwarnung: Es gebe keine Hinweise auf eine konkrete Bedrohung.<\/p>\n<p class=\"is-first-paragraph\" data-external=\"Article.FirstParagraph\">Eine \u00fcber mehrere Messenger-Dienste verbreitete Anschlagsank\u00fcndigung gegen rund 20 Berliner Schulen sorgt in der Hauptstadt f\u00fcr Unruhe. Bei der Polizei sind \u00fcber den Notruf mehr als 900 Anrufe eingegangen, wie ein Sprecher am Montag sagte.<\/p>\n<p>Nach Einsch\u00e4tzung der Polizei handelt es sich bei der Ank\u00fcndigung um \u201eFalschinformationen, die gezielt \u00c4ngste sch\u00fcren sollen\u201c. Die Polizei warnte auf der Plattform X vor Desinformation und Fake News. \u201eHinweise auf Gef\u00e4hrdungen oder konkrete Bedrohungen liegen uns nicht vor\u201c, so die Beh\u00f6rde.<\/p>\n<p>Die Polizei wies darauf hin, dass der Schulbetrieb regul\u00e4r stattfindet. Polizisten werden an den Schulen pr\u00e4sent sein, um gegebenenfalls schnell auf Vorf\u00e4lle reagieren zu k\u00f6nnen, wie es hie\u00df. Pr\u00e4ventionskr\u00e4fte, die es in den Bereichen gebe, w\u00fcrden an verschiedene Schulen geschickt, um etwa Schulleitungen Kommunikationsangebote zu machen.<\/p>\n<p>Es gibt zahlreiche Reaktionen im Netz auf den Hinweis der Polizei. Die Elternchats \u201elaufen gerade Sturm\u201c, hei\u00dft es dort zum Beispiel. Von einem Vater hei\u00dft es: \u201eMein Sohn hat mir das Video mit der Drohung gezeigt; er hat Angst, und seine Klassenkameraden auch. Sie werden morgen nicht zur Schule gehen. Ich habe auch Angst. Bitte unternehmen Sie etwas.\u201c<\/p>\n<p>Mehrere Schulen namentlich genannt<\/p>\n<p>Die Nachricht mit der Androhung wurde in mehreren Schulgruppen weitergeleitet, etliche Einrichtungen werden darin namentlich genannt.<\/p>\n<p>Die Polizei wollte aufgrund der Wirkung ihre Pr\u00e4senz verst\u00e4rken. Details seien in Planung, hie\u00df es. Die Polizei ermittelt nach eigenen Angaben wegen St\u00f6rung des \u00f6ffentlichen Friedens durch eine Androhung von Straftaten. Gepr\u00fcft werde nun, wer hinter der Verbreitung der Nachricht steckt.<\/p>\n<p>dpa\/ll<\/p>\n","protected":false},"excerpt":{"rendered":"\u00dcber Messenger-Dienste wird eine Anschlagsdrohung gegen Berliner Schulen verbreitet. Bei der Polizei steht das Telefon nicht still. Die&hellip;\n","protected":false},"author":2,"featured_media":581646,"comment_status":"","ping_status":"","sticky":false,"template":"","format":"standard","meta":{"footnotes":""},"categories":[1825],"tags":[4568,15323,296,29,30,110,121],"class_list":{"0":"post-581645","1":"post","2":"type-post","3":"status-publish","4":"format-standard","5":"has-post-thumbnail","7":"category-berlin","8":"tag-schulen","9":"tag-balken-inbox","10":"tag-berlin","11":"tag-deutschland","12":"tag-germany","13":"tag-newsteam","14":"tag-polizei"},"share_on_mastodon":{"url":"https:\/\/pubeurope.com\/@de\/115563980784057532","error":""},"_links":{"self":[{"href":"https:\/\/www.europesays.com\/de\/wp-json\/wp\/v2\/posts\/581645","targetHints":{"allow":["GET"]}}],"collection":[{"href":"https:\/\/www.europesays.com\/de\/wp-json\/wp\/v2\/posts"}],"about":[{"href":"https:\/\/www.europesays.com\/de\/wp-json\/wp\/v2\/types\/post"}],"author":[{"embeddable":true,"href":"https:\/\/www.europesays.com\/de\/wp-json\/wp\/v2\/users\/2"}],"replies":[{"embeddable":true,"href":"https:\/\/www.europesays.com\/de\/wp-json\/wp\/v2\/comments?post=581645"}],"version-history":[{"count":0,"href":"https:\/\/www.europesays.com\/de\/wp-json\/wp\/v2\/posts\/581645\/revisions"}],"wp:featuredmedia":[{"embeddable":true,"href":"https:\/\/www.europesays.com\/de\/wp-json\/wp\/v2\/media\/581646"}],"wp:attachment":[{"href":"https:\/\/www.europesays.com\/de\/wp-json\/wp\/v2\/media?parent=581645"}],"wp:term":[{"taxonomy":"category","embeddable":true,"href":"https:\/\/www.europesays.com\/de\/wp-json\/wp\/v2\/categories?post=581645"},{"taxonomy":"post_tag","embeddable":true,"href":"https:\/\/www.europesays.com\/de\/wp-json\/wp\/v2\/tags?post=581645"}],"curies":[{"name":"wp","href":"https:\/\/api.w.org\/{rel}","templated":true}]}}