{"id":581661,"date":"2025-11-17T08:08:13","date_gmt":"2025-11-17T08:08:13","guid":{"rendered":"https:\/\/www.europesays.com\/de\/581661\/"},"modified":"2025-11-17T08:08:13","modified_gmt":"2025-11-17T08:08:13","slug":"appell-ja-kritik-nein-tuchel-ordnet-bellingham-auswechslung-ein","status":"publish","type":"post","link":"https:\/\/www.europesays.com\/de\/581661\/","title":{"rendered":"Appell ja, Kritik nein: Tuchel ordnet Bellingham-Auswechslung ein"},"content":{"rendered":"<p>Real-Star reagierte ver\u00e4rgert\u00a0<\/p>\n<p>                                    <img decoding=\"async\" src=\"https:\/\/www.europesays.com\/de\/wp-content\/uploads\/2025\/11\/thomas-tuchel-jude-bellingham-england-2025-1763360155-182988.jpg\" title=\"Appell ja, Kritik nein: Tuchel ordnet Bellingham-Auswechslung ein\" alt=\"Appell ja, Kritik nein: Tuchel ordnet Bellingham-Auswechslung ein\"\/><\/p>\n<p>\n                                       \u00a9IMAGO\n                                    <\/p>\n<p>Obwohl <a title=\"England\" href=\"https:\/\/www.transfermarkt.de\/england\/startseite\/verein\/3299\" target=\"_blank\" rel=\"noopener\">England<\/a> mit der perfekten Ausbeute von 24 Punkten eine makellose <a title=\"WM-Qualifikation Playoff\" href=\"https:\/\/www.transfermarkt.de\/wm-qualifikation-playoff\/startseite\/wettbewerb\/POWM\" target=\"_blank\" rel=\"noopener\">WM-Qualifikation<\/a> spielte, gibt es bei den Three Lions nicht nur gute Stimmung. <a title=\"Thomas Tuchel\" href=\"https:\/\/www.transfermarkt.de\/thomas-tuchel\/profil\/trainer\/7471\" target=\"_blank\" rel=\"noopener\">Thomas Tuchel<\/a> musste sich nach dem <a href=\"https:\/\/www.transfermarkt.de\/spielbericht\/index\/spielbericht\/4510817\" target=\"_blank\" rel=\"noopener\">2:0 (0:0)-Erfolg<\/a> in Tirana gegen Albanien zur Auswechslung von <a title=\"Jude Bellingham\" href=\"https:\/\/www.transfermarkt.de\/jude-bellingham\/profil\/spieler\/581678\" target=\"_blank\" rel=\"noopener\">Jude Bellingham<\/a> erkl\u00e4ren, der diese auf dem Feld sichtlich ver\u00e4rgert hinnahm. Zu feiern gab es neben der schon vor der Partie feststehenden Teilnahme am Turnier im n\u00e4chsten Jahr auch einen weiteren Meilenstein f\u00fcr <a title=\"Harry Kane\" href=\"https:\/\/www.transfermarkt.de\/harry-kane\/profil\/spieler\/132098\" target=\"_blank\" rel=\"noopener\">Harry Kane<\/a>.<\/p>\n<p><\/p>\n<p>\u201eEr muss die Entscheidung akzeptieren\u201c, sagte Tuchel nach dem Spiel \u00fcber die Auswechslung des ehemaligen Dortmund-Profis in der 84. Minute. \u201eSein Teamkollege wartet am Spielfeldrand, also muss man er das akzeptieren, respektieren und weitermachen.\u201c Anders als in verschiedenen englischen und deutschen Medien berichtet, richtete Tuchel allerdings keine direkte Kritik an Bellingham. Er habe die Aktion unmittelbar nach dem 2:0 nicht wahrgenommen, weil er bereits <a href=\"https:\/\/www.transfermarkt.de\/morgan-rogers\/profil\/spieler\/503743\" target=\"_blank\" rel=\"noopener\">Morgan Rogers<\/a> vor dessen Einwechslung instruierte.<\/p>\n<p><\/p>\n<p>\u201eIch muss mir die Szene noch einmal anschauen\u201c, gab Tuchel nach dem Spiel mit einem L\u00e4cheln zu Protokoll und richtete einen allgemeinen Appell an seine Mannschaft. \u201eBis zu einem gewissen Grad werden Spieler wie Jude, die so ehrgeizig sind, so etwas (eine Auswechslung; d. Red.) nie guthei\u00dfen, aber ich bleibe dabei: Es geht um Standards, Verpflichtung und gegenseitigen Respekt. Jemand anderes wartet drau\u00dfen \u2013 also wir werden unsere Entscheidung nicht \u00e4ndern, nur weil jemand mit den Armen wedelt.\u201c<\/p>\n<p>England-Kapit\u00e4n Harry Kane \u00fcberholt Pel\u00e9 nach Toren im Nationalteam<\/p>\n<p>Ohnehin gibt es im englischen Nationalteam nach acht Siegen aus acht Spielen wenig Grund f\u00fcr Tr\u00fcbsal. Die letzte Niederlage in einem Pflichtspiel liegt mehr als ein Jahr zur\u00fcck und dar\u00fcber hinaus erreichte Kapit\u00e4n Kane einen Meilenstein. Gegen Albanien erzielte der Bayern-St\u00fcrmer beide Treffer und damit seine L\u00e4nderspiel-Tore 77 und 78. Rekordtorsch\u00fctze seines Landes ist er damit schon lange, nun \u00fcberholte er aber auch den legend\u00e4ren <a title=\"Pel\u00e9\" href=\"https:\/\/www.transfermarkt.de\/pel-\/profil\/spieler\/17121\" target=\"_blank\" rel=\"noopener\">Pel\u00e9<\/a> mit dessen Ausbeute f\u00fcr Brasilien.<\/p>\n<p><\/p>\n<p>\u201eDas ist das i-T\u00fcpfelchen. Harrys Einsatz in diesen Spielen ist herausragend. Er ist bei allem, was wir tun, mit ganzem Herzen dabei. Bei Bayern M\u00fcnchen ist das genauso\u201c, sagte Tuchel. \u201eEr ist mental und k\u00f6rperlich in Top-Form. Er schie\u00dft ein Tor nach dem anderen f\u00fcr uns. Die Art und Weise, wie er arbeitet, zur\u00fcckl\u00e4uft und L\u00f6sungen im Angriff findet, ist herausragend.\u201c<\/p>\n","protected":false},"excerpt":{"rendered":"Real-Star reagierte ver\u00e4rgert\u00a0 \u00a9IMAGO Obwohl England mit der perfekten Ausbeute von 24 Punkten eine makellose WM-Qualifikation spielte, gibt&hellip;\n","protected":false},"author":2,"featured_media":581662,"comment_status":"","ping_status":"","sticky":false,"template":"","format":"standard","meta":{"footnotes":""},"categories":[136],"tags":[9237,29,3058,30,11709,21105,139537,139538,265,59115,139536],"class_list":{"0":"post-581661","1":"post","2":"type-post","3":"status-publish","4":"format-standard","5":"has-post-thumbnail","7":"category-sport","8":"tag-albanien","9":"tag-deutschland","10":"tag-england","11":"tag-germany","12":"tag-harry-kane","13":"tag-jude-bellingham","14":"tag-morgan-rogers","15":"tag-pele","16":"tag-sport","17":"tag-thomas-tuchel","18":"tag-wm-qualifikation-playoff"},"share_on_mastodon":{"url":"https:\/\/pubeurope.com\/@de\/115564021014884056","error":""},"_links":{"self":[{"href":"https:\/\/www.europesays.com\/de\/wp-json\/wp\/v2\/posts\/581661","targetHints":{"allow":["GET"]}}],"collection":[{"href":"https:\/\/www.europesays.com\/de\/wp-json\/wp\/v2\/posts"}],"about":[{"href":"https:\/\/www.europesays.com\/de\/wp-json\/wp\/v2\/types\/post"}],"author":[{"embeddable":true,"href":"https:\/\/www.europesays.com\/de\/wp-json\/wp\/v2\/users\/2"}],"replies":[{"embeddable":true,"href":"https:\/\/www.europesays.com\/de\/wp-json\/wp\/v2\/comments?post=581661"}],"version-history":[{"count":0,"href":"https:\/\/www.europesays.com\/de\/wp-json\/wp\/v2\/posts\/581661\/revisions"}],"wp:featuredmedia":[{"embeddable":true,"href":"https:\/\/www.europesays.com\/de\/wp-json\/wp\/v2\/media\/581662"}],"wp:attachment":[{"href":"https:\/\/www.europesays.com\/de\/wp-json\/wp\/v2\/media?parent=581661"}],"wp:term":[{"taxonomy":"category","embeddable":true,"href":"https:\/\/www.europesays.com\/de\/wp-json\/wp\/v2\/categories?post=581661"},{"taxonomy":"post_tag","embeddable":true,"href":"https:\/\/www.europesays.com\/de\/wp-json\/wp\/v2\/tags?post=581661"}],"curies":[{"name":"wp","href":"https:\/\/api.w.org\/{rel}","templated":true}]}}