{"id":581670,"date":"2025-11-17T08:13:11","date_gmt":"2025-11-17T08:13:11","guid":{"rendered":"https:\/\/www.europesays.com\/de\/581670\/"},"modified":"2025-11-17T08:13:11","modified_gmt":"2025-11-17T08:13:11","slug":"erschuetternder-fund-auf-der-a45-leichenteile-einer-frau-entdeckt-polizei-sperrt-autobahn","status":"publish","type":"post","link":"https:\/\/www.europesays.com\/de\/581670\/","title":{"rendered":"Ersch\u00fctternder Fund auf der A45: Leichenteile einer Frau entdeckt \u2013 Polizei sperrt Autobahn"},"content":{"rendered":"<p class=\"is-first-paragraph\" data-external=\"Article.FirstParagraph\">Auf der Autobahn 45 sind in der N\u00e4he von Olpe menschliche K\u00f6rperteile auf der Fahrbahn gefunden worden. \u00dcber die ersch\u00fctternde Entdeckung in der Nacht zu Montag informierten am Morgen die Staatsanwaltschaft Siegen und die Polizei Hagen. <\/p>\n<p>Es handle sich um K\u00f6rperteile einer noch unbekannten Frau. Sie seien zwischen dem Kreuz Olpe-S\u00fcd und Freudenberg entdeckt worden. Laut der \u201e<a class=\"is-link c-block-items__link is-external c-link--rich-text-renderer\" href=\"https:\/\/www.bild.de\/regional\/nordrhein-westfalen\/horrorfund-mitten-auf-der-fahrbahn-leichenteile-auf-a45-entdeckt-691ac7e258d2cfb625f5e5ec\" target=\"_blank\" title=\"(Link wird in einem neuen Tab ge\u00f6ffnet)\" rel=\"nofollow noopener\" data-internal-tracking-enabled=\"true\" data-internal-tracking=\"{&quot;action&quot;:&quot;click&quot;,&quot;label&quot;:&quot;link&quot;,&quot;name&quot;:&quot;Inline Element&quot;,&quot;data&quot;:{&quot;source&quot;:&quot;&quot;,&quot;target&quot;:&quot;https:\/\/www.bild.de\/regional\/nordrhein-westfalen\/horrorfund-mitten-auf-der-fahrbahn-leichenteile-auf-a45-entdeckt-691ac7e258d2cfb625f5e5ec&quot;,&quot;trackingName&quot;:&quot;&quot;,&quot;trackingLabel&quot;:&quot;&quot;}}\">Bild<\/a>\u201c-Zeitung sollen die abgetrennten H\u00e4nde einer Frau gefunden worden sein.<\/p>\n<p>Die Hintergr\u00fcnde sind noch v\u00f6llig unklar. Ein gr\u00f6\u00dferer Polizei-Einsatz l\u00e4uft weiterhin, eine Mordkommission der Hagener Polizei ist im Einsatz.<\/p>\n<p>Zur Untersuchung der Fundstelle wurde die Autobahn in Richtung Gie\u00dfen zeitweise voll gesperrt. Die Sperrung sei mittlerweile aber wieder aufgehoben worden, sagte eine Sprecherin.<\/p>\n","protected":false},"excerpt":{"rendered":"Auf der Autobahn 45 sind in der N\u00e4he von Olpe menschliche K\u00f6rperteile auf der Fahrbahn gefunden worden. \u00dcber&hellip;\n","protected":false},"author":2,"featured_media":581671,"comment_status":"","ping_status":"","sticky":false,"template":"","format":"standard","meta":{"footnotes":""},"categories":[2],"tags":[29,30,13,76252,14,15,110,1209,12,10,8,9,11],"class_list":{"0":"post-581670","1":"post","2":"type-post","3":"status-publish","4":"format-standard","5":"has-post-thumbnail","7":"category-deutschland","8":"tag-deutschland","9":"tag-germany","10":"tag-headlines","11":"tag-leichenfunde","12":"tag-nachrichten","13":"tag-news","14":"tag-newsteam","15":"tag-nordrhein-westfalen","16":"tag-schlagzeilen","17":"tag-top-news","18":"tag-top-meldungen","19":"tag-topmeldungen","20":"tag-topnews"},"share_on_mastodon":{"url":"https:\/\/pubeurope.com\/@de\/115564039763881520","error":""},"_links":{"self":[{"href":"https:\/\/www.europesays.com\/de\/wp-json\/wp\/v2\/posts\/581670","targetHints":{"allow":["GET"]}}],"collection":[{"href":"https:\/\/www.europesays.com\/de\/wp-json\/wp\/v2\/posts"}],"about":[{"href":"https:\/\/www.europesays.com\/de\/wp-json\/wp\/v2\/types\/post"}],"author":[{"embeddable":true,"href":"https:\/\/www.europesays.com\/de\/wp-json\/wp\/v2\/users\/2"}],"replies":[{"embeddable":true,"href":"https:\/\/www.europesays.com\/de\/wp-json\/wp\/v2\/comments?post=581670"}],"version-history":[{"count":0,"href":"https:\/\/www.europesays.com\/de\/wp-json\/wp\/v2\/posts\/581670\/revisions"}],"wp:featuredmedia":[{"embeddable":true,"href":"https:\/\/www.europesays.com\/de\/wp-json\/wp\/v2\/media\/581671"}],"wp:attachment":[{"href":"https:\/\/www.europesays.com\/de\/wp-json\/wp\/v2\/media?parent=581670"}],"wp:term":[{"taxonomy":"category","embeddable":true,"href":"https:\/\/www.europesays.com\/de\/wp-json\/wp\/v2\/categories?post=581670"},{"taxonomy":"post_tag","embeddable":true,"href":"https:\/\/www.europesays.com\/de\/wp-json\/wp\/v2\/tags?post=581670"}],"curies":[{"name":"wp","href":"https:\/\/api.w.org\/{rel}","templated":true}]}}