{"id":581691,"date":"2025-11-17T08:26:14","date_gmt":"2025-11-17T08:26:14","guid":{"rendered":"https:\/\/www.europesays.com\/de\/581691\/"},"modified":"2025-11-17T08:26:14","modified_gmt":"2025-11-17T08:26:14","slug":"karlsruher-unikat-store-schliesst-online-shop-bleibt-bestehen","status":"publish","type":"post","link":"https:\/\/www.europesays.com\/de\/581691\/","title":{"rendered":"Karlsruher Unikat Store schlie\u00dft: Online-Shop bleibt bestehen"},"content":{"rendered":"<p class=\"mb-6 text-xs md:text-m lg:text-l font-serif group-[.font-sans]:font-sans \">\n    Der UNiKAT Store  <a href=\"https:\/\/www.ka-news.de\/promis\/karlsruhe-kulturlandschaft-technologieregion-und-residenz-des-rechts-die-faecherstadt-im-ueberblick-art-2783253\" target=\"_self\" class=\"underline \" rel=\"noopener\">Karlsruhe<\/a> <strong class=\"font-bold\">schlie\u00dft nach 30 Jahren f\u00fcr immer seine T\u00fcren.<\/strong> Das gaben die Inhaber Michael und Andreas Prei\u00dfler am Sonntagabend auf <a href=\"https:\/\/www.instagram.com\/p\/DRFbhlzDSVd\/?igsh=c2EwdGoyOXljYmF2\" rel=\"nofollow noopener\" target=\"_blank\" class=\"underline \">Instagram<\/a> bekannt:\n  <\/p>\n<p>    <img decoding=\"async\" src=\"https:\/\/images.mgpd.de\/img\/112806264\/crop\/c16_9-w100\/1410779082\/791421446\/img0597-1.jpg\" alt=\"Das Unikat in der Karlsruher Innenstadt am 14. November 2025.\" title=\"Das Unikat in der Karlsruher Innenstadt am 14. November 2025.\" class=\"h-full w-full object-cover\"\/><\/p>\n<p>      Icon vergr\u00f6\u00dfern<\/p>\n<p>    Das Unikat in der Karlsruher Innenstadt am 14. November 2025.<br \/>\n    Foto: Thomas Riedel<\/p>\n<p>        Schlie\u00dfen <\/p>\n<p>      Icon Schlie\u00dfen<\/p>\n<p>        Icon vergr\u00f6\u00dfern<\/p>\n<p>        Icon verkleinern<\/p>\n<p>      Icon Pfeil bewegen<\/p>\n<p>    Das Unikat in der Karlsruher Innenstadt am 14. November 2025.<br \/>\n    Foto: Thomas Riedel<\/p>\n<p class=\"mb-6 text-xs md:text-m lg:text-l font-serif group-[.font-sans]:font-sans \">\n    \u201e\u00dcber drei Jahrzehnte lang war dieser Ort so viel mehr als ein Laden. Er war unser Lebenswerk, unser Zuhause, unser Herzensprojekt\u201c, schreiben sie dort &#8211; und danken all ihren Kunden und Kundinnen von Herzen.\n  <\/p>\n<p>            Warum mussten sie schlie\u00dfen?<\/p>\n<p class=\"mb-6 text-xs md:text-m lg:text-l font-serif group-[.font-sans]:font-sans \">\n    Gegen\u00fcber ka-news erkl\u00e4ren sie, warum besonders die Baustellen in der Innenstadt ihr Gesch\u00e4ft stark belasteten: <a href=\"https:\/\/www.ka-news.de\/karlsruhe\/gastro-und-handel\/kaiserstrasse-karlsruhe-so-kaempfen-die-einzelhaendler-mit-baustelle-und-folgen-112781366\" target=\"_self\" class=\"underline \" rel=\"noopener\">Dauerbaustelle Kaiserstra\u00dfe &#8211; 3 Gesch\u00e4fte, 3 Geschichten.<\/a>\n  <\/p>\n<p>    <img decoding=\"async\" src=\"https:\/\/images.mgpd.de\/img\/112806263\/crop\/c16_9-w100\/2069133004\/719055906\/img0591.jpg\" alt=\"Das Unikat in der Karlsruher Innenstadt am 14. November 2025.\" title=\"Das Unikat in der Karlsruher Innenstadt am 14. November 2025.\" class=\"h-full w-full object-cover\"\/><\/p>\n<p>      Icon vergr\u00f6\u00dfern<\/p>\n<p>    Das Unikat in der Karlsruher Innenstadt am 14. November 2025.<br \/>\n    Foto: Thomas Riedel<\/p>\n<p>        Schlie\u00dfen <\/p>\n<p>      Icon Schlie\u00dfen<\/p>\n<p>        Icon vergr\u00f6\u00dfern<\/p>\n<p>        Icon verkleinern<\/p>\n<p>      Icon Pfeil bewegen<\/p>\n<p>    Das Unikat in der Karlsruher Innenstadt am 14. November 2025.<br \/>\n    Foto: Thomas Riedel<\/p>\n<p class=\"mb-6 text-xs md:text-m lg:text-l font-serif group-[.font-sans]:font-sans \">\n    Auf Instagram schrieben sie, dass \u201edie Kundenfrequenz in der Karlsruher Innenstadt\u201c abgenommen habe und die Herausforderungen zeitgleich zu. Dadurch ist es ihnen <strong class=\"font-bold\">\u201eunm\u00f6glich geworden, in dieser Stadt mit derselben Freude, Energie und Perspektive weiterzumachen.\u201c <\/strong>\n  <\/p>\n<p>            Der Online-Shop bleibt erhalten<\/p>\n<p class=\"mb-6 text-xs md:text-m lg:text-l font-serif group-[.font-sans]:font-sans \">\n    Zwar werden sie ihren Laden in der Innenstadt schlie\u00dfen, jedoch bleibe ihr Online-Shop erhalten.\n  <\/p>\n<p>    <img decoding=\"async\" src=\"https:\/\/images.mgpd.de\/img\/112806267\/crop\/c16_9-w100\/564282684\/1701721659\/img0609.jpg\" alt=\"Das Unikat in der Karlsruher Innenstadt am 14. November 2025.\" title=\"Das Unikat in der Karlsruher Innenstadt am 14. November 2025.\" class=\"h-full w-full object-cover\"\/><\/p>\n<p>      Icon vergr\u00f6\u00dfern<\/p>\n<p>    Das Unikat in der Karlsruher Innenstadt am 14. November 2025.<br \/>\n    Foto: Thomas Riedel<\/p>\n<p>        Schlie\u00dfen <\/p>\n<p>      Icon Schlie\u00dfen<\/p>\n<p>        Icon vergr\u00f6\u00dfern<\/p>\n<p>        Icon verkleinern<\/p>\n<p>      Icon Pfeil bewegen<\/p>\n<p>    Das Unikat in der Karlsruher Innenstadt am 14. November 2025.<br \/>\n    Foto: Thomas Riedel<\/p>\n<ul data-module-id=\"DragDropModule\" class=\"flex flex-wrap justify-start group-[.no-bookmarks]:hidden\">\n<li class=\"mb-3 mr-3\">\n    Franziska Gebhard<\/p>\n<p>      Icon Haken im Kreis gesetzt<\/p>\n<p>      Icon Plus im Kreis<\/p>\n<\/li>\n<li class=\"mb-3 mr-3\">\n    Karlsruhe<\/p>\n<p>      Icon Haken im Kreis gesetzt<\/p>\n<p>      Icon Plus im Kreis<\/p>\n<\/li>\n<li class=\"mb-3 mr-3\">\n    Herzensprojekt<\/p>\n<p>      Icon Haken im Kreis gesetzt<\/p>\n<p>      Icon Plus im Kreis<\/p>\n<\/li>\n<\/ul>\n<p>  <script async src=\"\/\/www.instagram.com\/embed.js\"><\/script><\/p>\n","protected":false},"excerpt":{"rendered":"Der UNiKAT Store Karlsruhe schlie\u00dft nach 30 Jahren f\u00fcr immer seine T\u00fcren. Das gaben die Inhaber Michael und&hellip;\n","protected":false},"author":2,"featured_media":581692,"comment_status":"","ping_status":"","sticky":false,"template":"","format":"standard","meta":{"footnotes":""},"categories":[1844],"tags":[139508,1634,3364,29,30,51035,152,8903,11047],"class_list":{"0":"post-581691","1":"post","2":"type-post","3":"status-publish","4":"format-standard","5":"has-post-thumbnail","7":"category-karlsruhe","8":"tag-andreas-preissler","9":"tag-baden-wuerttemberg","10":"tag-de","11":"tag-deutschland","12":"tag-germany","13":"tag-herzensprojekt","14":"tag-instagram","15":"tag-karlsruhe","16":"tag-lebenswerk"},"share_on_mastodon":{"url":"https:\/\/pubeurope.com\/@de\/115564091231260780","error":""},"_links":{"self":[{"href":"https:\/\/www.europesays.com\/de\/wp-json\/wp\/v2\/posts\/581691","targetHints":{"allow":["GET"]}}],"collection":[{"href":"https:\/\/www.europesays.com\/de\/wp-json\/wp\/v2\/posts"}],"about":[{"href":"https:\/\/www.europesays.com\/de\/wp-json\/wp\/v2\/types\/post"}],"author":[{"embeddable":true,"href":"https:\/\/www.europesays.com\/de\/wp-json\/wp\/v2\/users\/2"}],"replies":[{"embeddable":true,"href":"https:\/\/www.europesays.com\/de\/wp-json\/wp\/v2\/comments?post=581691"}],"version-history":[{"count":0,"href":"https:\/\/www.europesays.com\/de\/wp-json\/wp\/v2\/posts\/581691\/revisions"}],"wp:featuredmedia":[{"embeddable":true,"href":"https:\/\/www.europesays.com\/de\/wp-json\/wp\/v2\/media\/581692"}],"wp:attachment":[{"href":"https:\/\/www.europesays.com\/de\/wp-json\/wp\/v2\/media?parent=581691"}],"wp:term":[{"taxonomy":"category","embeddable":true,"href":"https:\/\/www.europesays.com\/de\/wp-json\/wp\/v2\/categories?post=581691"},{"taxonomy":"post_tag","embeddable":true,"href":"https:\/\/www.europesays.com\/de\/wp-json\/wp\/v2\/tags?post=581691"}],"curies":[{"name":"wp","href":"https:\/\/api.w.org\/{rel}","templated":true}]}}