{"id":581699,"date":"2025-11-17T08:30:15","date_gmt":"2025-11-17T08:30:15","guid":{"rendered":"https:\/\/www.europesays.com\/de\/581699\/"},"modified":"2025-11-17T08:30:15","modified_gmt":"2025-11-17T08:30:15","slug":"hannover-angst-vor-krankenhaus-behandlungen-ruecklaeufig","status":"publish","type":"post","link":"https:\/\/www.europesays.com\/de\/581699\/","title":{"rendered":"Hannover | Angst vor Krankenhaus-Behandlungen r\u00fcckl\u00e4ufig"},"content":{"rendered":"<p>Hannover (dpa) &#8211; Die Angst vor Behandlungen im Krankenhaus ist r\u00fcckl\u00e4ufig. Das geht aus einer Umfrage des Meinungsforschungsinstituts Forsa im Auftrag der Krankenkasse KKH in Hannover hervor. Demnach ist noch etwa einer von vier Befragten betroffen. Zum Vergleich: Im vergangenen Jahr war es den Angaben nach noch rund einer von drei Befragten.<\/p>\n<p>Die Angst sei dabei im Schnitt bei Frauen st\u00e4rker ausgepr\u00e4gt als bei M\u00e4nnern. Mehr als die H\u00e4lfte der Befragten nannte als Begr\u00fcndung schlechte eigene Erfahrungen. Zwei von f\u00fcnf Befragten sagten zudem, Schlechtes geh\u00f6rt zu haben. F\u00fcr die repr\u00e4sentative Erhebung wurden bundesweit 1.879 Menschen zwischen 18 und 70 Jahren von Ende Juli bis Ende August befragt.<\/p>\n<p>Gr\u00f6\u00dfte Sorgen vor Infektionen<\/p>\n<p>Die Befragten sorgen sich den Angaben zufolge am meisten vor der Infektion mit Krankenhauskeimen. Auch notwendige Operationen und Komplikationen bei der Narkose z\u00e4hlen zu den meistgenannten Sorgen.<\/p>\n<p>Um Zweifel abzubauen, r\u00e4t Vijitha Sanjivkumar von der KKH, sich vor einem Aufenthalt im Krankenhaus ausf\u00fchrlich zu informieren und offene Fragen mit dem behandelnden Arzt oder der \u00c4rztin zu besprechen. \u00abDenn wer wei\u00df, was auf ihn zukommt, f\u00fchlt sich sicherer.\u00bb\u00a0<\/p>\n<p>Zudem sollten Patienten aufmerksam sein und Klinikpersonal auf m\u00f6gliche Fehler und Verwechslungen &#8211; etwa wenn man mit einem falschen Namen angesprochen wird &#8211; hinweisen. Generell seien Sicherheits- und Hygienestandards in deutschen Krankenh\u00e4usern aber hoch, betonte sie.<\/p>\n","protected":false},"excerpt":{"rendered":"Hannover (dpa) &#8211; Die Angst vor Behandlungen im Krankenhaus ist r\u00fcckl\u00e4ufig. Das geht aus einer Umfrage des Meinungsforschungsinstituts&hellip;\n","protected":false},"author":2,"featured_media":581700,"comment_status":"","ping_status":"","sticky":false,"template":"","format":"standard","meta":{"footnotes":""},"categories":[1841],"tags":[1605,3364,29,30,141,3263,837,1411,1209,5019],"class_list":{"0":"post-581699","1":"post","2":"type-post","3":"status-publish","4":"format-standard","5":"has-post-thumbnail","7":"category-bielefeld","8":"tag-bielefeld","9":"tag-de","10":"tag-deutschland","11":"tag-germany","12":"tag-gesundheit","13":"tag-krankenhaus","14":"tag-medizin","15":"tag-niedersachsen","16":"tag-nordrhein-westfalen","17":"tag-versicherung"},"share_on_mastodon":{"url":"https:\/\/pubeurope.com\/@de\/115564107464971736","error":""},"_links":{"self":[{"href":"https:\/\/www.europesays.com\/de\/wp-json\/wp\/v2\/posts\/581699","targetHints":{"allow":["GET"]}}],"collection":[{"href":"https:\/\/www.europesays.com\/de\/wp-json\/wp\/v2\/posts"}],"about":[{"href":"https:\/\/www.europesays.com\/de\/wp-json\/wp\/v2\/types\/post"}],"author":[{"embeddable":true,"href":"https:\/\/www.europesays.com\/de\/wp-json\/wp\/v2\/users\/2"}],"replies":[{"embeddable":true,"href":"https:\/\/www.europesays.com\/de\/wp-json\/wp\/v2\/comments?post=581699"}],"version-history":[{"count":0,"href":"https:\/\/www.europesays.com\/de\/wp-json\/wp\/v2\/posts\/581699\/revisions"}],"wp:featuredmedia":[{"embeddable":true,"href":"https:\/\/www.europesays.com\/de\/wp-json\/wp\/v2\/media\/581700"}],"wp:attachment":[{"href":"https:\/\/www.europesays.com\/de\/wp-json\/wp\/v2\/media?parent=581699"}],"wp:term":[{"taxonomy":"category","embeddable":true,"href":"https:\/\/www.europesays.com\/de\/wp-json\/wp\/v2\/categories?post=581699"},{"taxonomy":"post_tag","embeddable":true,"href":"https:\/\/www.europesays.com\/de\/wp-json\/wp\/v2\/tags?post=581699"}],"curies":[{"name":"wp","href":"https:\/\/api.w.org\/{rel}","templated":true}]}}