{"id":581821,"date":"2025-11-17T09:45:20","date_gmt":"2025-11-17T09:45:20","guid":{"rendered":"https:\/\/www.europesays.com\/de\/581821\/"},"modified":"2025-11-17T09:45:20","modified_gmt":"2025-11-17T09:45:20","slug":"collien-marie-dahlmann-und-nick-victor-hoepcke-erhalten-bpa-pflegeazubiaward-2025","status":"publish","type":"post","link":"https:\/\/www.europesays.com\/de\/581821\/","title":{"rendered":"Collien Marie Dahlmann und Nick Victor H\u00f6pcke erhalten bpa-Pflegeazubiaward 2025"},"content":{"rendered":"<p class=\"expressive-copy-lg-body\">Collien Marie Dahlmann und Nick Victor H\u00f6pcke erhalten den bpa-Pflegeazubiaward 2025. Die 22-j\u00e4hrige Auszubildende der Klinik Preetz und ihr 20-j\u00e4hriger Mitsch\u00fcler wurden am 13.11.2025 von Ministerpr\u00e4sident Daniel G\u00fcnther und dem Landesvorsitzenden des Bundesverbandes privater Anbieter sozialer Dienste e.V. (bpa), Mathias Steinbuck, ausgezeichnet. Im Kieler G\u00fcterbahnhof nahmen sie zusammen mit anderen Preistr\u00e4gerinnen und Preistr\u00e4gern ihre Troph\u00e4e und das Preisgeld entgegen.<\/p>\n<p class=\"expressive-copy-lg-body\">Nick H\u00f6pcke und Collien Dahlmann sind im 2. Ausbildungsjahr und haben mit ihrem Bewerbungsvideo \u00fcber die &#8222;Pflegemythensprachstunde&#8220;- in der sich Pflegemythos und Fachwissen gegen\u00fcberstehen &#8211; mit Sympathie und Filmgeschick gewonnen.<\/p>\n<p class=\"expressive-copy-lg-body\">Platz 2 und 3 gehen an Mahmoud Hassn Alsaid aus der Seniorenwohnanlage am Park in B\u00fcdelsdorf und Leoni Dibbern aus der Klinik in Preetz, die durch Leidenschaft, Professionalit\u00e4t, Klarheit und Sympathie \u00fcberzeugten. Die Preistr\u00e4gerinnen und Preistr\u00e4ger sowie rund 30 weitere Bewerberinnen und Bewerber hatten unter dem Wettbewerbsmotto &#8222;Deine Stimme, Deine Story, Dein Award&#8220; zuvor in Social-Media-Videos Einblicke in ihre Ausbildung gegeben.<\/p>\n<p class=\"expressive-copy-lg-body\">Ministerpr\u00e4sident Daniel G\u00fcnther dankte dem bpa als Veranstalter sowie allen Bewerberinnen und Bewerbern. &#8222;Die Pflegekr\u00e4fte in unserem Land leisten wichtige Arbeit. F\u00fcr diejenigen, um die sie sich t\u00e4glich k\u00fcmmern, aber auch f\u00fcr unsere Gesellschaft. Denn wir k\u00f6nnen dank Ihnen darauf vertrauen: Wenn wir Hilfe und Pflege brauchen, dann ist jemand da und steht uns tatkr\u00e4ftig zur Seite.&#8220;<\/p>\n<p class=\"expressive-copy-lg-body\">Collien Dahlmann und Nick H\u00f6pcke verdienen Anerkennung f\u00fcr ihr frisches Herangehen an die Mythen rund um die Pflege, mit denen sie in ihrem Video klar und mit Wortwitz aufr\u00e4umen, lobte der bpa-Landesvorsitzende Mathias Steinbuck. &#8222;Die Beitr\u00e4ge zeigen eindrucksvoll, wie viel fachliches K\u00f6nnen und reflektiertes Wissen bereits in der Ausbildung steckt &#8211; das verdient Respekt und macht Mut f\u00fcr die Zukunft der Pflege.&#8220;<\/p>\n<p class=\"expressive-copy-lg-body\">Der zweitplatzierte Mahmoud Hassn Alsaid erz\u00e4hlt in seiner Geschichte von einem Weg, der bei Krieg und Flucht beginnt und in Ausbildung und Leidenschaft f\u00fcr den Beruf endete. Er vermittelt ganz nebenbei in respektvoller Weise ein realistisches Bild von seinem Beruf.<\/p>\n<p class=\"expressive-copy-lg-body\">Leoni Dibbern habt in ihrem Video \u00fcber ihre Ausbildung in der Klinik Preetz, bei gelungener Harmonie zwischen Text und Bild, die Fachlichkeit und die Vielfalt des Berufes aufgezeigt, so Jurymitglied und Laudatorin Iris Kr\u00f6ner, Landesdirektorin der AOK Nordwest.<\/p>\n<p class=\"expressive-copy-lg-body\">Der bpa-Pflegeazubiaward unter der Schirmherrschaft von Ministerpr\u00e4sident G\u00fcnther wurde bereits zum dritten Mal verliehen und soll Lust auf die Ausbildung in den Pflegeberufen machen sowie einen echten Einblick geben.<\/p>\n<p class=\"expressive-copy-lg-body\">Pressekontakt: F\u00fcr R\u00fcckfragen: Kay Old\u00f6rp, Leiter der bpa-Landesgesch\u00e4ftsstelle, Tel.: 0431\/66 94 70 60 oder 0174\/332 78 60<\/p>\n<p class=\"expressive-copy-lg-body\">Weiteres Material: <a href=\"https:\/\/presseportal.de\/pm\/17920\/6159672\" rel=\"nofollow noopener\" target=\"_blank\">www.presseportal.de<\/a> Quelle:            bpa &#8211; Bundesverband privater Anbieter sozialer Dienste e.V.<\/p>\n","protected":false},"excerpt":{"rendered":"Collien Marie Dahlmann und Nick Victor H\u00f6pcke erhalten den bpa-Pflegeazubiaward 2025. Die 22-j\u00e4hrige Auszubildende der Klinik Preetz und&hellip;\n","protected":false},"author":2,"featured_media":581822,"comment_status":"","ping_status":"","sticky":false,"template":"","format":"standard","meta":{"footnotes":""},"categories":[1852],"tags":[3364,29,548,663,3934,30,13,4949,14,15,12,1971],"class_list":{"0":"post-581821","1":"post","2":"type-post","3":"status-publish","4":"format-standard","5":"has-post-thumbnail","7":"category-kiel","8":"tag-de","9":"tag-deutschland","10":"tag-eu","11":"tag-europa","12":"tag-europe","13":"tag-germany","14":"tag-headlines","15":"tag-kiel","16":"tag-nachrichten","17":"tag-news","18":"tag-schlagzeilen","19":"tag-schleswig-holstein"},"share_on_mastodon":{"url":"https:\/\/pubeurope.com\/@de\/115564401328491392","error":""},"_links":{"self":[{"href":"https:\/\/www.europesays.com\/de\/wp-json\/wp\/v2\/posts\/581821","targetHints":{"allow":["GET"]}}],"collection":[{"href":"https:\/\/www.europesays.com\/de\/wp-json\/wp\/v2\/posts"}],"about":[{"href":"https:\/\/www.europesays.com\/de\/wp-json\/wp\/v2\/types\/post"}],"author":[{"embeddable":true,"href":"https:\/\/www.europesays.com\/de\/wp-json\/wp\/v2\/users\/2"}],"replies":[{"embeddable":true,"href":"https:\/\/www.europesays.com\/de\/wp-json\/wp\/v2\/comments?post=581821"}],"version-history":[{"count":0,"href":"https:\/\/www.europesays.com\/de\/wp-json\/wp\/v2\/posts\/581821\/revisions"}],"wp:featuredmedia":[{"embeddable":true,"href":"https:\/\/www.europesays.com\/de\/wp-json\/wp\/v2\/media\/581822"}],"wp:attachment":[{"href":"https:\/\/www.europesays.com\/de\/wp-json\/wp\/v2\/media?parent=581821"}],"wp:term":[{"taxonomy":"category","embeddable":true,"href":"https:\/\/www.europesays.com\/de\/wp-json\/wp\/v2\/categories?post=581821"},{"taxonomy":"post_tag","embeddable":true,"href":"https:\/\/www.europesays.com\/de\/wp-json\/wp\/v2\/tags?post=581821"}],"curies":[{"name":"wp","href":"https:\/\/api.w.org\/{rel}","templated":true}]}}