{"id":581953,"date":"2025-11-17T10:59:22","date_gmt":"2025-11-17T10:59:22","guid":{"rendered":"https:\/\/www.europesays.com\/de\/581953\/"},"modified":"2025-11-17T10:59:22","modified_gmt":"2025-11-17T10:59:22","slug":"wm-teilnahme-in-gefahr-tuchel-kanzelt-frustrierten-bellingham-nuechtern-ab","status":"publish","type":"post","link":"https:\/\/www.europesays.com\/de\/581953\/","title":{"rendered":"WM-Teilnahme in Gefahr?: Tuchel kanzelt frustrierten Bellingham n\u00fcchtern ab"},"content":{"rendered":"<p>WM-Teilnahme in Gefahr?Tuchel kanzelt frustrierten Bellingham n\u00fcchtern ab<img decoding=\"async\" class=\"Image_img__fQCi0 Image_Img_16_9__4BLfH widget-picture-inline_maximizable__t_E7h\" loading=\"eager\" fetchpriority=\"high\" src=\"https:\/\/www.europesays.com\/de\/wp-content\/uploads\/2025\/11\/England-Head-Coach-Thomas-Tuchel-sends-on-Jude-Bellingham-England-v-Serbia-FIFA-2026-World-Cup-Quali.webp\" alt=\"England-Head-Coach-Thomas-Tuchel-sends-on-Jude-Bellingham-England-v-Serbia-FIFA-2026-World-Cup-Qualifying-Group-K-Football-Wembley-Stadium-London-UK-13-Nov-2025London-Wembley-Stadium-United-Kingdom-EDITORIAL-USE-ONLY-No-use-with-unauthorised-audio-video-data-fixture-lists-club-league-logos-or-live-services-Online-in-match-use-limited-to-120-images-no-video-emulation-No-use-in-betting-games-or-single-club-league-player-publications\"\/>Tuchel und Bellingham haben nicht das beste Verh\u00e4ltnis. (Foto: IMAGO\/Shutterstock)TeilenFolgen auf:<a href=\"https:\/\/www.whatsapp.com\/channel\/0029Va5cdVJD8SDp5YZgYF01\" title=\"Auf WhatsApp folgen\" target=\"_blank\" rel=\"noopener\"><img decoding=\"async\" src=\"https:\/\/www.n-tv.de\/socialIcons\/whatsapp.svg\" alt=\"whatsapp\" class=\"ArticleShare_icon__FsrC2\"\/><\/a><a href=\"https:\/\/news.google.com\/publications\/CAAiEPMdif5mpRNxiLOeUpHCwwsqFAgKIhDzHYn-ZqUTcYiznlKRwsML?hl=de&amp;gl=DE&amp;ceid=DE%3Ade\" title=\"Auf Google News folgen\" target=\"_blank\" rel=\"noopener\"><img decoding=\"async\" src=\"https:\/\/www.n-tv.de\/socialIcons\/google.svg\" alt=\"whatsapp\" class=\"ArticleShare_icon__FsrC2\"\/><\/a><\/p>\n<p class=\"Typography_text-m__XI0da Typography_weight-bold__uT6mq storyline_lead_text_leadtext__q_wg8\">Verspielt Jude Bellingham seine WM-Teilnahme? Wieder einmal ist der Mittelfeldstar unzufrieden mit einer Entscheidung von Englands Nationaltrainer Thomas Tuchel und bringt das deutlich zum Ausdruck. <\/p>\n<p class=\"Typography_text-default__P3otY Typography_weight-normal__pqUbH storyline_paragraph_p__qSR5N\">Das Verh\u00e4ltnis von Trainer Thomas Tuchel und Mittelfeldstar Jude Bellingham bei Englands Fu\u00dfballern bleibt trotz der erfolgreichen Qualifikation f\u00fcr die WM im kommenden Jahr schwierig. &#8222;Das ist die Entscheidung, und er muss diese Entscheidung akzeptieren&#8220;, sagte Tuchel zur sp\u00e4ten Auswechslung Bellinghams beim 2:0-Sieg in Albanien: &#8222;Sein Freund wartet an der Seitenlinie, also muss man das akzeptieren, respektieren und weitermachen.&#8220;<\/p>\n<p class=\"Typography_text-default__P3otY Typography_weight-normal__pqUbH storyline_paragraph_p__qSR5N\">Bellingham hatte in der 80. Minute die Gelbe Karte gesehen und wurde vier Minuten sp\u00e4ter ausgewechselt. Der 22-J\u00e4hrige von Real Madrid riss frustriert die Arme hoch, als er Morgan Rogers an der Seitenlinie warten sah, um ihn zu ersetzen. &#8222;Ich werde mir die Szene noch einmal ansehen m\u00fcssen&#8220;, sagte Tuchel. Beide klatschten nach Bellinghams Gang von Rasen immerhin miteinander ab. &#8222;Ich habe gesehen, dass er nicht zufrieden war. Ich will die Sache im Moment nicht \u00fcberbewerten&#8220;, sagte Tuchel. Trotzdem sei &#8222;Respekt gegen\u00fcber den Teamkollegen, die reinkommen, unerl\u00e4sslich&#8220;, betonte er. Tuchel werde seine Entscheidungen nicht \u00e4ndern, &#8222;nur weil jemand mit den Armen fuchtelt&#8220;.<\/p>\n<p>Erstmals seit Monaten in der England-Startelf<\/p>\n<p class=\"Typography_text-default__P3otY Typography_weight-normal__pqUbH storyline_paragraph_p__qSR5N\">F\u00fcr die vorherigen L\u00e4nderspiele im vergangenen Monat hatte der 52-J\u00e4hrige \u00fcberraschend noch ganz auf Bellingham im Kader verzichtet, obwohl dieser nach \u00fcberstandenen Schulterproblemen eigentlich fit gewesen w\u00e4re. Zudem hatte Tuchel einem seiner Stars auch keinen Stammplatz zugesichert. Bellingham hatte in Albanien erstmals seit Monaten wieder in Englands Startelf gestanden &#8211; und war nach dem Abpfiff als Spieler des Spiels ausgezeichnet worden. &#8222;Ich bin zufrieden&#8220;, sagte Bellingham in einem kurzen Video-Clip zu einem &#8222;wichtigen Sieg&#8220; seines Teams.<\/p>\n<p class=\"Typography_text-default__P3otY Typography_weight-normal__pqUbH storyline_paragraph_p__qSR5N\">Nach dem achten Sieg im achten Qualifikationsspiel ohne ein einziges Gegentor auf dem Weg zur Weltmeisterschaft in den USA, Kanada und Mexiko hatte Tuchel, der Ex-Coach von Borussia Dortmund, dem FC Bayern und Mainz 05, fast nur Lob f\u00fcr seine Mannschaft \u00fcbrig. &#8222;Herzlichen Gl\u00fcckwunsch an sie, es war mir eine Freude, mit ihnen zu k\u00e4mpfen und sie von der Seitenlinie aus anzufeuern&#8220;, sagte er.<\/p>\n<p class=\"Typography_text-s__wu_cm Typography_weight-normal__pqUbH Typography_color-darkgrey__sZEnP article-detail-footer_source__KslPc\">Quelle: ntv.de, ara\/dpa<\/p>\n","protected":false},"excerpt":{"rendered":"WM-Teilnahme in Gefahr?Tuchel kanzelt frustrierten Bellingham n\u00fcchtern abTuchel und Bellingham haben nicht das beste Verh\u00e4ltnis. (Foto: IMAGO\/Shutterstock)TeilenFolgen auf:&hellip;\n","protected":false},"author":2,"featured_media":581954,"comment_status":"","ping_status":"","sticky":false,"template":"","format":"standard","meta":{"footnotes":""},"categories":[136],"tags":[29,3058,347,30,21105,265,59115,58622],"class_list":{"0":"post-581953","1":"post","2":"type-post","3":"status-publish","4":"format-standard","5":"has-post-thumbnail","7":"category-sport","8":"tag-deutschland","9":"tag-england","10":"tag-fussball","11":"tag-germany","12":"tag-jude-bellingham","13":"tag-sport","14":"tag-thomas-tuchel","15":"tag-wm-qualifikation"},"share_on_mastodon":{"url":"https:\/\/pubeurope.com\/@de\/115564693989639497","error":""},"_links":{"self":[{"href":"https:\/\/www.europesays.com\/de\/wp-json\/wp\/v2\/posts\/581953","targetHints":{"allow":["GET"]}}],"collection":[{"href":"https:\/\/www.europesays.com\/de\/wp-json\/wp\/v2\/posts"}],"about":[{"href":"https:\/\/www.europesays.com\/de\/wp-json\/wp\/v2\/types\/post"}],"author":[{"embeddable":true,"href":"https:\/\/www.europesays.com\/de\/wp-json\/wp\/v2\/users\/2"}],"replies":[{"embeddable":true,"href":"https:\/\/www.europesays.com\/de\/wp-json\/wp\/v2\/comments?post=581953"}],"version-history":[{"count":0,"href":"https:\/\/www.europesays.com\/de\/wp-json\/wp\/v2\/posts\/581953\/revisions"}],"wp:featuredmedia":[{"embeddable":true,"href":"https:\/\/www.europesays.com\/de\/wp-json\/wp\/v2\/media\/581954"}],"wp:attachment":[{"href":"https:\/\/www.europesays.com\/de\/wp-json\/wp\/v2\/media?parent=581953"}],"wp:term":[{"taxonomy":"category","embeddable":true,"href":"https:\/\/www.europesays.com\/de\/wp-json\/wp\/v2\/categories?post=581953"},{"taxonomy":"post_tag","embeddable":true,"href":"https:\/\/www.europesays.com\/de\/wp-json\/wp\/v2\/tags?post=581953"}],"curies":[{"name":"wp","href":"https:\/\/api.w.org\/{rel}","templated":true}]}}