{"id":581988,"date":"2025-11-17T11:18:16","date_gmt":"2025-11-17T11:18:16","guid":{"rendered":"https:\/\/www.europesays.com\/de\/581988\/"},"modified":"2025-11-17T11:18:16","modified_gmt":"2025-11-17T11:18:16","slug":"pol-st-greven-rucksackdiebstahl-und-versuchter-handtaschendiebstahl","status":"publish","type":"post","link":"https:\/\/www.europesays.com\/de\/581988\/","title":{"rendered":"POL-ST: Greven, Rucksackdiebstahl und versuchter Handtaschendiebstahl"},"content":{"rendered":"<p class=\"date\">17.11.2025 \u2013 11:58<\/p>\n<p class=\"customer\">\n                        <a class=\"story-customer\" title=\"weiter zum newsroom von Polizei Steinfurt\" href=\"https:\/\/www.presseportal.de\/blaulicht\/nr\/43526\" rel=\"nofollow noopener\" target=\"_blank\">Polizei Steinfurt<\/a>\n                    <\/p>\n<p><a data-category=\"citylink-story-view\" data-action=\"click\" data-label=\"Citylink in Meldungsansicht\" class=\"story-city event-trigger\" href=\"https:\/\/www.presseportal.de\/regional\/Greven\" title=\"News aus Greven \" rel=\"nofollow noopener\" target=\"_blank\">Greven<\/a> (ots)<\/p>\n<p>Am Samstagabend (15.11.25) hat es an der Bismarckstra\u00dfe einen Rucksackdiebstahl gegeben, an der Stra\u00dfe Hinter der Lake versuchten Unbekannte eine Handtasche zu stehlen.<\/p>\n<p>An der Bismarckstra\u00dfe, in H\u00f6he des dortigen Supermarkts, wurde eine Frau gegen 19.50 Uhr von einem unbekannten T\u00e4ter angegangen. Der Unbekannte stie\u00df die Frau von ihrem Rollator weg und stahl ihren schwarzen Rucksack. Die Gesch\u00e4digte fiel und verletzte sich leicht. Die Polizei leitete eine Fahndung ein &#8211; jedoch ohne Erfolg. Der T\u00e4ter war etwa 1,80 Meter gro\u00df, von normaler Statur und dunkel gekleidet.<\/p>\n<p>An der Stra\u00dfe Hinter der Lake, auf H\u00f6he des dortigen Parkplatzes, kam es gegen 18.15 Uhr zu einem versuchten Handtaschendiebstahl. Zwei unbekannte T\u00e4ter wollten einer Frau die Handtasche entrei\u00dfen. Die Gesch\u00e4digte st\u00fcrzte und verletzte sich leicht. Sie hielt ihre Tasche aber weiter fest. Die T\u00e4ter fl\u00fcchteten daraufhin. Auch hier blieb eine sofortige Fahndung der Polizei erfolglos. Die T\u00e4ter waren beide m\u00e4nnlich und trugen jeweils einen knielangen dunklen Parka.<\/p>\n<p>N\u00e4here Beschreibungen der T\u00e4ter liegen nicht vor. Die Polizei hat die Ermittlungen aufgenommen. Ob ein Tatzusammenhang besteht, kann noch nicht gesagt werden. Zeugen, die zu den Taten oder den T\u00e4tern Hinweise geben k\u00f6nnen, werden gebeten, die Wache in Greven zu kontaktieren: Telefon 02571\/928-4455.<\/p>\n<p class=\"contact-headline\">R\u00fcckfragen bitte an:<\/p>\n<p class=\"contact-text\">Polizei Steinfurt<br \/>Pressestelle <br \/>Telefon: 02551 152200<\/p>\n<p class=\"originator\">Original-Content von: Polizei Steinfurt, \u00fcbermittelt durch news aktuell<\/p>\n","protected":false},"excerpt":{"rendered":"17.11.2025 \u2013 11:58 Polizei Steinfurt Greven (ots) Am Samstagabend (15.11.25) hat es an der Bismarckstra\u00dfe einen Rucksackdiebstahl gegeben,&hellip;\n","protected":false},"author":2,"featured_media":386213,"comment_status":"","ping_status":"","sticky":false,"template":"","format":"standard","meta":{"footnotes":""},"categories":[1843],"tags":[3364,29,30,177,8970,1209,176,121,178,180,179,181],"class_list":{"0":"post-581988","1":"post","2":"type-post","3":"status-publish","4":"format-standard","5":"has-post-thumbnail","7":"category-muenster","8":"tag-de","9":"tag-deutschland","10":"tag-germany","11":"tag-kriminalitt","12":"tag-muenster","13":"tag-nordrhein-westfalen","14":"tag-nrw","15":"tag-polizei","16":"tag-presse","17":"tag-pressemeldung","18":"tag-pressemitteilung","19":"tag-pressemitteilungen"},"share_on_mastodon":{"url":"https:\/\/pubeurope.com\/@de\/115564767229005840","error":""},"_links":{"self":[{"href":"https:\/\/www.europesays.com\/de\/wp-json\/wp\/v2\/posts\/581988","targetHints":{"allow":["GET"]}}],"collection":[{"href":"https:\/\/www.europesays.com\/de\/wp-json\/wp\/v2\/posts"}],"about":[{"href":"https:\/\/www.europesays.com\/de\/wp-json\/wp\/v2\/types\/post"}],"author":[{"embeddable":true,"href":"https:\/\/www.europesays.com\/de\/wp-json\/wp\/v2\/users\/2"}],"replies":[{"embeddable":true,"href":"https:\/\/www.europesays.com\/de\/wp-json\/wp\/v2\/comments?post=581988"}],"version-history":[{"count":0,"href":"https:\/\/www.europesays.com\/de\/wp-json\/wp\/v2\/posts\/581988\/revisions"}],"wp:featuredmedia":[{"embeddable":true,"href":"https:\/\/www.europesays.com\/de\/wp-json\/wp\/v2\/media\/386213"}],"wp:attachment":[{"href":"https:\/\/www.europesays.com\/de\/wp-json\/wp\/v2\/media?parent=581988"}],"wp:term":[{"taxonomy":"category","embeddable":true,"href":"https:\/\/www.europesays.com\/de\/wp-json\/wp\/v2\/categories?post=581988"},{"taxonomy":"post_tag","embeddable":true,"href":"https:\/\/www.europesays.com\/de\/wp-json\/wp\/v2\/tags?post=581988"}],"curies":[{"name":"wp","href":"https:\/\/api.w.org\/{rel}","templated":true}]}}