{"id":582119,"date":"2025-11-17T12:32:16","date_gmt":"2025-11-17T12:32:16","guid":{"rendered":"https:\/\/www.europesays.com\/de\/582119\/"},"modified":"2025-11-17T12:32:16","modified_gmt":"2025-11-17T12:32:16","slug":"der-faust-2025-renommierte-theaterpreise-gehen-nach-leipzig-chemnitz-und-magdeburg","status":"publish","type":"post","link":"https:\/\/www.europesays.com\/de\/582119\/","title":{"rendered":"&#8222;Der Faust&#8220; 2025: Renommierte Theaterpreise gehen nach Leipzig, Chemnitz und Magdeburg"},"content":{"rendered":"<p class=\"text\">\nAm Samstag ist im Theaterhaus in Stuttgart der Deutsche Theaterpreis &#8222;Der Faust&#8220; 2025 vergeben worden. Dabei sind insgesamt zw\u00f6lf Personen, Ensembles bzw. Produktionen aus ganz Deutschland ausgezeichnet worden \u2013 darunter drei Nominierte aus Sachsen und Sachsen-Anhalt.\n<\/p>\n<p><a name=\"Sleepless\">Regiepreis<\/a> Musiktheater f\u00fcr &#8222;Sleepless&#8220; in Chemnitz<\/p>\n<p class=\"text\">\nDer 1991 geborene Dennis Krau\u00df erhielt den &#8222;Faust&#8220; in der Kategorie Musiktheater-Regie f\u00fcr seine Inszenierung der Oper &#8222;Sleepless&#8220; in <a href=\"https:\/\/www.mdr.de\/kultur\/theater\/chemnitz-freiberg-plauen-erzgebirge-theater-november-108.html\" title=\"Chemnitz bis Zwickau: 7 tolle St\u00fccke im Theater im November 2025\" target=\"_blank\" rel=\"noopener\">Chemnitz<\/a>. Die Jury begr\u00fcndete die Auszeichnung damit, dass der Regisseur und B\u00fchnenbildner mit Hilfe seiner &#8222;quasi requisitenfreien Raumlandschaften&#8220; eine &#8222;direkte vertikale Einsicht in die Tiefen der Partitur&#8220; gew\u00e4hre.\n<\/p>\n<blockquote>\n<p class=\"text\">Eine kluge mutige Arbeit, die publikumswirksam ihren eigenen Weg sucht und selten in der Interpretation von zeitgen\u00f6ssischen Opern zu erleben ist.<\/p>\n<p>Aus der Jurybegr\u00fcndung f\u00fcr Dennis Krau\u00df<\/p>\n<\/blockquote>\n<p class=\"text\">\nDas Publikum werde in einer &#8222;\u00e4sthetisch reduzierten Art direkt mit dem Werk konfrontiert&#8220;, welches so seine &#8222;suggestive Kraft frei entfalten&#8220; k\u00f6nne. Seine Inszenierung sei &#8222;eine kluge mutige Arbeit, die publikumswirksam ihren eigenen Weg sucht und selten in der Interpretation von zeitgen\u00f6ssischen Opern zu erleben&#8220; sei, so die Jury.\n<\/p>\n<p><a name=\"Stasiv\">Faust-Theaterpreis<\/a> f\u00fcr Tanzperformance im Klassenzimmer<\/p>\n<p class=\"text\">\nSofiia Stasiv vom <a href=\"https:\/\/www.mdr.de\/nachrichten\/sachsen\/leipzig\/leipzig-leipzig-land\/theater-junge-welt-neu-spielzeit-intendantin-kultur-news-100.html\" title=\"Leipzig: Neue Intendantin des Theaters der Jungen Welt will zum Mitmachen motivieren\" target=\"_blank\" rel=\"noopener\">Theater der Jungen Welt in Leipzig<\/a> wurde als Darstellerin im Theater f\u00fcr junges Publikum ausgezeichnet. Sie erhielt den Preis f\u00fcr ihre Performance als Sofiia in dem St\u00fcck &#8222;Mobb&#8220;, in dem es um Mobbing geht. Aus Recherchen an Leipziger Schulen entwickelt, stellt es unter anderem die Frage, wie sich Mobbing in die allt\u00e4glichen Bewegungen einschreibt.\n<\/p>\n<p class=\"text\">\nLaut der Jury sei das St\u00fcck, ein Tanzsolo f\u00fcrs Klassenzimmer, eine &#8222;gro\u00dfe k\u00fcnstlerische Herausforderung&#8220;, die Stasiv &#8222;auf allen Ebenen bravour\u00f6s&#8220; meistere. Sie kommuniziere mit Blicken und Gesten und ziehe in jedem Moment die Konzentration auf sich. Sie dringe in den Raum ein, &#8222;wirbelt diesen auf, unterwandert die vermeintlichen nicht zu hinterfragenden Regeln und macht Platz f\u00fcr etwas Neues&#8220;, so die Jury. Ihr Spiel sei sowohl von gro\u00dfer Kraft als auch von einer gro\u00dfen Fragilit\u00e4t und sehr ber\u00fchrend. Es &#8222;hinterl\u00e4sst eine Spur in den K\u00f6pfen des Publikums&#8220;.\n<\/p>\n<blockquote>\n<p class=\"text\">Ihr Spiel ist sowohl von gro\u00dfer Kraft als auch von einer gro\u00dfen Fragilit\u00e4t und sehr ber\u00fchrend.<\/p>\n<p>Aus der Jurybegr\u00fcndung f\u00fcr Sofiia Stasiv<\/p>\n<\/blockquote>\n<p><a name=\"eXoplanet\">Erste<\/a> Musiktheater-Festivalausgabe in Magdeburg ausgezeichnet<\/p>\n<p class=\"text\">\nSachsen-Anhalts Tage f\u00fcr neues Musiktheater, &#8222;<a href=\"https:\/\/www.mdr.de\/nachrichten\/sachsen-anhalt\/magdeburg\/magdeburg\/theater-preis-faust-kultur-news-100.html\" title=\"Magdeburg: Theater erh\u00e4lt renommierten Faust-Theaterpreis f\u00fcr Festival &quot;Exoplanet&quot;\" target=\"_blank\" rel=\"noopener\">eXoplanet #1<\/a>&#8222;, wurden beim &#8222;Faust&#8220;-Theaterpreis 2025 mit dem Perspektivpreis der L\u00e4nder ausgezeichnet. Das Festival erhielt die begehrte Auszeichnung gleich f\u00fcr seine erste Ausgabe. Diese fand im Mai 2025 unter dem Motto &#8222;Hysterie in der Peripherie&#8220; statt \u2013 kuratiert und organisiert durch das <a href=\"https:\/\/www.mdr.de\/nachrichten\/sachsen-anhalt\/magdeburg\/magdeburg\/zukunft-theater-magdeburg-kultur-news-100.html\" title=\"Magdeburg: Theater setzt Attentat auf Weihnachtsmarkt k\u00fcnstlerisch um\" target=\"_blank\" rel=\"noopener\">Theater Magdeburg<\/a>.\n<\/p>\n<p class=\"text\">\nLaut der Jury erkunde das Festival mit &#8222;eXoplanet #1&#8220; ungew\u00f6hnliche Orte und R\u00e4ume f\u00fcr theatrales Erz\u00e4hlen au\u00dferhalb etablierter Spielst\u00e4tten \u2013 von historischen Industrie- und Kulturorten \u00fcber Parkanlagen bis hin zu Bierg\u00e4rten.<\/p>\n","protected":false},"excerpt":{"rendered":"Am Samstag ist im Theaterhaus in Stuttgart der Deutsche Theaterpreis &#8222;Der Faust&#8220; 2025 vergeben worden. Dabei sind insgesamt&hellip;\n","protected":false},"author":2,"featured_media":581256,"comment_status":"","ping_status":"","sticky":false,"template":"","format":"standard","meta":{"footnotes":""},"categories":[1851],"tags":[2770,3364,139623,29,548,663,3934,21028,12307,30,13,66,81,14,15,828,859,12,139622,94,51249],"class_list":{"0":"post-582119","1":"post","2":"type-post","3":"status-publish","4":"format-standard","5":"has-post-thumbnail","7":"category-chemnitz","8":"tag-chemnitz","9":"tag-de","10":"tag-dennis-krauss","11":"tag-deutschland","12":"tag-eu","13":"tag-europa","14":"tag-europe","15":"tag-exoplanet","16":"tag-faust","17":"tag-germany","18":"tag-headlines","19":"tag-kulturnachrichten","20":"tag-mdr","21":"tag-nachrichten","22":"tag-news","23":"tag-preis","24":"tag-sachsen","25":"tag-schlagzeilen","26":"tag-sofiia-satasiv","27":"tag-theater","28":"tag-verleihung"},"share_on_mastodon":{"url":"https:\/\/pubeurope.com\/@de\/115565058055411751","error":""},"_links":{"self":[{"href":"https:\/\/www.europesays.com\/de\/wp-json\/wp\/v2\/posts\/582119","targetHints":{"allow":["GET"]}}],"collection":[{"href":"https:\/\/www.europesays.com\/de\/wp-json\/wp\/v2\/posts"}],"about":[{"href":"https:\/\/www.europesays.com\/de\/wp-json\/wp\/v2\/types\/post"}],"author":[{"embeddable":true,"href":"https:\/\/www.europesays.com\/de\/wp-json\/wp\/v2\/users\/2"}],"replies":[{"embeddable":true,"href":"https:\/\/www.europesays.com\/de\/wp-json\/wp\/v2\/comments?post=582119"}],"version-history":[{"count":0,"href":"https:\/\/www.europesays.com\/de\/wp-json\/wp\/v2\/posts\/582119\/revisions"}],"wp:featuredmedia":[{"embeddable":true,"href":"https:\/\/www.europesays.com\/de\/wp-json\/wp\/v2\/media\/581256"}],"wp:attachment":[{"href":"https:\/\/www.europesays.com\/de\/wp-json\/wp\/v2\/media?parent=582119"}],"wp:term":[{"taxonomy":"category","embeddable":true,"href":"https:\/\/www.europesays.com\/de\/wp-json\/wp\/v2\/categories?post=582119"},{"taxonomy":"post_tag","embeddable":true,"href":"https:\/\/www.europesays.com\/de\/wp-json\/wp\/v2\/tags?post=582119"}],"curies":[{"name":"wp","href":"https:\/\/api.w.org\/{rel}","templated":true}]}}