{"id":582315,"date":"2025-11-17T14:35:12","date_gmt":"2025-11-17T14:35:12","guid":{"rendered":"https:\/\/www.europesays.com\/de\/582315\/"},"modified":"2025-11-17T14:35:12","modified_gmt":"2025-11-17T14:35:12","slug":"nuernberg-steinwurf-auf-auto-von-zehn-und-elfjaehrigen-verdaechtigen-bayern","status":"publish","type":"post","link":"https:\/\/www.europesays.com\/de\/582315\/","title":{"rendered":"N\u00fcrnberg: Steinwurf auf Auto von zehn und elfj\u00e4hrigen Verd\u00e4chtigen &#8211; Bayern"},"content":{"rendered":"<p data-manual=\"paragraph\" data-schema-org-speakable=\"true\" class=\"css-1eosz7k\">Nach dem Steinwurf auf ein Auto und dem Vorwurf des versuchten Mordes in <a href=\"https:\/\/www.sueddeutsche.de\/thema\/N%C3%BCrnberg\" target=\"_blank\" rel=\"noopener\">N\u00fcrnberg<\/a> hat die Polizei vier <a href=\"https:\/\/www.sueddeutsche.de\/thema\/Kinder\" target=\"_blank\" rel=\"noopener\">Kinder<\/a> als Verd\u00e4chtige ermittelt. Sie sollen zudem f\u00fcr einen weiteren Steinwurf verantwortlich sein, was sich w\u00e4hrend der Ermittlungen herausgestellt hatte. Laut Polizei sind die Kinder im Alter zwischen zehn und elf jedoch strafunm\u00fcndig. Einen Schadenersatz k\u00f6nne es trotzdem geben.<\/p>\n<p data-manual=\"paragraph\" data-schema-org-speakable=\"true\" class=\"css-1eosz7k\">Die vier Kinder sollen am 31. Oktober mehrere faustgro\u00dfe Steine und Platten von einer Eisenbahnbr\u00fccke auf den <a href=\"https:\/\/www.sueddeutsche.de\/thema\/Frankenschnellweg\" target=\"_blank\" rel=\"noopener\">Frankenschnellweg<\/a> geworfen haben. Dabei h\u00e4tten sie ein Fahrzeug an der Frontscheibe getroffen. Die Scheibe sei nicht zerbrochen und der 46 Jahre alte Fahrer auch nicht verletzt worden. Er hielt seinen Wagen auf dem Standstreifen an. Ein zweites Auto sei durch die auf der Stra\u00dfe liegenden Steine besch\u00e4digt worden. Nach dem Vorfall suchte die Polizei mit einem Hubschrauber nach den T\u00e4tern \u2013 erfolglos. Die Staatsanwaltschaft sah die Tat als versuchten Mord an. Der Frankenschnellweg f\u00fchrt als Teil der Autobahn 73 durch N\u00fcrnberg.<\/p>\n<p data-manual=\"paragraph\" data-schema-org-speakable=\"true\" class=\"css-1eosz7k\">Die Ermittler brachten zudem einen zweiten Vorfall am Frankenschnellweg mit der Tat in Verbindung. Sechs Tage zuvor h\u00e4tten Unbekannte kleinere Steine von der Br\u00fccke geworfen und f\u00fcnf Fahrzeuge besch\u00e4digt. Verletzt wurde dabei niemand. In dem Fall wurde unter anderem wegen versuchter gef\u00e4hrlicher K\u00f6rperverletzung ermittelt.<\/p>\n<p data-manual=\"paragraph\" data-schema-org-speakable=\"true\" class=\"css-1eosz7k\">Auf die Spur der Kinder sei die Polizei gekommen, als sie zu einer Schule gegangen sei. Nachdem die Lehrkr\u00e4fte den Fall in ihren Klassen bekannt gemacht hatten, meldeten sich drei Kinder aus einer f\u00fcnften Klasse: Sie h\u00e4tten die Steine geworfen. Au\u00dferdem sei ein weiterer Junge aus einer anderen Schule beteiligt gewesen.Die Beamten f\u00fchrten Gespr\u00e4che mit den Eltern und den Kindern. Polizeiaussagen zufolge wird eine Meldung \u00fcber die strafunm\u00fcndigen Kinder an die Staatsanwaltschaft geschickt. Unter Umst\u00e4nden werde das Jugendamt informiert. Kinder unter 14 gelten in Deutschland als nicht strafm\u00fcndig.<\/p>\n","protected":false},"excerpt":{"rendered":"Nach dem Steinwurf auf ein Auto und dem Vorwurf des versuchten Mordes in N\u00fcrnberg hat die Polizei vier&hellip;\n","protected":false},"author":2,"featured_media":582316,"comment_status":"","ping_status":"","sticky":false,"template":"","format":"standard","meta":{"footnotes":""},"categories":[1837],"tags":[772,3364,29,15298,30,1114,4156,3783,11336,149,13708],"class_list":{"0":"post-582315","1":"post","2":"type-post","3":"status-publish","4":"format-standard","5":"has-post-thumbnail","7":"category-nuernberg","8":"tag-bayern","9":"tag-de","10":"tag-deutschland","11":"tag-frankenschnellweg","12":"tag-germany","13":"tag-kinder","14":"tag-mittelfranken","15":"tag-nuernberg","16":"tag-polizei-und-feuerwehr-in-bayern","17":"tag-sueddeutsche-zeitung","18":"tag-verkehr-in-bayern"},"share_on_mastodon":{"url":"https:\/\/pubeurope.com\/@de\/115565541760558177","error":""},"_links":{"self":[{"href":"https:\/\/www.europesays.com\/de\/wp-json\/wp\/v2\/posts\/582315","targetHints":{"allow":["GET"]}}],"collection":[{"href":"https:\/\/www.europesays.com\/de\/wp-json\/wp\/v2\/posts"}],"about":[{"href":"https:\/\/www.europesays.com\/de\/wp-json\/wp\/v2\/types\/post"}],"author":[{"embeddable":true,"href":"https:\/\/www.europesays.com\/de\/wp-json\/wp\/v2\/users\/2"}],"replies":[{"embeddable":true,"href":"https:\/\/www.europesays.com\/de\/wp-json\/wp\/v2\/comments?post=582315"}],"version-history":[{"count":0,"href":"https:\/\/www.europesays.com\/de\/wp-json\/wp\/v2\/posts\/582315\/revisions"}],"wp:featuredmedia":[{"embeddable":true,"href":"https:\/\/www.europesays.com\/de\/wp-json\/wp\/v2\/media\/582316"}],"wp:attachment":[{"href":"https:\/\/www.europesays.com\/de\/wp-json\/wp\/v2\/media?parent=582315"}],"wp:term":[{"taxonomy":"category","embeddable":true,"href":"https:\/\/www.europesays.com\/de\/wp-json\/wp\/v2\/categories?post=582315"},{"taxonomy":"post_tag","embeddable":true,"href":"https:\/\/www.europesays.com\/de\/wp-json\/wp\/v2\/tags?post=582315"}],"curies":[{"name":"wp","href":"https:\/\/api.w.org\/{rel}","templated":true}]}}