{"id":582461,"date":"2025-11-17T15:57:13","date_gmt":"2025-11-17T15:57:13","guid":{"rendered":"https:\/\/www.europesays.com\/de\/582461\/"},"modified":"2025-11-17T15:57:13","modified_gmt":"2025-11-17T15:57:13","slug":"nach-skandalspiel-gegen-berlin-fehlt-nuernberg-in-muenchen-die-kraft","status":"publish","type":"post","link":"https:\/\/www.europesays.com\/de\/582461\/","title":{"rendered":"Nach Skandalspiel gegen Berlin fehlt N\u00fcrnberg in M\u00fcnchen die Kraft"},"content":{"rendered":"<p>\nHinter den N\u00fcrnberg Ice Tigers liegt ein sportlich nur wenig erfolgreiches Wochenende: Am Sonntag setzte es eine 1:4-Ausw\u00e4rtsniederlage beim EHC Red Bull M\u00fcnchen, am Freitag wurde das Heimspiel gegen die Eisb\u00e4ren Berlin mit 4:5 n.P. verloren. Letzteres darf ohne \u00dcbertreibung als Skandalspiel eingestuft werden. Die Gem\u00fcter in einer ausverkauften PSD Bank N\u00fcrnberg Arena waren bis zum Siedepunkt erhitzt. Gesch\u00e4ftsf\u00fchrer Wolfgang Gastner stand nach Ablauf der regul\u00e4ren Spielzeit in einer ge\u00f6ffneten Banden-T\u00fcre und schrie seine Frustration in Richtung der beiden Hauptschiedsrichter Sean&#8230;<\/p>\n<p>Lesen Sie kostenlos weiter, nachdem Sie ein Werbevideo angeschaut haben.<\/p>\n","protected":false},"excerpt":{"rendered":"Hinter den N\u00fcrnberg Ice Tigers liegt ein sportlich nur wenig erfolgreiches Wochenende: Am Sonntag setzte es eine 1:4-Ausw\u00e4rtsniederlage&hellip;\n","protected":false},"author":2,"featured_media":582462,"comment_status":"","ping_status":"","sticky":false,"template":"","format":"standard","meta":{"footnotes":""},"categories":[1837],"tags":[772,3364,29,30,3783,20601,25260],"class_list":{"0":"post-582461","1":"post","2":"type-post","3":"status-publish","4":"format-standard","5":"has-post-thumbnail","7":"category-nuernberg","8":"tag-bayern","9":"tag-de","10":"tag-deutschland","11":"tag-germany","12":"tag-nuernberg","13":"tag-oberpfalz-hs","14":"tag-oberpfalz-meldung"},"share_on_mastodon":{"url":"https:\/\/pubeurope.com\/@de\/115565864285721182","error":""},"_links":{"self":[{"href":"https:\/\/www.europesays.com\/de\/wp-json\/wp\/v2\/posts\/582461","targetHints":{"allow":["GET"]}}],"collection":[{"href":"https:\/\/www.europesays.com\/de\/wp-json\/wp\/v2\/posts"}],"about":[{"href":"https:\/\/www.europesays.com\/de\/wp-json\/wp\/v2\/types\/post"}],"author":[{"embeddable":true,"href":"https:\/\/www.europesays.com\/de\/wp-json\/wp\/v2\/users\/2"}],"replies":[{"embeddable":true,"href":"https:\/\/www.europesays.com\/de\/wp-json\/wp\/v2\/comments?post=582461"}],"version-history":[{"count":0,"href":"https:\/\/www.europesays.com\/de\/wp-json\/wp\/v2\/posts\/582461\/revisions"}],"wp:featuredmedia":[{"embeddable":true,"href":"https:\/\/www.europesays.com\/de\/wp-json\/wp\/v2\/media\/582462"}],"wp:attachment":[{"href":"https:\/\/www.europesays.com\/de\/wp-json\/wp\/v2\/media?parent=582461"}],"wp:term":[{"taxonomy":"category","embeddable":true,"href":"https:\/\/www.europesays.com\/de\/wp-json\/wp\/v2\/categories?post=582461"},{"taxonomy":"post_tag","embeddable":true,"href":"https:\/\/www.europesays.com\/de\/wp-json\/wp\/v2\/tags?post=582461"}],"curies":[{"name":"wp","href":"https:\/\/api.w.org\/{rel}","templated":true}]}}