{"id":582509,"date":"2025-11-17T16:24:16","date_gmt":"2025-11-17T16:24:16","guid":{"rendered":"https:\/\/www.europesays.com\/de\/582509\/"},"modified":"2025-11-17T16:24:16","modified_gmt":"2025-11-17T16:24:16","slug":"berlin-brandenburg-polizeibeamte-in-rigaer-strasse-mit-pyrotechnik-beworfen","status":"publish","type":"post","link":"https:\/\/www.europesays.com\/de\/582509\/","title":{"rendered":"Berlin &#038; Brandenburg: Polizeibeamte in Rigaer Stra\u00dfe mit Pyrotechnik beworfen"},"content":{"rendered":"<p>Berlin &amp; BrandenburgPolizeibeamte in Rigaer Stra\u00dfe mit Pyrotechnik beworfen<img decoding=\"async\" class=\"Image_img__fQCi0 Image_Img_16_9__4BLfH\" loading=\"eager\" fetchpriority=\"high\" src=\"https:\/\/www.europesays.com\/de\/wp-content\/uploads\/2025\/11\/Die-Polizeibeamten-blieben-unverletzt.webp.webp\" alt=\"Die-Polizeibeamten-blieben-unverletzt\"\/>TeilenFolgen auf:<a href=\"https:\/\/www.whatsapp.com\/channel\/0029Va5cdVJD8SDp5YZgYF01\" title=\"Auf WhatsApp folgen\" target=\"_blank\" rel=\"noopener\"><img decoding=\"async\" src=\"https:\/\/www.n-tv.de\/socialIcons\/whatsapp.svg\" alt=\"whatsapp\" class=\"ArticleShare_icon__FsrC2\"\/><\/a><a href=\"https:\/\/news.google.com\/publications\/CAAiEPMdif5mpRNxiLOeUpHCwwsqFAgKIhDzHYn-ZqUTcYiznlKRwsML?hl=de&amp;gl=DE&amp;ceid=DE%3Ade\" title=\"Auf Google News folgen\" target=\"_blank\" rel=\"noopener\"><img decoding=\"async\" src=\"https:\/\/www.n-tv.de\/socialIcons\/google.svg\" alt=\"whatsapp\" class=\"ArticleShare_icon__FsrC2\"\/><\/a><\/p>\n<p class=\"Typography_text-m__XI0da Typography_weight-bold__uT6mq storyline_lead_text_leadtext__q_wg8\">Wegen eines Angriffs auf ein Geb\u00e4ude r\u00fccken Polizeibeamte zur Rigaer Stra\u00dfe aus &#8211; und werden dabei laut der Beh\u00f6rde selbst zum Ziel. Dieses Mal kam der Angriff von den D\u00e4chern.<\/p>\n<p class=\"Typography_text-default__P3otY Typography_weight-normal__pqUbH storyline_paragraph_p__qSR5N\">Berlin (dpa\/bb) &#8211; Die Polizei ist bei einem Einsatz in der Rigaer Stra\u00dfe in Friedrichshain nach eigenen Angaben mit Pyrotechnik beworfen worden. Eigentlich seien die Beamten in der Nacht zun\u00e4chst alarmiert worden, weil vier bis sieben maskierte Unbekannte die Fassade eines Geb\u00e4udes unter anderem mit einem Hammer besch\u00e4digt h\u00e4tten, teilte die Polizei mit. Die Unbekannten h\u00e4tten sich jedoch schon vor dem Eintreffen der Beamten wieder entfernt, als sich eine Anwohnerin bemerkbar gemacht habe.<\/p>\n<p class=\"Typography_text-default__P3otY Typography_weight-normal__pqUbH storyline_paragraph_p__qSR5N\">Vor Ort seien die Beamten dann von den D\u00e4chern mit Pyrotechnik beworfen worden, teilte die Polizei mit. Verletzt worden sei dabei niemand. Ob die beiden F\u00e4lle im Zusammenhang st\u00fcnden, war zun\u00e4chst nicht bekannt. Erst als weitere Beamte eingetroffen seien, habe sich die Situation beruhigt.<\/p>\n<p class=\"Typography_text-s__wu_cm Typography_weight-normal__pqUbH Typography_color-darkgrey__sZEnP article-detail-footer_source__KslPc\">Quelle: dpa<\/p>\n","protected":false},"excerpt":{"rendered":"Berlin &amp; BrandenburgPolizeibeamte in Rigaer Stra\u00dfe mit Pyrotechnik beworfenTeilenFolgen auf: Wegen eines Angriffs auf ein Geb\u00e4ude r\u00fccken Polizeibeamte&hellip;\n","protected":false},"author":2,"featured_media":582510,"comment_status":"","ping_status":"","sticky":false,"template":"","format":"standard","meta":{"footnotes":""},"categories":[1816],"tags":[1960,1958,1959,1957,1956,1890,29,30],"class_list":{"0":"post-582509","1":"post","2":"type-post","3":"status-publish","4":"format-standard","5":"has-post-thumbnail","7":"category-brandenburg","8":"tag-aktuelle-nachrichten-aus-berlin-und-brandenburg","9":"tag-aktuelle-nachrichten-aus-brandenburg","10":"tag-aktuelle-news-aus-berlin-und-brandenburg","11":"tag-aktuelle-news-aus-brandenburg","12":"tag-berlin-und-brandenburg","13":"tag-brandenburg","14":"tag-deutschland","15":"tag-germany"},"share_on_mastodon":{"url":"https:\/\/pubeurope.com\/@de\/115565970686151722","error":""},"_links":{"self":[{"href":"https:\/\/www.europesays.com\/de\/wp-json\/wp\/v2\/posts\/582509","targetHints":{"allow":["GET"]}}],"collection":[{"href":"https:\/\/www.europesays.com\/de\/wp-json\/wp\/v2\/posts"}],"about":[{"href":"https:\/\/www.europesays.com\/de\/wp-json\/wp\/v2\/types\/post"}],"author":[{"embeddable":true,"href":"https:\/\/www.europesays.com\/de\/wp-json\/wp\/v2\/users\/2"}],"replies":[{"embeddable":true,"href":"https:\/\/www.europesays.com\/de\/wp-json\/wp\/v2\/comments?post=582509"}],"version-history":[{"count":0,"href":"https:\/\/www.europesays.com\/de\/wp-json\/wp\/v2\/posts\/582509\/revisions"}],"wp:featuredmedia":[{"embeddable":true,"href":"https:\/\/www.europesays.com\/de\/wp-json\/wp\/v2\/media\/582510"}],"wp:attachment":[{"href":"https:\/\/www.europesays.com\/de\/wp-json\/wp\/v2\/media?parent=582509"}],"wp:term":[{"taxonomy":"category","embeddable":true,"href":"https:\/\/www.europesays.com\/de\/wp-json\/wp\/v2\/categories?post=582509"},{"taxonomy":"post_tag","embeddable":true,"href":"https:\/\/www.europesays.com\/de\/wp-json\/wp\/v2\/tags?post=582509"}],"curies":[{"name":"wp","href":"https:\/\/api.w.org\/{rel}","templated":true}]}}