{"id":582521,"date":"2025-11-17T16:30:19","date_gmt":"2025-11-17T16:30:19","guid":{"rendered":"https:\/\/www.europesays.com\/de\/582521\/"},"modified":"2025-11-17T16:30:19","modified_gmt":"2025-11-17T16:30:19","slug":"kessler-zwillinge-alice-und-ellen-sind-gestorben","status":"publish","type":"post","link":"https:\/\/www.europesays.com\/de\/582521\/","title":{"rendered":"Kessler-Zwillinge Alice und Ellen sind gestorben"},"content":{"rendered":"<p class=\"p1 sm:p1-medium items-start pb-[20px]\" data-selector=\"body-paragraph\" data-external-selector=\"body-elements-paragraph\" data-v-f16c667d=\"\" data-v-439309db=\"\">Sie waren \u00adunzertrennlich \u2013 bis in den Tod. Die Kessler-Zwillinge Alice und Ellen sind am Montag im Alter von 89 Jahren gestorben. Ein Sprecher der\u00a0 \u00adPolizei best\u00e4tigte einen Polizei\u00adeinsatz in Gr\u00fcnwald bei M\u00fcnchen, ohne n\u00e4here Details zu nennen. Nach Informationen der Agentur AFP \u00adbegingen die beiden Suizid.<\/p>\n<p class=\"p1 sm:p1-medium items-start pb-[20px]\" data-selector=\"body-paragraph\" data-external-selector=\"body-elements-paragraph\" data-v-f16c667d=\"\" data-v-439309db=\"\">Alice und Ellen Kessler waren am 20. August 1936 in Nerchau (Sachsen) als eineiige Zwillinge geboren worden \u2013 mit dem Nachnamen \u00adKaessler. Die Eltern f\u00f6rderten die M\u00e4dchen fr\u00fch, schickten sie als Sechsj\u00e4hrige zum Ballettunterricht. 1950 wurden sie an der Leipziger Operntanzschule an\u00adgenommen. Unbeschwert waren ihre fr\u00fchen Jahre aber nicht \u2013 ihr Vater war gewalt\u00adt\u00e4tig, ihre beiden \u00e4lteren Br\u00fcder starben an Gelbsucht und Typhus.<\/p>\n<p class=\"p1 sm:p1-medium items-start pb-[20px]\" data-selector=\"body-paragraph\" data-external-selector=\"body-elements-paragraph\" data-v-f16c667d=\"\" data-v-439309db=\"\">Ein Besuchervisum nutzten sie 1952 zur Flucht aus der DDR \u2013 der Vater lebte bereits in D\u00fcsseldorf. Dort erhielten sie ihr erstes Engagement als T\u00e4nzerinnen, und 1955 wurden sie f\u00fcr das Lido verpflichtet, das Variet\u00e9 an den Champs-\u00c9lys\u00e9es. Die\u00a0 Kaesslers strichen das \u201ea\u201c aus ihrem Namen und tanzten sich in die Herzen der Franzosen. Seit 1962 hatten Ellen und Alice fast 24 Jahre lang in Italien ihren Erstwohnsitz. In der pr\u00fcden Nachkriegszeit geh\u00f6rten die beiden Showstars zu den Ersten, die auf der B\u00fchne viel Bein zeigten.<\/p>\n<p><a href=\"https:\/\/www.faz.net\/aktuell\/gesellschaft\/kessler-zwillinge-in-diesen-shows-traten-sie-auf-110785047.html\" rel=\"noopener noreferrer nofollow\" class=\"w-full\" target=\"_blank\"><img decoding=\"async\" alt=\"Die Kessler-Zwillinge bei einem Auftritt in \u201eLieben Sie Show?\u201c\" height=\"9\" loading=\"lazy\"   src=\"https:\/\/www.europesays.com\/de\/wp-content\/uploads\/2025\/11\/die-kessler-zwillinge-bei.jpg\" width=\"16\"\/><\/a><strong class=\"meta1 pr-[10px]\">Tod der Schwestern<\/strong>Wo die Kessler-Zwillinge im Scheinwerferlicht standen<\/p>\n<p class=\"p1 sm:p1-medium items-start pb-[20px]\" data-selector=\"body-paragraph\" data-external-selector=\"body-elements-paragraph\" data-v-f16c667d=\"\" data-v-439309db=\"\">Auch im Film machten die beiden Schwestern Karriere. Ihre erste \u00adgemeinsame Rolle bekamen sie 1955 in der Kom\u00f6die \u201eSolang\u2019 es h\u00fcbsche M\u00e4dchen\u201c gibt. Weitere Filme waren \u201eVier M\u00e4dels aus der Wachau\u201c (1957), \u201eDer Graf von Luxemburg\u201c (1957) sowie \u201eDie Tote von Beverly Hills\u201c (1964).<\/p>\n<p class=\"p1 sm:p1-medium items-start pb-[20px]\" data-selector=\"body-paragraph\" data-external-selector=\"body-elements-paragraph\" data-v-f16c667d=\"\" data-v-439309db=\"\">Als S\u00e4ngerinnen brachten sie bis 1963 zw\u00f6lf Duett-Singles und sechs Platten heraus, die sie mit Peter Kraus als das Trio Alice, Ellen &amp; \u00adPeter besangen. Sie waren in vielen Shows zu sehen und nahmen 1959 mit \u201eHeute Abend woll\u2019n wir tanzen geh\u2019n\u201c am Grand Prix Euro\u00advision in Cannes teil \u2013 kamen aber nur auf Platz acht unter elf Teilnehmern.<\/p>\n<p class=\"p1 sm:p1-medium items-start pb-[20px]\" data-selector=\"body-paragraph\" data-external-selector=\"body-elements-paragraph\" data-v-f16c667d=\"\" data-v-439309db=\"\">Seit 1986 lebten die Kesslers im M\u00fcnchner Nobelvorort Gr\u00fcnwald gemeinsam in einem Doppelhaus. Erst im Juli hatte der bayerische Minister\u00adpr\u00e4sident Markus S\u00f6der (CSU) die Schwestern in der M\u00fcnchner Residenz mit dem Bayerischen Verdienstorden ausgezeichnet.<\/p>\n<p class=\"p1 sm:p1-medium items-start pb-[20px]\" data-selector=\"body-paragraph\" data-external-selector=\"body-elements-paragraph\" data-v-f16c667d=\"\" data-v-439309db=\"\">Im April 2024 hatten die\u00a0 beiden\u00a0 in\u00a0 \u201eBild\u201c gesagt, dass sie \u201eeines \u00adTages\u201c in derselben Urne bestattet werden wollten, zusammen mit der Asche ihrer geliebten Mutter Elsa und der ihres Hundes Yello. \u201eIm Tode vereint, so h\u00e4tten wir es gern \u2013 und so haben wir es auch testamentarisch verf\u00fcgt\u201c, sagte Ellen Kessler damals.<\/p>\n","protected":false},"excerpt":{"rendered":"Sie waren \u00adunzertrennlich \u2013 bis in den Tod. Die Kessler-Zwillinge Alice und Ellen sind am Montag im Alter&hellip;\n","protected":false},"author":2,"featured_media":582522,"comment_status":"","ping_status":"","sticky":false,"template":"","format":"standard","meta":{"footnotes":""},"categories":[1776],"tags":[1801,29,214,30,1802,215],"class_list":{"0":"post-582521","1":"post","2":"type-post","3":"status-publish","4":"format-standard","5":"has-post-thumbnail","7":"category-prominente","8":"tag-celebrities","9":"tag-deutschland","10":"tag-entertainment","11":"tag-germany","12":"tag-prominente","13":"tag-unterhaltung"},"share_on_mastodon":{"url":"https:\/\/pubeurope.com\/@de\/115565994637595181","error":""},"_links":{"self":[{"href":"https:\/\/www.europesays.com\/de\/wp-json\/wp\/v2\/posts\/582521","targetHints":{"allow":["GET"]}}],"collection":[{"href":"https:\/\/www.europesays.com\/de\/wp-json\/wp\/v2\/posts"}],"about":[{"href":"https:\/\/www.europesays.com\/de\/wp-json\/wp\/v2\/types\/post"}],"author":[{"embeddable":true,"href":"https:\/\/www.europesays.com\/de\/wp-json\/wp\/v2\/users\/2"}],"replies":[{"embeddable":true,"href":"https:\/\/www.europesays.com\/de\/wp-json\/wp\/v2\/comments?post=582521"}],"version-history":[{"count":0,"href":"https:\/\/www.europesays.com\/de\/wp-json\/wp\/v2\/posts\/582521\/revisions"}],"wp:featuredmedia":[{"embeddable":true,"href":"https:\/\/www.europesays.com\/de\/wp-json\/wp\/v2\/media\/582522"}],"wp:attachment":[{"href":"https:\/\/www.europesays.com\/de\/wp-json\/wp\/v2\/media?parent=582521"}],"wp:term":[{"taxonomy":"category","embeddable":true,"href":"https:\/\/www.europesays.com\/de\/wp-json\/wp\/v2\/categories?post=582521"},{"taxonomy":"post_tag","embeddable":true,"href":"https:\/\/www.europesays.com\/de\/wp-json\/wp\/v2\/tags?post=582521"}],"curies":[{"name":"wp","href":"https:\/\/api.w.org\/{rel}","templated":true}]}}