{"id":582538,"date":"2025-11-17T16:40:15","date_gmt":"2025-11-17T16:40:15","guid":{"rendered":"https:\/\/www.europesays.com\/de\/582538\/"},"modified":"2025-11-17T16:40:15","modified_gmt":"2025-11-17T16:40:15","slug":"nach-andeutung-einer-groesseren-boeing-777x-jetzt-denkt-auch-airbus-laut-ueber-einen-groesseren-airbus-a350-nach","status":"publish","type":"post","link":"https:\/\/www.europesays.com\/de\/582538\/","title":{"rendered":"Nach Andeutung einer gr\u00f6\u00dferen Boeing 777X: Jetzt denkt auch Airbus laut \u00fcber einen gr\u00f6\u00dferen Airbus A350 nach"},"content":{"rendered":"\n<p>Dennoch hat das Thema Airbus-A380-Nachfolger jetzt Fahrt aufgenommen. Denn Airbus zieht nach. Man denke \u00fcber eine gr\u00f6\u00dfere Version des A350 nach, erkl\u00e4rte Airbus&#8216; Zivilflugzeugchef Christian Scherer gegen\u00fcber der Nachrichtenagentur Reuters. Zwar sei man mit der Leistung des A350-1000 zufrieden, aber: \u00abEine Reihe unserer Kunden sagt uns &#8230; bitte pr\u00fcft, ob ihr ihn verl\u00e4ngert, da dies eine hervorragende L\u00f6sung f\u00fcr uns sein k\u00f6nnte, wenn wir wachsen\u00bb. Und genau das pr\u00fcfe der europ\u00e4ische Hersteller derzeit.<\/p>\n<p>Emirates will gr\u00f6\u00dferen Airbus A350 und gr\u00f6\u00dfere Boeing 777X<\/p>\n<p>Emirates hat schon \u00f6fter klargemacht: Weder der Airbus A350-1000 noch die Boeing 777-9 reichen aus, um den Airbus A380 eines Tages zu ersetzen. Airline-Pr\u00e4sident Tim Clark fordert gr\u00f6\u00dfere Jets \u00abauf beiden Seiten des Atlantiks\u00bb. Slots an gro\u00dfen Flugh\u00e4fen seien knapp, argumentiert Clark, deshalb brauche es mehr Kapazit\u00e4t pro Flug.<\/p>\n<p>Airbus hatte die Idee eines gr\u00f6\u00dferen Langstreckenmodells zuletzt auch schon vorsichtig selbst ins Spiel gebracht. Konzernchef Guillaume Faury sprach im Sommer von einer m\u00f6glichen \u00abnat\u00fcrlichen Weiterentwicklung\u00bb der A350-Reihe. Nun best\u00e4tigt Scherer, dass Airbus dies aktiv pr\u00fcft.<\/p>\n<p>Sch\u00f6n, dass Sie hier sind! Unsere Redaktion kennt die Branche, ihre Akteure und Zahlen \u2013 seit vielen Jahren. Wenn Sie uns unterst\u00fctzen wollen, zahlen Sie weniger als f\u00fcr ein Getr\u00e4nk am Flughafen. Zudem lesen Sie werbefrei und st\u00e4rken die unabh\u00e4ngige Berichterstattung. Jeder Beitrag z\u00e4hlt. <a href=\"https:\/\/www.aerotelegraph.com\/insider\" id=\"3af90de7-b6e9-4a0a-a888-e9c410ebddd9\" rel=\"nofollow noopener\" target=\"_blank\"><strong>Jetzt hier klicken und abonnieren<\/strong><\/a><\/p>\n","protected":false},"excerpt":{"rendered":"Dennoch hat das Thema Airbus-A380-Nachfolger jetzt Fahrt aufgenommen. Denn Airbus zieht nach. Man denke \u00fcber eine gr\u00f6\u00dfere Version&hellip;\n","protected":false},"author":2,"featured_media":582539,"comment_status":"","ping_status":"","sticky":false,"template":"","format":"standard","meta":{"footnotes":""},"categories":[134],"tags":[3087,119846,175,170,169,29,30,171,174,173,172],"class_list":{"0":"post-582538","1":"post","2":"type-post","3":"status-publish","4":"format-standard","5":"has-post-thumbnail","7":"category-unternehmen-maerkte","8":"tag-airbus-a350","9":"tag-boeing-777x","10":"tag-business","11":"tag-companies","12":"tag-companies-markets","13":"tag-deutschland","14":"tag-germany","15":"tag-markets","16":"tag-maerkte","17":"tag-unternehmen","18":"tag-unternehmen-maerkte"},"share_on_mastodon":{"url":"https:\/\/pubeurope.com\/@de\/115566033355022251","error":""},"_links":{"self":[{"href":"https:\/\/www.europesays.com\/de\/wp-json\/wp\/v2\/posts\/582538","targetHints":{"allow":["GET"]}}],"collection":[{"href":"https:\/\/www.europesays.com\/de\/wp-json\/wp\/v2\/posts"}],"about":[{"href":"https:\/\/www.europesays.com\/de\/wp-json\/wp\/v2\/types\/post"}],"author":[{"embeddable":true,"href":"https:\/\/www.europesays.com\/de\/wp-json\/wp\/v2\/users\/2"}],"replies":[{"embeddable":true,"href":"https:\/\/www.europesays.com\/de\/wp-json\/wp\/v2\/comments?post=582538"}],"version-history":[{"count":0,"href":"https:\/\/www.europesays.com\/de\/wp-json\/wp\/v2\/posts\/582538\/revisions"}],"wp:featuredmedia":[{"embeddable":true,"href":"https:\/\/www.europesays.com\/de\/wp-json\/wp\/v2\/media\/582539"}],"wp:attachment":[{"href":"https:\/\/www.europesays.com\/de\/wp-json\/wp\/v2\/media?parent=582538"}],"wp:term":[{"taxonomy":"category","embeddable":true,"href":"https:\/\/www.europesays.com\/de\/wp-json\/wp\/v2\/categories?post=582538"},{"taxonomy":"post_tag","embeddable":true,"href":"https:\/\/www.europesays.com\/de\/wp-json\/wp\/v2\/tags?post=582538"}],"curies":[{"name":"wp","href":"https:\/\/api.w.org\/{rel}","templated":true}]}}