{"id":582561,"date":"2025-11-17T16:53:19","date_gmt":"2025-11-17T16:53:19","guid":{"rendered":"https:\/\/www.europesays.com\/de\/582561\/"},"modified":"2025-11-17T16:53:19","modified_gmt":"2025-11-17T16:53:19","slug":"drei-maenner-sollen-18-jaehrigen-in-augsburg-ins-gesicht-geschlagen-haben","status":"publish","type":"post","link":"https:\/\/www.europesays.com\/de\/582561\/","title":{"rendered":"Drei M\u00e4nner sollen 18-J\u00e4hrigen in Augsburg ins Gesicht geschlagen haben"},"content":{"rendered":"<p class=\"mb-6 text-xs md:text-m lg:text-l font-serif group-[.font-sans]:font-sans \">\n    Nach einer Gewalttat im Bleig\u00e4\u00dfchen in der Augsburger Innenstadt ermittelt die Polizei. Nach Auskunft der Ermittler hatten drei unbekannte T\u00e4ter am Samstag gegen 1.30 Uhr den 18-J\u00e4hrigen nach derzeitigen Erkenntnissen mehrfach unvermittelt ins Gesicht geschlagen. Anschlie\u00dfend flohen die T\u00e4ter in unbekannte Richtung. Der 18-J\u00e4hrige wurde dabei leicht verletzt. \u201eEr begab sich zur Behandlung in ein Krankenhaus\u201c, so die Polizei.\n  <\/p>\n<p class=\"mb-6 text-xs md:text-m lg:text-l font-serif group-[.font-sans]:font-sans \">\n    Die bislang unbekannten T\u00e4ter wurden wie folgt beschrieben: Einer soll etwa zwei Meter gro\u00df gewesen sein, er trug einen Boxer-Haarschnitt und hat den Angaben zufolge eine ovale, breite Kopfform. Er soll mit serbischem Akzent gesprochen und ein laut Beschreibung osteurop\u00e4isches Aussehen haben. Der zweite Mann war demnach 1,80 Meter gro\u00df, schlank, glattrasiert, und hatte eine Glatze sowie \u201es\u00fcdl\u00e4ndisches Aussehen\u201c. Der dritte Mann war wohl etwa 1,80 cm gro\u00df, schlank, glattrasiert, und hatte laut Beschreibung ebenfalls ein \u201es\u00fcdl\u00e4ndisches Aussehen\u201c.\n  <\/p>\n<p class=\"mb-6 text-xs md:text-m lg:text-l font-serif group-[.font-sans]:font-sans \">\n    Die Polizei ermittelt nun wegen K\u00f6rperverletzung, sie bittet um Zeugenhinweise unter der Telefonnummer 0821\/323-2110. (jaka)\n  <\/p>\n<ul data-module-id=\"DragDropModule\" class=\"flex flex-wrap justify-start group-[.no-bookmarks]:hidden\">\n<li class=\"mb-3 mr-3\">\n    86153 Innenstadt<\/p>\n<p>      Icon Haken im Kreis gesetzt<\/p>\n<p>      Icon Plus im Kreis<\/p>\n<\/li>\n<li class=\"mb-3 mr-3\">\n    Polizei<\/p>\n<p>      Icon Haken im Kreis gesetzt<\/p>\n<p>      Icon Plus im Kreis<\/p>\n<\/li>\n<li class=\"mb-3 mr-3\">\n    Innenstadt<\/p>\n<p>      Icon Haken im Kreis gesetzt<\/p>\n<p>      Icon Plus im Kreis<\/p>\n<\/li>\n<\/ul>\n","protected":false},"excerpt":{"rendered":"Nach einer Gewalttat im Bleig\u00e4\u00dfchen in der Augsburger Innenstadt ermittelt die Polizei. Nach Auskunft der Ermittler hatten drei&hellip;\n","protected":false},"author":2,"featured_media":424825,"comment_status":"","ping_status":"","sticky":false,"template":"","format":"standard","meta":{"footnotes":""},"categories":[1846],"tags":[680,772,139732,3364,29,548,663,3934,30,13,2065,682,14,15,121,12],"class_list":{"0":"post-582561","1":"post","2":"type-post","3":"status-publish","4":"format-standard","5":"has-post-thumbnail","7":"category-augsburg","8":"tag-augsburg","9":"tag-bayern","10":"tag-bleigaesschen","11":"tag-de","12":"tag-deutschland","13":"tag-eu","14":"tag-europa","15":"tag-europe","16":"tag-germany","17":"tag-headlines","18":"tag-innenstadt","19":"tag-koerperverletzung","20":"tag-nachrichten","21":"tag-news","22":"tag-polizei","23":"tag-schlagzeilen"},"share_on_mastodon":{"url":"https:\/\/pubeurope.com\/@de\/115566084392059912","error":""},"_links":{"self":[{"href":"https:\/\/www.europesays.com\/de\/wp-json\/wp\/v2\/posts\/582561","targetHints":{"allow":["GET"]}}],"collection":[{"href":"https:\/\/www.europesays.com\/de\/wp-json\/wp\/v2\/posts"}],"about":[{"href":"https:\/\/www.europesays.com\/de\/wp-json\/wp\/v2\/types\/post"}],"author":[{"embeddable":true,"href":"https:\/\/www.europesays.com\/de\/wp-json\/wp\/v2\/users\/2"}],"replies":[{"embeddable":true,"href":"https:\/\/www.europesays.com\/de\/wp-json\/wp\/v2\/comments?post=582561"}],"version-history":[{"count":0,"href":"https:\/\/www.europesays.com\/de\/wp-json\/wp\/v2\/posts\/582561\/revisions"}],"wp:featuredmedia":[{"embeddable":true,"href":"https:\/\/www.europesays.com\/de\/wp-json\/wp\/v2\/media\/424825"}],"wp:attachment":[{"href":"https:\/\/www.europesays.com\/de\/wp-json\/wp\/v2\/media?parent=582561"}],"wp:term":[{"taxonomy":"category","embeddable":true,"href":"https:\/\/www.europesays.com\/de\/wp-json\/wp\/v2\/categories?post=582561"},{"taxonomy":"post_tag","embeddable":true,"href":"https:\/\/www.europesays.com\/de\/wp-json\/wp\/v2\/tags?post=582561"}],"curies":[{"name":"wp","href":"https:\/\/api.w.org\/{rel}","templated":true}]}}