{"id":582692,"date":"2025-11-17T18:10:16","date_gmt":"2025-11-17T18:10:16","guid":{"rendered":"https:\/\/www.europesays.com\/de\/582692\/"},"modified":"2025-11-17T18:10:16","modified_gmt":"2025-11-17T18:10:16","slug":"ex-regierungschefin-von-bangladesch-zum-tode-verurteilt","status":"publish","type":"post","link":"https:\/\/www.europesays.com\/de\/582692\/","title":{"rendered":"Ex-Regierungschefin von Bangladesch zum Tode verurteilt"},"content":{"rendered":"<p>            <img loading=\"lazy\" decoding=\"async\" class=\"ts-image\" src=\"https:\/\/www.europesays.com\/de\/wp-content\/uploads\/2025\/11\/hasina-bangladesch-104.jpg\" alt=\"Sheikh Hasina im September 2023\" title=\"Sheikh Hasina im September 2023 | AFP\"\/><\/p>\n<p class=\"metatextline\">Stand: 17.11.2025 18:45 Uhr<\/p>\n<p class=\"textabsatz columns twelve  m-ten  m-offset-one l-eight l-offset-two\">\n        <strong>Im Sommer 2024 waren in Bangladesch Proteste gegen eine umstrittene Quotenregelung blutig niedergeschlagen worden &#8211; es gab Hunderte Tote. Nun wurde Ex-Ministerpr\u00e4sidentin Hasina, die sich im Ausland aufh\u00e4lt, daf\u00fcr zum Tode verurteilt. <\/strong>\n    <\/p>\n<p class=\"textabsatz m-ten m-offset-one l-eight l-offset-two columns twelve\">In Bangladesch ist die ehemalige Ministerpr\u00e4sidentin Sheikh Hasina wegen Verbrechen gegen die Menschlichkeit zum Tode verurteilt worden. Ein Kriegsverbrechertribunal befand Hasina f\u00fcr schuldig, vergangenes Jahr die Niederschlagung eines von Studenten angef\u00fchrten Aufstands mit mehr als 1.400 Toten angeordnet zu haben.<\/p>\n<p class=\"textabsatz m-ten m-offset-one l-eight l-offset-two columns twelve\">Laut Anklage war die Ministerpr\u00e4sidentin direkt f\u00fcr Befehle verantwortlich, die zu Massent\u00f6tungen, Verletzungen, gezielter Gewalt gegen Frauen und Kinder, der Verbrennung von Leichen und der Verweigerung medizinischer Versorgung f\u00fcr Verletzte f\u00fchrten. Nach der Verk\u00fcndung des Todesurteils brandete im Gerichtssaal Jubel und Applaus auf.<\/p>\n<p class=\"textabsatz m-ten m-offset-one l-eight l-offset-two columns twelve\">Die Vereinten Nationen begr\u00fc\u00dften die Verurteilung, kritisierten jedoch die Verh\u00e4ngung der Todesstrafe.<\/p>\n<p>    Verurteilung in Abwesenheit<\/p>\n<p class=\"textabsatz m-ten m-offset-one l-eight l-offset-two columns twelve\">Die 78-J\u00e4hrige war bei der Urteilsverk\u00fcndung in der Hauptstadt Dhaka abwesend und nannte den Richterspruch aus ihrem indischen Exil heraus &#8222;politisch motiviert&#8220;. Die Richter seien von einer nicht gew\u00e4hlten Regierung ohne demokratisches Mandat eingesetzt worden. &#8222;Ich habe keine Angst, meinen Ankl\u00e4gern in einem ordentlichen Gericht gegen\u00fcberzutreten, in dem Beweise fair abgewogen und gepr\u00fcft werden k\u00f6nnen&#8220;, so die Ex-Regierungschefin.<\/p>\n<p class=\"textabsatz m-ten m-offset-one l-eight l-offset-two columns twelve\">Ebenfalls in Abwesenheit zum Tode verurteilt wurde der fr\u00fchere Innenminister Asaduzzaman Khan Kamal. Auch er befindet sich im Exil in Indien. Ein dritter Verd\u00e4chtiger &#8211; ein ehemaliger Polizeichef &#8211; erhielt f\u00fcnf Jahre Haft. Er hatte sich als Kronzeuge zur Verf\u00fcgung gestellt und sich schuldig bekannt.<\/p>\n<p class=\"textabsatz m-ten m-offset-one l-eight l-offset-two columns twelve\">Mittlerweile hat die Regierung in Dhaka die Auslieferung Hasinas und Kamals gefordert. Sie m\u00fcssten den Beh\u00f6rden in Bangladesch sofort \u00fcbergeben werden, erkl\u00e4rte das Au\u00dfenministerium. F\u00fcr Indien bestehe dazu eine &#8222;verpflichtende Verantwortung&#8220;. Das Au\u00dfenministerium in Neu-Delhi erkl\u00e4rte lediglich, es habe das Urteil zur Kenntnis genommen, und betonte, es sei &#8222;den besten Interessen der Bev\u00f6lkerung Bangladeschs verpflichtet&#8220;. Zur geforderten Auslieferung \u00e4u\u00dferte sich Neu Delhi nicht. \u00a0<\/p>\n<p>    Hasinas Partei von Parlamentswahl ausgeschlossen<\/p>\n<p class=\"textabsatz m-ten m-offset-one l-eight l-offset-two columns twelve\">Das Urteil ist wenige Monate vor den f\u00fcr Anfang Februar erwarteten Parlamentswahlen ausgesprochen worden, von denen Hasinas Partei, die Awami-Liga, ausgeschlossen ist. Es wird bef\u00fcrchtet, dass der Schuldspruch zu neuen Unruhen f\u00fchren k\u00f6nnte. Gegen das Urteil kann Berufung beim Obersten Gerichtshof eingelegt werden.<\/p>\n<p>    Kritik an Quotensystem f\u00fcr Beamtenjobs<\/p>\n<p class=\"textabsatz m-ten m-offset-one l-eight l-offset-two columns twelve\">Ausl\u00f6ser der Studentenproteste war ein Quotensystem bei der Vergabe von Stellen im \u00f6ffentlichen Dienst. Urspr\u00fcnglich hatte die Regierung geplant, 30 Prozent der Stellen an Nachkommen von Kriegsveteranen zu vergeben, die 1971 f\u00fcr die Unabh\u00e4ngigkeit des Landes gek\u00e4mpft hatten.\u00a0Durch das gewaltsame Vorgehen gegen die Demonstranten entwickelte sich ein Volksaufstand. <a href=\"https:\/\/www.tagesschau.de\/ausland\/korrespondenten\/bangladesch-ausschreitungen-premier-100.html\" title=\"Armee k\u00fcndigt \u00dcbergangsregierung in Bangladesch an\" target=\"_blank\" rel=\"noopener\">Am 5. August 2024 wurde die Regierung gest\u00fcrzt<\/a>, und die Ministerpr\u00e4sidentin floh nach Indien. Die \u00dcbergangsregierung leitete <a href=\"https:\/\/www.tagesschau.de\/ausland\/asien\/bangladesch-yunus-102.html\" title=\"Yunus soll \u00dcbergangsregierung in Bangladesch leiten\" target=\"_blank\" rel=\"noopener\">Friedensnobelpreistr\u00e4ger Mohammed Yunus<\/a>.<\/p>\n<p class=\"textabsatz m-ten m-offset-one l-eight l-offset-two columns twelve\">Ein im Februar 2025 ver\u00f6ffentlichter Untersuchungsbericht der UN-Menschenrechtskommission spricht von systematischen, schweren Menschenrechtsverletzungen. &#8222;Die brutale Reaktion war eine kalkulierte und gut koordinierte Strategie der ehemaligen Regierung, um angesichts der Massenopposition an der Macht zu bleiben&#8220;, sagte der UN-Menschenrechtskommissar Volker T\u00fcrk.<\/p>\n","protected":false},"excerpt":{"rendered":"Stand: 17.11.2025 18:45 Uhr Im Sommer 2024 waren in Bangladesch Proteste gegen eine umstrittene Quotenregelung blutig niedergeschlagen worden&hellip;\n","protected":false},"author":2,"featured_media":582693,"comment_status":"","ping_status":"","sticky":false,"template":"","format":"standard","meta":{"footnotes":""},"categories":[5],"tags":[33947,139750,13,14,15,12,10,8,9,11],"class_list":{"0":"post-582692","1":"post","2":"type-post","3":"status-publish","4":"format-standard","5":"has-post-thumbnail","7":"category-nachrichten","8":"tag-bangladesch","9":"tag-hasina","10":"tag-headlines","11":"tag-nachrichten","12":"tag-news","13":"tag-schlagzeilen","14":"tag-top-news","15":"tag-top-meldungen","16":"tag-topmeldungen","17":"tag-topnews"},"share_on_mastodon":{"url":"https:\/\/pubeurope.com\/@de\/115566387723128131","error":""},"_links":{"self":[{"href":"https:\/\/www.europesays.com\/de\/wp-json\/wp\/v2\/posts\/582692","targetHints":{"allow":["GET"]}}],"collection":[{"href":"https:\/\/www.europesays.com\/de\/wp-json\/wp\/v2\/posts"}],"about":[{"href":"https:\/\/www.europesays.com\/de\/wp-json\/wp\/v2\/types\/post"}],"author":[{"embeddable":true,"href":"https:\/\/www.europesays.com\/de\/wp-json\/wp\/v2\/users\/2"}],"replies":[{"embeddable":true,"href":"https:\/\/www.europesays.com\/de\/wp-json\/wp\/v2\/comments?post=582692"}],"version-history":[{"count":0,"href":"https:\/\/www.europesays.com\/de\/wp-json\/wp\/v2\/posts\/582692\/revisions"}],"wp:featuredmedia":[{"embeddable":true,"href":"https:\/\/www.europesays.com\/de\/wp-json\/wp\/v2\/media\/582693"}],"wp:attachment":[{"href":"https:\/\/www.europesays.com\/de\/wp-json\/wp\/v2\/media?parent=582692"}],"wp:term":[{"taxonomy":"category","embeddable":true,"href":"https:\/\/www.europesays.com\/de\/wp-json\/wp\/v2\/categories?post=582692"},{"taxonomy":"post_tag","embeddable":true,"href":"https:\/\/www.europesays.com\/de\/wp-json\/wp\/v2\/tags?post=582692"}],"curies":[{"name":"wp","href":"https:\/\/api.w.org\/{rel}","templated":true}]}}