{"id":582905,"date":"2025-11-17T20:26:22","date_gmt":"2025-11-17T20:26:22","guid":{"rendered":"https:\/\/www.europesays.com\/de\/582905\/"},"modified":"2025-11-17T20:26:22","modified_gmt":"2025-11-17T20:26:22","slug":"fcn-osawe-beimclub-ohne-chance-winners-bleibt-ein-nuernberg-verlierer-sport","status":"publish","type":"post","link":"https:\/\/www.europesays.com\/de\/582905\/","title":{"rendered":"FCN: Osawe beimClub ohne Chance: Winners bleibt ein N\u00fcrnberg-Verlierer | Sport"},"content":{"rendered":"<p><b>Mit dem Adler auf der Brust spielte er schon gro\u00df auf. Doch beim Club kommt U17-Weltmeister Winners Osawe (18) einfach nicht auf die Beine.<\/b><\/p>\n<p>Nach einer starken Europameisterschaft mit der U19 des DFB (Halbfinal-Aus gegen Spanien) im Sommer, wurde FCN-Mittelfeldmann Osawe von der UEFA sogar in die Mannschaft des Turniers gew\u00e4hlt. <\/p>\n<p>Traum-Lupfer in der 90.: Fu\u00dfball-Wahnsinn in der Meisterschaft<a class=\"anchor video-teaser__anchor\" href=\"https:\/\/www.bild.de\/sport\/fussball\/traum-lupfer-in-der-90-fussball-wahnsinn-in-der-meisterschaft-691af2ee5be12c0b0e0c2aaa\" rel=\"nofollow noopener\" target=\"_blank\"><img decoding=\"async\" width=\"992\" height=\"558\" alt=\"\" src=\"https:\/\/www.europesays.com\/de\/wp-content\/uploads\/2025\/11\/f4707db685c38b030b9b6c72cb89967c-landscape,57e4bad6\"   class=\"landscape teaser__image\" loading=\"lazy\"\/><\/a><\/p>\n<p>Quelle: Youtube17.11.2025<\/p>\n<p>Und es schien zun\u00e4chst auch so, als k\u00f6nnte der schlaksige Ex-Leipziger diesen Schwung mit nach N\u00fcrnberg nehmen. Osawe fiel im Trainingslager in S\u00fcdtirol positiv auf, auch wenn er aus Gr\u00fcnden der Belastungssteuerung nicht das ganze Programm absolvierte. Es folgte ein Kurzeinsatz gegen Darmstadt (0:1) verbunden mit der Hoffnung, endlich den Durchbruch bei den Profis zu schaffen.<\/p>\n<p>Doch seitdem spielte das hochveranlagte Mittelfeld-Talent keine einzige Minute mehr und stand nicht einmal mehr im Kader.<\/p>\n<p>Mehr zum Thema<\/p>\n<p>So sieht es auch in seinem zweiten FCN-Jahr so aus, als k\u00f6nne er sich am Valznerweiher nicht durchsetzen. Trainer Miroslav Klose (47): \u201eEr hat immer noch zu viele Schwankungen. Das haben wir ihm gesagt. Da muss er versuchen, konstanter zu werden und die Spielminuten in der 2. Mannschaft entsprechend auch nutzen. Ich will, dass er und die anderen wie Chaikhoun und von der Hitz dort auch herausstechen. Aber mit den Trainingseinheiten war ich nicht immer zufrieden.\u201c<\/p>\n<p><b>Klingt ganz danach, als m\u00fcsse Osawe leistungstechnisch noch eine Schippe draufpacken. Sonst d\u00fcrfte es f\u00fcr ihn beim 1. FC N\u00fcrnberg auf Dauer schwer bleiben.<\/b><\/p>\n","protected":false},"excerpt":{"rendered":"Mit dem Adler auf der Brust spielte er schon gro\u00df auf. Doch beim Club kommt U17-Weltmeister Winners Osawe&hellip;\n","protected":false},"author":2,"featured_media":582906,"comment_status":"","ping_status":"","sticky":false,"template":"","format":"standard","meta":{"footnotes":"","_share_on_mastodon":"0"},"categories":[1837],"tags":[783,772,3364,29,19367,30,786,3783,803,877,1470,11373,45,28727,28335,46537,784],"class_list":["post-582905","post","type-post","status-publish","format-standard","has-post-thumbnail","category-nuernberg","tag-1-fc-nuernberg","tag-bayern","tag-de","tag-deutschland","tag-fussball-em","tag-germany","tag-klose-miroslav","tag-nuernberg","tag-spielertransfer","tag-spobi-2-liga","tag-sport-leuchtturm-muenchen","tag-talent","tag-texttospeech","tag-u17","tag-u19","tag-weltmeister","tag-zweite-bundesliga"],"share_on_mastodon":{"url":"https:\/\/pubeurope.com\/@de\/115566922326163097","error":""},"_links":{"self":[{"href":"https:\/\/www.europesays.com\/de\/wp-json\/wp\/v2\/posts\/582905","targetHints":{"allow":["GET"]}}],"collection":[{"href":"https:\/\/www.europesays.com\/de\/wp-json\/wp\/v2\/posts"}],"about":[{"href":"https:\/\/www.europesays.com\/de\/wp-json\/wp\/v2\/types\/post"}],"author":[{"embeddable":true,"href":"https:\/\/www.europesays.com\/de\/wp-json\/wp\/v2\/users\/2"}],"replies":[{"embeddable":true,"href":"https:\/\/www.europesays.com\/de\/wp-json\/wp\/v2\/comments?post=582905"}],"version-history":[{"count":0,"href":"https:\/\/www.europesays.com\/de\/wp-json\/wp\/v2\/posts\/582905\/revisions"}],"wp:featuredmedia":[{"embeddable":true,"href":"https:\/\/www.europesays.com\/de\/wp-json\/wp\/v2\/media\/582906"}],"wp:attachment":[{"href":"https:\/\/www.europesays.com\/de\/wp-json\/wp\/v2\/media?parent=582905"}],"wp:term":[{"taxonomy":"category","embeddable":true,"href":"https:\/\/www.europesays.com\/de\/wp-json\/wp\/v2\/categories?post=582905"},{"taxonomy":"post_tag","embeddable":true,"href":"https:\/\/www.europesays.com\/de\/wp-json\/wp\/v2\/tags?post=582905"}],"curies":[{"name":"wp","href":"https:\/\/api.w.org\/{rel}","templated":true}]}}