{"id":583499,"date":"2025-11-18T02:42:12","date_gmt":"2025-11-18T02:42:12","guid":{"rendered":"https:\/\/www.europesays.com\/de\/583499\/"},"modified":"2025-11-18T02:42:12","modified_gmt":"2025-11-18T02:42:12","slug":"streit-um-parkplaetze-in-stuttgart-cdu-will-neue-regelungen-beim-parkraummanagement-stuttgart","status":"publish","type":"post","link":"https:\/\/www.europesays.com\/de\/583499\/","title":{"rendered":"Streit um Parkpl\u00e4tze in Stuttgart: CDU will neue Regelungen beim Parkraummanagement &#8211; Stuttgart"},"content":{"rendered":"<p>Die Stadt weitet das Anwohnerparken in Stuttgart immer mehr aus. Aus Sicht der CDU soll das System aber den aktuellen Bed\u00fcrfnissen angepasst werden.<\/p>\n<p>Im M\u00e4rz kommenden Jahres wird das <a href=\"https:\/\/www.esslinger-zeitung.de\/thema\/Parkraummanagement\" title=\"Parkraummanagement\" class=\"art_thema\" rel=\"nofollow noopener\" target=\"_blank\">Parkraummanagement<\/a> in der Landeshauptstadt 15 Jahre alt. Urspr\u00fcnglich im Stuttgarter Westen ins Leben gerufen, um den immensen Parkdruck f\u00fcr die Anwohner zu mindern, <a href=\"https:\/\/www.esslinger-zeitung.de\/inhalt.anwohnerparken-in-stuttgart-parkraummanagement-weitet-sich-immer-mehr-aus.3d48d9bc-16df-4a23-ac44-ddd62d5c44f8.html\" target=\"_blank\" rel=\"nofollow noopener\">hat sich das Programm seitdem auf weite Teile der Stadt ausgedehnt<\/a>. F\u00fcr viele ist es ein Erfolgsmodell, andere halten es f\u00fcr unn\u00f6tig. Neu ist nun, dass sich die Verwaltung erstmals offen zeigt, die bislang rigoros geltenden, starren Regelungen aufzuweichen \u2013 auch wegen ge\u00e4nderter gesetzlicher Vorgaben. Die <a href=\"https:\/\/www.esslinger-zeitung.de\/thema\/CDU\" title=\"CDU\" class=\"art_thema\" rel=\"nofollow noopener\" target=\"_blank\">CDU<\/a>-Fraktion sieht daher Optimierungsbedarf. <\/p>\n","protected":false},"excerpt":{"rendered":"Die Stadt weitet das Anwohnerparken in Stuttgart immer mehr aus. Aus Sicht der CDU soll das System aber&hellip;\n","protected":false},"author":2,"featured_media":582788,"comment_status":"","ping_status":"","sticky":false,"template":"","format":"standard","meta":{"footnotes":"","_share_on_mastodon":"0"},"categories":[1830],"tags":[14497,1634,31,3364,2030,29,30,96188,86716,1441,9634,601],"class_list":["post-583499","post","type-post","status-publish","format-standard","has-post-thumbnail","category-stuttgart","tag-anwohnerparken","tag-baden-wuerttemberg","tag-cdu","tag-de","tag-deutsche-bahn","tag-deutschland","tag-germany","tag-glomex","tag-parkraummanagement","tag-stuttgart","tag-stuttgart-21","tag-verkehr"],"share_on_mastodon":{"url":"https:\/\/pubeurope.com\/@de\/115568400422795358","error":""},"_links":{"self":[{"href":"https:\/\/www.europesays.com\/de\/wp-json\/wp\/v2\/posts\/583499","targetHints":{"allow":["GET"]}}],"collection":[{"href":"https:\/\/www.europesays.com\/de\/wp-json\/wp\/v2\/posts"}],"about":[{"href":"https:\/\/www.europesays.com\/de\/wp-json\/wp\/v2\/types\/post"}],"author":[{"embeddable":true,"href":"https:\/\/www.europesays.com\/de\/wp-json\/wp\/v2\/users\/2"}],"replies":[{"embeddable":true,"href":"https:\/\/www.europesays.com\/de\/wp-json\/wp\/v2\/comments?post=583499"}],"version-history":[{"count":0,"href":"https:\/\/www.europesays.com\/de\/wp-json\/wp\/v2\/posts\/583499\/revisions"}],"wp:featuredmedia":[{"embeddable":true,"href":"https:\/\/www.europesays.com\/de\/wp-json\/wp\/v2\/media\/582788"}],"wp:attachment":[{"href":"https:\/\/www.europesays.com\/de\/wp-json\/wp\/v2\/media?parent=583499"}],"wp:term":[{"taxonomy":"category","embeddable":true,"href":"https:\/\/www.europesays.com\/de\/wp-json\/wp\/v2\/categories?post=583499"},{"taxonomy":"post_tag","embeddable":true,"href":"https:\/\/www.europesays.com\/de\/wp-json\/wp\/v2\/tags?post=583499"}],"curies":[{"name":"wp","href":"https:\/\/api.w.org\/{rel}","templated":true}]}}