{"id":583806,"date":"2025-11-18T05:37:16","date_gmt":"2025-11-18T05:37:16","guid":{"rendered":"https:\/\/www.europesays.com\/de\/583806\/"},"modified":"2025-11-18T05:37:16","modified_gmt":"2025-11-18T05:37:16","slug":"elbvertiefung-der-taegliche-newsletter-aus-hamburg-lydia-s-haette-hilfe-gebraucht-dann-stach-sie-zu","status":"publish","type":"post","link":"https:\/\/www.europesays.com\/de\/583806\/","title":{"rendered":"Elbvertiefung: Der t\u00e4gliche Newsletter aus Hamburg: Lydia S. h\u00e4tte Hilfe gebraucht. Dann stach sie zu"},"content":{"rendered":"<p class=\"paragraph article__item\"><strong>Liebe<br \/>\nLeserin, lieber Leser,<\/strong>\n<\/p>\n<p class=\"paragraph article__item\">ich sa\u00df im Auto, als die Nachricht kam. Wir hatten uns entschieden, doch<br \/>\nnicht den Zug in den Urlaub zu nehmen, gerade lagen die Elbbr\u00fccken<br \/>\nhinter uns, da vibrierte das Handy. Es waren Push-Meldungen und WhatsApp-Nachrichten,<br \/>\ndann klingelte es, eine Kollegin war dran. &#8222;Im Hauptbahnhof hat<br \/>\njemand auf Menschen eingestochen.&#8220;\n<\/p>\n<p class=\"paragraph article__item\">An diesem Freitagabend, dem 23. Mai, gegen 18.15 Uhr dachte ich an Terror. 18 Menschen waren verletzt, teilweise lebensbedrohlich,<br \/>\nzum Gl\u00fcck gelang es, sie zu retten. Doch was rechte Hetzer schon Minuten sp\u00e4ter im<br \/>\nNetz schrieben, dass wohl ein Mann mit Migrationshintergrund f\u00fcr die Tat<br \/>\nverantwortlich sei, war eine L\u00fcge. Die T\u00e4terin hie\u00df Lydia S., ein Syrer und ein<br \/>\nTschetschene hatten sie \u00fcberw\u00e4ltigen k\u00f6nnen.\n<\/p>\n<p class=\"paragraph article__item\">Ab heute, fast genau ein halbes Jahr sp\u00e4ter, steht Lydia S. in <a class=\"rtr-entity\" href=\"https:\/\/www.zeit.de\/thema\/hamburg\" target=\"_blank\" rel=\"noopener\">Hamburg<\/a> vor<br \/>\nGericht. Es ist kein normaler Prozess, sondern ein sogenanntes<br \/>\nSicherungsverfahren, weil die 39-J\u00e4hrige psychisch krank ist. Lydia S. leidet<br \/>\nan paranoider Schizophrenie. Es gilt als wahrscheinlich, dass sie kaum oder gar<br \/>\nnicht wusste, was sie tat, und deshalb schuldunf\u00e4hig ist, wie die Juristen<br \/>\nsagen. F\u00fcr solche F\u00e4lle gibt es den Ma\u00dfregelvollzug, eine gesicherte Klinik auf dem<br \/>\nAsklepios-Gel\u00e4nde in Ochsenzoll, kein Gef\u00e4ngnis.\n<\/p>\n<p class=\"paragraph article__item\">F\u00fcr eine Recherche durfte ich die Behandlung der Patienten dort einmal<br \/>\nl\u00e4nger begleiten. Ich traf <a class=\"rtr-entity\" href=\"https:\/\/www.zeit.de\/thema\/maenner\" target=\"_blank\" rel=\"noopener\">M\u00e4nner<\/a> und Frauen, die \u00e4hnlich Unvorstellbares wie<br \/>\nLydia S. getan hatten, die etwa ihr Kind im Wahn ermordet hatten oder ihre<br \/>\ngro\u00dfe Liebe. Sie beschrieben das selbst wie einen Schleier, einen Schatten,<br \/>\neinen b\u00f6sen Traum, der sie f\u00fcr immer verfolge. Mit den richtigen Medikamenten<br \/>\nging es ihnen dennoch besser, zumindest den meisten von ihnen.\n<\/p>\n<p>                            \u00a9\u00a0ZON<\/p>\n<p>\n                                        Newsletter<br \/>\n                                        Elbvertiefung \u2013 Der t\u00e4gliche Newsletter f\u00fcr Hamburg<\/p>\n<p class=\"newsletter-signup__text\">Erfahren Sie aus der Redaktion der ZEIT, was in Hamburg wichtig ist \u2013 pr\u00e4gnant, pers\u00f6nlich und pointiert, jeden Werktag um 6 Uhr.<\/p>\n<p class=\"newsletter-signup__datapolicy\" hidden=\"\">\n            Mit Ihrer Registrierung nehmen Sie die <a href=\"https:\/\/datenschutz.zeit.de\/zon#Newsletter\" target=\"_blank\" rel=\"noopener\">Datenschutzerkl\u00e4rung<\/a><br \/>\n     zur Kenntnis.\n        <\/p>\n<p>    Vielen Dank! Wir haben Ihnen eine E-Mail geschickt.<\/p>\n<p>Pr\u00fcfen Sie Ihr Postfach und best\u00e4tigen Sie das Newsletter-Abonnement.<\/p>\n<p class=\"paragraph article__item\">Der Chefarzt sagte mir damals einen Satz, der sich eingebrannt hat: &#8222;Wir sind die letzte Verteidigungslinie der Psychiatrie.&#8220; Das bedeutet, wer dort landet, h\u00e4tte viel fr\u00fcher richtige Hilfe erhalten<br \/>\nsollen. Nach dem Angriff im Hauptbahnhof konnten wir rekonstruieren, dass Lydia S. eine schwindelerregende <a href=\"https:\/\/www.zeit.de\/2025\/23\/messerangriff-hamburger-hauptbahnhof-taeterin-psychische-erkrankung-motiv?&amp;icode=01w0040k0059Inhemanew2104&amp;utm_medium=email&amp;utm_source=elbvertiefung&amp;utm_campaign=zplus&amp;utm_content=&amp;wt_zmc=emanew.int.zabo.elbvertiefung.zplus....x\" target=\"_blank\" rel=\"noopener\">Odyssee durch verschiedene Kliniken hinter sich hatte (Z+)<\/a>.<br \/>\nNirgends wollte oder konnte sie dauerhaft bleiben. Sie war eine &#8222;Dreht\u00fcrpatientin&#8220;, von denen es wohl <a href=\"https:\/\/www.zeit.de\/2023\/32\/kriminalitaet-hamburg-psychiatrie-betreuung-finanzierung?&amp;icode=01w0040k0059Inhemanew2104&amp;utm_medium=email&amp;utm_source=elbvertiefung&amp;utm_campaign=zplus&amp;utm_content=&amp;wt_zmc=emanew.int.zabo.elbvertiefung.zplus....x\" target=\"_blank\" rel=\"noopener\">Hunderte in Hamburg gibt (Z+)<\/a>, Menschen, die durch<br \/>\nL\u00fccken im System fallen.\n<\/p>\n<p class=\"paragraph article__item\">Der Senat will diese L\u00fccken schlie\u00dfen, mit einem neuen Psychiatrieplan, den<br \/>\nmein Kollege Tom Kroll <a href=\"https:\/\/www.zeit.de\/2025\/27\/hilfe-psychisch-kranke-menschen-praevention-hamburg?&amp;icode=01w0040k0059Inhemanew2104&amp;utm_medium=email&amp;utm_source=elbvertiefung&amp;utm_campaign=zplus&amp;utm_content=&amp;wt_zmc=emanew.int.zabo.elbvertiefung.zplus....x\" target=\"_blank\" rel=\"noopener\">hier (Z+)<\/a> analysiert hat. Nur ein ganz kleiner Teil<br \/>\naller psychisch Kranken wird jemals gewaltt\u00e4tig, und doch muss der Plan<br \/>\nfunktionieren, um Taten wie die am Hauptbahnhof k\u00fcnftig zu vermeiden. Der<br \/>\n<a class=\"rtr-entity\" href=\"https:\/\/www.zeit.de\/thema\/gerichtsverfahren\" target=\"_blank\" rel=\"noopener\">Prozess<\/a> gegen Lydia S. wird nicht \u00f6ffentlich sein.\n<\/p>\n<p class=\"paragraph article__item\">Ich w\u00fcnsche Ihnen einen<br \/>\nsch\u00f6nen Tag,\n<\/p>\n<p class=\"paragraph article__item\"><strong>Ihr Christoph Heinemann<\/strong>\n<\/p>\n<p class=\"paragraph article__item\">Wollen Sie uns Ihre<br \/>\nMeinung sagen, wissen Sie etwas, wor\u00fcber wir berichten sollten? Schreiben Sie<br \/>\nuns eine E-Mail an <a href=\"https:\/\/www.zeit.de\/hamburg\/2025-11\/mailto:hamburg@zeit.de\" target=\"_blank\" rel=\"noopener\">hamburg@zeit.de<\/a>.\n<\/p>\n<p>        WAS HEUTE WICHTIG IST        <\/p>\n<p class=\"paragraph article__item\">Der <strong>Hamburger Hafen<\/strong> setzt seinen <a href=\"https:\/\/www.zeit.de\/hamburg\/2025-10\/hamburger-hafen-wachstum-container-umschlag-msc?&amp;icode=01w0040k0059Inhemanew2104&amp;utm_medium=email&amp;utm_source=elbvertiefung&amp;utm_campaign=zplus&amp;utm_content=&amp;wt_zmc=emanew.int.zabo.elbvertiefung.zplus....x\" target=\"_blank\" rel=\"noopener\">unverhofften Aufschwung (Z+)<\/a> fort. Von Januar bis<br \/>\nSeptember wurden 6,3 Millionen Standardcontainer umgeschlagen, 8,4 Prozent mehr<br \/>\nals im Vorjahr, teilte die Hafen Hamburg Marketing mit. Der Seehandel innerhalb<br \/>\nEuropas und mit Asien w\u00e4chst, w\u00e4hrend das Gesch\u00e4ft mit den USA abnimmt.\n<\/p>\n<p>                                        \u00a9\u00a0picture alliance\/\u200bdpa|Bodo Marks<\/p>\n<p class=\"paragraph article__item\">Die Mordkommission der Polizei ermittelt nach einem <strong>Schusswaffenangriff<br \/>\nin Eidelstedt.<\/strong> Ein 24 Jahre alter Mann hatte am Sonntagabend offenbar in<br \/>\nseinem Auto gesessen, als ein Unbekannter sich n\u00e4herte und mindestens einen<br \/>\nSchuss auf ihn abgab. Der Mann wurde schwer verletzt, der Sch\u00fctze floh in<br \/>\nRichtung einer Autobahnbr\u00fccke \u00fcber die A23.\n<\/p>\n<p class=\"paragraph article__item\">Nach dem <strong>r\u00e4tselhaften<\/strong> <strong>Tod einer Hamburger<br \/>\nMutter und ihrer zwei Kinder<\/strong> ist auch der Vater in einer Klinik in Istanbul<br \/>\nverstorben. Inzwischen gab es laut Medienberichten elf Festnahmen der \u00f6rtlichen<br \/>\nBeh\u00f6rden. Darunter sind Mitarbeiter einer Firma, die Ungeziefer bek\u00e4mpft,<br \/>\nStreetfood-Verk\u00e4ufer, ein B\u00e4cker und ein Verantwortlicher des Hotels, in dem<br \/>\ndie Familie ihren Urlaub verbracht hatte. Es besteht der Verdacht auf eine<br \/>\nt\u00f6dliche Vergiftung mit Pestiziden oder Lebensmitteln.\n<\/p>\n<p>        In aller K\u00fcrze        <\/p>\n<p class=\"paragraph article__item\"><strong>\u2022<\/strong> Die Gemeinschaftsproduktion &#8222;odyssee.hamburg&#8220;<br \/>\nerh\u00e4lt in diesem Jahr den mit 50.000 Euro dotierten <strong>Barbara Kisseler<br \/>\nTheaterpreis<\/strong>. Damit gewinnen Ernst Deutsch Theater, Ohnsorg Theater und<br \/>\nLichthof Theater gemeinsam den Preis f\u00fcr Privattheater und Freie Gruppen <strong>\u2022<\/strong><br \/>\nDie Diakonie ruft ab sofort zu <strong>Geschenken f\u00fcr Bed\u00fcrftige zur Weihnachtszeit<\/strong><br \/>\nauf. Warme M\u00fctzen, Socken und Handschuhe sowie Drogerie-Gutscheine k\u00f6nnen bis<br \/>\nzum 5. Dezember per Post geschickt oder pers\u00f6nlich in der K\u00f6nigstra\u00dfe 54<br \/>\nabgegeben werden <strong>\u2022<\/strong> Die <strong>traditionelle Alstertanne<\/strong> ist in Hamburg<br \/>\nzur Binnenalster gebracht und aufgestellt worden. Sie soll in den n\u00e4chsten<br \/>\nTagen geschm\u00fcckt werden, am 26. November wird dann die Beleuchtung der Tanne<br \/>\nangeschaltet\n<\/p>\n<p>                        THEMA DES TAGES            <\/p>\n<p>                                        \u00a9\u00a0Gregor Fischer\/\u200bdpa\/\u200bpa<\/p>\n<p>        &#8222;Die vergangenen Monate waren intensiv&#8220;        <\/p>\n<p class=\"paragraph article__item\">Jackson Irvine, der Kapit\u00e4n des FC St. Pauli, trat<br \/>\nin einem &#8222;Free<br \/>\nPalestine&#8220; -Shirt auf. Am Wochenende musste der linke Verein<br \/>\ndarum kl\u00e4ren, was &#8222;links sein&#8220; bedeutet. Lesen Sie hier einen Auszug aus dem<br \/>\nArtikel von ZEIT:Hamburg-Autor Christoph Twickel.\n<\/p>\n<p class=\"paragraph article__item\">Als Oke G\u00f6ttlich am Wochenende im Audimax der Uni Hamburg<br \/>\nans Mikrofon trat, lag im Saal eine gewisse Spannung in der Luft. W\u00fcrde es<br \/>\nheute zu lautstarken Auseinandersetzungen \u00fcber den Nahostkonflikt kommen, zu<br \/>\nAntisemitismusvorw\u00fcrfen, gegenseitigen Beschimpfungen \u2013 oder gar zum Eklat? Die<br \/>\nDebatten im Vorfeld der j\u00e4hrlichen Mitgliederversammlung waren aufgeheizt<br \/>\ngewesen, mehrere Antr\u00e4ge zur Position des Vereins in Sachen Antisemitismus<br \/>\nstanden zur Abstimmung. Unter den rund tausend Anwesenden im Saal trugen viele<br \/>\nAntifa-T-Shirts, Ringelsocken und Schals in LGBTQ-Regenbogenfarben, auch<br \/>\nHoodies mit der Aufschrift &#8222;Gegen jeden Antisemitismus&#8220;.\n<\/p>\n<p class=\"paragraph article__item\">G\u00f6ttlich, seit elf Jahren Pr\u00e4sident des Vereins, war der<br \/>\nerste Redner des Tages, und begann zun\u00e4chst mit Erfolgsmeldungen: Man konnte<br \/>\nsich dieses Jahr den Klassenerhalt in der Bundesliga sichern, habe erstmalig<br \/>\nmehr als 100 Millionen Euro Umsatz gemacht, und \u2013 noch wichtiger \u2013 mit der<br \/>\nGr\u00fcndung der FCSP-Genossenschaft vor einem Jahr haben die inzwischen rund<br \/>\n22.000 Mitglieder die Mehrheit am Millerntor-Stadion \u00fcbernommen. &#8222;Wir haben den<br \/>\nKlassenkampf angenommen, auf dem Platz und in der Struktur des Vereins&#8220;,<br \/>\nverk\u00fcndete er. &#8222;Das Millerntor geh\u00f6rt keinem Investor, sondern den Mitgliedern<br \/>\nder Genossenschaft.&#8220; Dann sprach er auch direkt das heikle Thema der Stunde an:<br \/>\n&#8222;Wir lassen uns bei schwierigen Themen nicht treiben oder zur Einseitigkeit<br \/>\ndr\u00e4ngen&#8220;, sagte G\u00f6ttlich. Humanit\u00e4t sei &#8222;unteilbar&#8220;.\n<\/p>\n<p class=\"paragraph article__item\">Ein Stadion, das einer Genossenschaft geh\u00f6rt, ein<br \/>\nmitgliedergef\u00fchrter Verein, in dem Antifaschismus zum guten Ton geh\u00f6rt und an<br \/>\ndessen Spieltagen regelm\u00e4\u00dfig f\u00fcr linke Demonstrationen mobilisiert wird: Der <a class=\"rtr-entity\" href=\"https:\/\/www.zeit.de\/thema\/fc-st-pauli\" target=\"_blank\" rel=\"noopener\">FC St. Pauli<\/a> ist ein politisch linker Verein. Doch was &#8222;links&#8220; bedeutet, wenn es<br \/>\num den Nahostkonflikt geht, das ist nach dem Hamas-Massaker vom 7. Oktober 2023<br \/>\nund dem folgenden Krieg in Gaza eine Frage, an der erbitterte Fronten<br \/>\nentstanden sind.\n<\/p>\n<p class=\"paragraph article__item\">Warum der Kapit\u00e4n Jackson Irvine ein Popstar des Vereins<br \/>\nist und wie der FC St. Pauli nun seinen eigenen Antisemitismusbegriff kl\u00e4ren<br \/>\nwill, <a href=\"https:\/\/www.zeit.de\/hamburg\/2025-11\/fc-st-pauli-mitgliederversammlung-definition-antisemitismus-stadionplaene?&amp;icode=01w0040k0059Inhemanew2104&amp;utm_medium=email&amp;utm_source=elbvertiefung&amp;utm_campaign=zplus&amp;utm_content=&amp;wt_zmc=emanew.int.zabo.elbvertiefung.zplus....x\" target=\"_blank\" rel=\"noopener\">lesen Sie weiter in der ungek\u00fcrzten Fassung auf zeit.de<\/a>.\n<\/p>\n<p>        DER SATZ            <\/p>\n<p>                                        \u00a9\u00a0Alena Schmick\/\u200bDIE ZEIT<\/p>\n<p class=\"paragraph article__item\">&#8222;Also das wird quasi zweimal reingestopft, die gleiche<br \/>\nFlasche \u00ad\u2013 und dann werden zwei Bons ausgesch\u00fcttet.&#8220;\n<\/p>\n<p class=\"paragraph article__item\">Mit diesem und<br \/>\nanderen Beispielen versuchen Anne Brorhilker und die beiden &#8222;Alles<br \/>\ngesagt?&#8220;-Gastgeber, das CumEx-Geflecht greifbar zu machen. In der aktuellen<br \/>\nPodcastfolge spricht die ehemalige Staatsanw\u00e4ltin mit Jochen Wegener und<br \/>\nChristoph Ahmend \u00fcber kriminelle M\u00e4nner, Beh\u00f6rdenkultur <a href=\"https:\/\/www.zeit.de\/wirtschaft\/2025-11\/anne-brorhilker-interviewpodcast-alles-gesagt?&amp;icode=01w0040k0059Inhemanew2104&amp;utm_medium=email&amp;utm_source=elbvertiefung&amp;utm_campaign=zplus&amp;utm_content=&amp;wt_zmc=emanew.int.zabo.elbvertiefung.zplus....x\" target=\"_blank\" rel=\"noopener\">und die Frage, warum es ihr hilft, introvertiert zu sein<\/a>.\n<\/p>\n<p>                        DAS K\u00d6NNTE SIE INTERESSIEREN        <\/p>\n<p class=\"paragraph article__item\">Der architektonische<br \/>\nEntwurf f\u00fcr die neue Oper in Hamburg ist ausgew\u00e4hlt. Doch &#8222;Braucht Hamburg eine<br \/>\nneue Oper?&#8220; Zu diesem Thema diskutieren heute Abend Martina Koeppen (SPD),<br \/>\nMarco Hosemann (Die Linke), Frank Schmitz (Architekturhistoriker Universit\u00e4t<br \/>\nHamburg) und Christian Voss (Technischer Direktor der Staatsoper Hamburg) <a href=\"https:\/\/www.akademie-der-kuenste.de\/veranstaltungen\/braucht-hamburg-eine-neue-oper\/\" target=\"_blank\" rel=\"noopener\">in der Freien Akademie der K\u00fcnste<\/a>. Fragen wie<br \/>\nzum Beispiel, ob der historische Standort am G\u00e4nsemarkt einfach aufgegeben<br \/>\nwerden sollte oder nach dem historisch belasteten Gel\u00e4nde am Baakenh\u00f6ft oder<br \/>\nnach dem Verm\u00f6gen des Spenders und seiner Steuerpraxis werden zur Sprache<br \/>\nkommen. Florian Zinnecker moderiert die Veranstaltung.\n<\/p>\n<p class=\"paragraph article__item\"><a href=\"https:\/\/www.akademie-der-kuenste.de\/veranstaltungen\/braucht-hamburg-eine-neue-oper\/\" target=\"_blank\" rel=\"noopener\">&#8222;Braucht Hamburg eine neue Oper?&#8220;<\/a>, 18.11., 19 Uhr, Freie Akademie der K\u00fcnste,<br \/>\nKlosterwall 23; Anmeldung unter <a href=\"https:\/\/www.zeit.de\/hamburg\/2025-11\/mailto:info@fadk.de\" target=\"_blank\" rel=\"noopener\">info@fadk.de<\/a> oder 040-324632\n<\/p>\n<p>        MEINE STADT            <\/p>\n<p>                            Fast fertig: Die Alster-Weihnachtsdeko            \u00a9\u00a0Stefanie Rother<\/p>\n<p>        HAMBURGER SCHNACK        <\/p>\n<p class=\"paragraph article__item\">Neulich in der<br \/>\nS-Bahn. Sch\u00fcler: &#8222;Boah, ich muss heute noch f\u00fcr Mathe lernen und habe gar keine<br \/>\nZeit.&#8220; Sch\u00fclerin: &#8222;Wann bist du denn zu Hause?&#8220; Sch\u00fcler: &#8222;Um 5 Uhr.&#8220; Sch\u00fclerin:<br \/>\n&#8222;Und wann gehst du schlafen?&#8220; Sch\u00fcler: &#8222;Um 11 Uhr. &#8220; Sch\u00fclerin: &#8222;Dann hast du<br \/>\nja acht Stunden zum Lernen.&#8220; Sch\u00fcler: &#8222;Jo, passt.&#8220;\n<\/p>\n<p class=\"paragraph article__item\">Geh\u00f6rt von Walter<br \/>\nStahlschmidt\n<\/p>\n<p class=\"paragraph article__item\"><strong>Das war die Elbvertiefung, der t\u00e4gliche<br \/>\nHamburg-Newsletter der ZEIT. Wenn Sie m\u00f6chten, dass er t\u00e4glich um 6 Uhr in<br \/>\nIhrem Postfach landet, k\u00f6nnen Sie ihn <\/strong><a href=\"https:\/\/www.zeit.de\/serie\/elbvertiefung\" target=\"_blank\" rel=\"noopener\"><strong>hier<br \/>\nkostenlos abonnieren<\/strong><\/a><strong>.<\/strong><\/p>\n","protected":false},"excerpt":{"rendered":"Liebe Leserin, lieber Leser, ich sa\u00df im Auto, als die Nachricht kam. Wir hatten uns entschieden, doch nicht&hellip;\n","protected":false},"author":2,"featured_media":583807,"comment_status":"","ping_status":"","sticky":false,"template":"","format":"standard","meta":{"footnotes":""},"categories":[1826],"tags":[26381,29,2016,459,30,692,1989,140023,50031,1980,35931,70434,2021],"class_list":{"0":"post-583806","1":"post","2":"type-post","3":"status-publish","4":"format-standard","5":"has-post-thumbnail","7":"category-hamburg","8":"tag-christoph-heinemann","9":"tag-deutschland","10":"tag-elbvertiefung-der-taegliche-newsletter-aus-hamburg","11":"tag-fc-st-pauli","12":"tag-germany","13":"tag-hamburg","14":"tag-hamburger-hafen","15":"tag-jackson-irvine","16":"tag-lydia-s","17":"tag-mann","18":"tag-ochsenzoll","19":"tag-tom-kroll","20":"tag-zeit"},"share_on_mastodon":{"url":"https:\/\/pubeurope.com\/@de\/115569088514941740","error":""},"_links":{"self":[{"href":"https:\/\/www.europesays.com\/de\/wp-json\/wp\/v2\/posts\/583806","targetHints":{"allow":["GET"]}}],"collection":[{"href":"https:\/\/www.europesays.com\/de\/wp-json\/wp\/v2\/posts"}],"about":[{"href":"https:\/\/www.europesays.com\/de\/wp-json\/wp\/v2\/types\/post"}],"author":[{"embeddable":true,"href":"https:\/\/www.europesays.com\/de\/wp-json\/wp\/v2\/users\/2"}],"replies":[{"embeddable":true,"href":"https:\/\/www.europesays.com\/de\/wp-json\/wp\/v2\/comments?post=583806"}],"version-history":[{"count":0,"href":"https:\/\/www.europesays.com\/de\/wp-json\/wp\/v2\/posts\/583806\/revisions"}],"wp:featuredmedia":[{"embeddable":true,"href":"https:\/\/www.europesays.com\/de\/wp-json\/wp\/v2\/media\/583807"}],"wp:attachment":[{"href":"https:\/\/www.europesays.com\/de\/wp-json\/wp\/v2\/media?parent=583806"}],"wp:term":[{"taxonomy":"category","embeddable":true,"href":"https:\/\/www.europesays.com\/de\/wp-json\/wp\/v2\/categories?post=583806"},{"taxonomy":"post_tag","embeddable":true,"href":"https:\/\/www.europesays.com\/de\/wp-json\/wp\/v2\/tags?post=583806"}],"curies":[{"name":"wp","href":"https:\/\/api.w.org\/{rel}","templated":true}]}}