{"id":583990,"date":"2025-11-18T07:28:16","date_gmt":"2025-11-18T07:28:16","guid":{"rendered":"https:\/\/www.europesays.com\/de\/583990\/"},"modified":"2025-11-18T07:28:16","modified_gmt":"2025-11-18T07:28:16","slug":"wie-lernen-wir-hier-schnupperwoche-zeigt-viertklaesslern-den-schulalltag","status":"publish","type":"post","link":"https:\/\/www.europesays.com\/de\/583990\/","title":{"rendered":"Wie lernen wir hier? Schnupperwoche zeigt Viertkl\u00e4sslern den Schulalltag"},"content":{"rendered":"<p>\t\t\tWie lernen wir hier? Schnupperwoche zeigt Viertkl\u00e4sslern den Schulalltag<br \/>\n\t\t\t\t\t\t\t\t\t\t\t\tLernen an der Geschwister-Scholl-Oberschule in Limbach<\/p>\n<p>\t\t\t\t<a id=\"whatsapp_channel_link\" href=\"https:\/\/whatsapp.com\/channel\/0029Va6RBvnLY6dCNLfeAA0c\" data-ct=\"SHARE\/WHATSAPPKANAL\" target=\"_blank\" rel=\"noopener\"><br \/>\n\t\t\t\t\t<img decoding=\"async\" alt=\"Zum Blick WhatsApp Kanal\" src=\"https:\/\/www.blick.de\/img\/WhatsApp-Kanal.svg\"\/><br \/>\n\t\t\t\t<\/a><\/p>\n<ul class=\"gallery-items\">\n<li class=\"img gallery-item\">\n<p>\t\t\t\t\t\t\t\t\t\t\t\t\t\t\t\t\t\t\t\t\t\t\t\t\t\t\t\t\t\t\t\t\t\t\t\t\t\t\t\t\t\t        \t\t\t\t<img decoding=\"async\" class=\"media-image \" loading=\"eager\" src=\"https:\/\/www.europesays.com\/de\/wp-content\/uploads\/2025\/11\/17594138_W400C2040x1360o0x0.jpg\" alt=\"Wie lernen wir hier? Schnupperwoche zeigt Viertkl\u00e4sslern den Schulalltag - Wie lernt es sich an der Geschwister-Scholl-Oberschule?\"   style=\"&#10;&#9;&#9;&#9;aspect-ratio:2040\/1360;&#10;&#9;&#9;&#9;background: url(data:image\/jpg;base64,\/9j\/4AAQSkZJRgABAQEASABIAAD\/2wBDAAUDBAQEAwUEBAQFBQUGBwwIBwcHBw8LCwkMEQ8SEhEPERETFhwXExQaFRERGCEYGh0dHx8fExciJCIeJBweHx7\/2wBDAQUFBQcGBw4ICA4eFBEUHh4eHh4eHh4eHh4eHh4eHh4eHh4eHh4eHh4eHh4eHh4eHh4eHh4eHh4eHh4eHh4eHh7\/wAARCAAHAAoDASIAAhEBAxEB\/8QAFgABAQEAAAAAAAAAAAAAAAAAAAQH\/8QAIhAAAgEDAgcAAAAAAAAAAAAAAQIDAAQFEjEGBxEhcYLB\/8QAFQEBAQAAAAAAAAAAAAAAAAAAAQL\/xAAZEQACAwEAAAAAAAAAAAAAAAAAAQIDIRH\/2gAMAwEAAhEDEQA\/AJuZ3EsmWjurSJWNnKgaOQzkFT02K6Pp8is1izFzFGsYv0OgBezuNvSlKqyPGMNWn\/\/Z) no-repeat left top; background-size: cover;&#9;&#9;&#9;width: 100%;&#9;&#9;\"\/><\/p>\n<p>\n\t\t\t\t\t\t\t\t\tWie lernt es sich an der Geschwister-Scholl-Oberschule? Foto: Steffi Hofmann\n\t\t\t\t\t\t\t\t<\/p>\n<\/li>\n<li class=\"img gallery-item\">\n<p>\t\t\t\t\t\t\t\t\t\t\t\t\t\t\t\t\t\t\t\t\t\t\t\t\t\t\t\t\t\t\t\t\t\t\t\t\t        \t\t\t\t<img decoding=\"async\" class=\"media-image \" loading=\"lazy\" src=\"https:\/\/www.europesays.com\/de\/wp-content\/uploads\/2025\/11\/17594142_W400C2040x1360o0x0.jpg\" alt=\"Wie lernen wir hier? Schnupperwoche zeigt Viertkl\u00e4sslern den Schulalltag - Wie lernt es sich an der Geschwister-Scholl-Oberschule?\"   style=\"&#10;&#9;&#9;&#9;aspect-ratio:2040\/1360;&#10;&#9;&#9;&#9;background: url(data:image\/jpg;base64,\/9j\/4AAQSkZJRgABAQEASABIAAD\/2wBDAAUDBAQEAwUEBAQFBQUGBwwIBwcHBw8LCwkMEQ8SEhEPERETFhwXExQaFRERGCEYGh0dHx8fExciJCIeJBweHx7\/2wBDAQUFBQcGBw4ICA4eFBEUHh4eHh4eHh4eHh4eHh4eHh4eHh4eHh4eHh4eHh4eHh4eHh4eHh4eHh4eHh4eHh4eHh7\/wAARCAAHAAoDASIAAhEBAxEB\/8QAFgABAQEAAAAAAAAAAAAAAAAAAAQG\/8QAIBAAAgAGAgMAAAAAAAAAAAAAAQIAAwQHERMFITFBU\/\/EABQBAQAAAAAAAAAAAAAAAAAAAAP\/xAAZEQACAwEAAAAAAAAAAAAAAAABAgADESH\/2gAMAwEAAhEDEQA\/AKLn3BncWsuk1qlaZpfWWbGnJCtkeyR47jArcrmSoIppeMfZoQgKmJXsZhjHJ\/\/Z) no-repeat left top; background-size: cover;&#9;&#9;&#9;width: 100%;&#9;&#9;\"\/><\/p>\n<p>\n\t\t\t\t\t\t\t\t\tWie lernt es sich an der Geschwister-Scholl-Oberschule? Foto: Steffi Hofmann\n\t\t\t\t\t\t\t\t<\/p>\n<\/li>\n<li class=\"img gallery-item\">\n<p>\t\t\t\t\t\t\t\t\t\t\t\t\t\t\t\t\t\t\t\t\t\t\t\t\t\t\t\t\t\t\t\t\t\t\t\t\t        \t\t\t\t<img decoding=\"async\" class=\"media-image \" loading=\"lazy\" src=\"https:\/\/www.europesays.com\/de\/wp-content\/uploads\/2025\/11\/17594144_W400C2040x1360o0x0.jpg\" alt=\"Wie lernen wir hier? Schnupperwoche zeigt Viertkl\u00e4sslern den Schulalltag - Wie lernt es sich an der Geschwister-Scholl-Oberschule?\"   style=\"&#10;&#9;&#9;&#9;aspect-ratio:2040\/1360;&#10;&#9;&#9;&#9;background: url(data:image\/jpg;base64,\/9j\/4AAQSkZJRgABAQEASABIAAD\/2wBDAAUDBAQEAwUEBAQFBQUGBwwIBwcHBw8LCwkMEQ8SEhEPERETFhwXExQaFRERGCEYGh0dHx8fExciJCIeJBweHx7\/2wBDAQUFBQcGBw4ICA4eFBEUHh4eHh4eHh4eHh4eHh4eHh4eHh4eHh4eHh4eHh4eHh4eHh4eHh4eHh4eHh4eHh4eHh7\/wAARCAAHAAoDASIAAhEBAxEB\/8QAFQABAQAAAAAAAAAAAAAAAAAAAAT\/xAAjEAABAwIFBQAAAAAAAAAAAAACAQMEAAUGERIhMSJBUVJh\/8QAFAEBAAAAAAAAAAAAAAAAAAAABP\/EABsRAAEEAwAAAAAAAAAAAAAAAAEAAgMxERIi\/9oADAMBAAIRAxEAPwBf7DepeJbg7JaiuMyJRE0wIjrRkQAA6ly4yXbytRBBeigkZIj2TSaOQ7be3ylKEyQyZaaBT9AzoWV\/\/9k=) no-repeat left top; background-size: cover;&#9;&#9;&#9;width: 100%;&#9;&#9;\"\/><\/p>\n<p>\n\t\t\t\t\t\t\t\t\tWie lernt es sich an der Geschwister-Scholl-Oberschule? Foto: Steffi Hofmann\n\t\t\t\t\t\t\t\t<\/p>\n<\/li>\n<\/ul>\n<p>1\/3<\/p>\n<p>\t\t\t\t\t\t\t\t\t\t\t\t\t\t\t\t\t\t\t\t\t\t\t\t\t\t\t\t\t\t<b class=\"ortsmarke\">Limbach-Oberfrohna.<\/b>\u00a0<\/p>\n<p>Wie lernt es sich an der Geschwister-Scholl-Oberschule? Welche Lehrer gibt es und welche R\u00e4umlichkeiten? Diese und weitere Fragen beantwortet das Schulteam ab Montag ganz direkt. Die Oberschule f\u00fchrt f\u00fcr Sch\u00fcler der jetzigen vierten Klassen und deren Eltern zum ersten Mal eine Schnupperwoche durch. Vom 24. bis zum 27. November, jeweils von 16 bis 18 Uhr, sind sie eingeladen, <a href=\"https:\/\/www.blick.de\/thema\/ort\/schule\" title=\"Schule\" class=\"internal-article-link\" data-ct=\"ENTITY\/LOCATION\/SCHULE\" target=\"_blank\" rel=\"noopener\">Schule<\/a> und Lehrkr\u00e4fte kennenzulernen.<\/p>\n<p>\t\t\t\t\t\t\t\t\t\t\t\t\t\t\t\t\t\tFachkabinette \u00f6ffnen \u2013 pers\u00f6nliche F\u00fchrungen in kleinen Gruppen<\/p>\n<p>\u201eDas Besondere an der Schnupperwoche ist die M\u00f6glichkeit, unsere Schule ganz pers\u00f6nlich, in kleinen Gruppen zu entdecken \u2013 durch eine pers\u00f6nliche F\u00fchrung von Lehrern\u201c, sagt Tobias Andr\u00e4, Vorsitzender des F\u00f6rdervereins der Geschwister-Scholl-Oberschule. Alle Fachkabinette von Biologie \u00fcber Physik bis hin zu Chemie \u00f6ffnen ihre T\u00fcren und laden zum Erkunden ein.<\/p>\n<p>\t\t\t\t\t\t\t\t\t\t\t\t\t\t\t\t\t\tGanztagsangebote und Schulclub werden vorgestellt<\/p>\n<p>Neben einem umfangreichen Ganztagsangebot soll auch der Schulclub, der t\u00e4glich ge\u00f6ffnet hat, vorgestellt werden. Gro\u00dfen Wert legt die Schule zudem auf individuelle Unterst\u00fctzung: Unter dem Motto \u201eSch\u00fcler helfen Sch\u00fcler\u201c geben Neunt- und Zehntkl\u00e4ssler pers\u00f6nliche Nachhilfe f\u00fcr j\u00fcngere Jahrg\u00e4nge.<\/p>\n<p>\t\t\t\t\t\t\t\t\t\t\t\t\t\t\t\t\t\tAnmeldung nur online m\u00f6glich<\/p>\n<p>F\u00fcr die Teilnahme an der Schnupperwoche ist eine Anmeldung n\u00f6tig. Diese erfolgt ausschlie\u00dflich online \u00fcber die Website scholl-os.de bis zum 21. November um 7 Uhr.<\/p>\n","protected":false},"excerpt":{"rendered":"Wie lernen wir hier? Schnupperwoche zeigt Viertkl\u00e4sslern den Schulalltag Lernen an der Geschwister-Scholl-Oberschule in Limbach Wie lernt es&hellip;\n","protected":false},"author":2,"featured_media":583991,"comment_status":"","ping_status":"","sticky":false,"template":"","format":"standard","meta":{"footnotes":""},"categories":[1851],"tags":[4568,2770,3364,29,548,663,3934,30,13,14,15,859,12],"class_list":{"0":"post-583990","1":"post","2":"type-post","3":"status-publish","4":"format-standard","5":"has-post-thumbnail","7":"category-chemnitz","8":"tag-schulen","9":"tag-chemnitz","10":"tag-de","11":"tag-deutschland","12":"tag-eu","13":"tag-europa","14":"tag-europe","15":"tag-germany","16":"tag-headlines","17":"tag-nachrichten","18":"tag-news","19":"tag-sachsen","20":"tag-schlagzeilen"},"share_on_mastodon":{"url":"https:\/\/pubeurope.com\/@de\/115569526931012748","error":""},"_links":{"self":[{"href":"https:\/\/www.europesays.com\/de\/wp-json\/wp\/v2\/posts\/583990","targetHints":{"allow":["GET"]}}],"collection":[{"href":"https:\/\/www.europesays.com\/de\/wp-json\/wp\/v2\/posts"}],"about":[{"href":"https:\/\/www.europesays.com\/de\/wp-json\/wp\/v2\/types\/post"}],"author":[{"embeddable":true,"href":"https:\/\/www.europesays.com\/de\/wp-json\/wp\/v2\/users\/2"}],"replies":[{"embeddable":true,"href":"https:\/\/www.europesays.com\/de\/wp-json\/wp\/v2\/comments?post=583990"}],"version-history":[{"count":0,"href":"https:\/\/www.europesays.com\/de\/wp-json\/wp\/v2\/posts\/583990\/revisions"}],"wp:featuredmedia":[{"embeddable":true,"href":"https:\/\/www.europesays.com\/de\/wp-json\/wp\/v2\/media\/583991"}],"wp:attachment":[{"href":"https:\/\/www.europesays.com\/de\/wp-json\/wp\/v2\/media?parent=583990"}],"wp:term":[{"taxonomy":"category","embeddable":true,"href":"https:\/\/www.europesays.com\/de\/wp-json\/wp\/v2\/categories?post=583990"},{"taxonomy":"post_tag","embeddable":true,"href":"https:\/\/www.europesays.com\/de\/wp-json\/wp\/v2\/tags?post=583990"}],"curies":[{"name":"wp","href":"https:\/\/api.w.org\/{rel}","templated":true}]}}