{"id":584106,"date":"2025-11-18T08:37:17","date_gmt":"2025-11-18T08:37:17","guid":{"rendered":"https:\/\/www.europesays.com\/de\/584106\/"},"modified":"2025-11-18T08:37:17","modified_gmt":"2025-11-18T08:37:17","slug":"deshalb-konnte-ihr-kinderwunsch-sich-nie-erfuellen","status":"publish","type":"post","link":"https:\/\/www.europesays.com\/de\/584106\/","title":{"rendered":"Deshalb konnte ihr Kinderwunsch sich nie erf\u00fcllen"},"content":{"rendered":"<p>Seit 18 Jahren sind sie gl\u00fccklich\u201eBauer sucht Frau\u201c-Traumpaar Anja und Bruno \u2013 darum hat sich ihr Kinderwunsch nie erf\u00fcllt 18. November 2025 um 08:30 Uhr<\/p>\n<p class=\"AnnotatedMarkup_paragraph__IUT9l\"><strong>\u201eDa ging es mir so schlecht&#8230;\u201d<\/strong><br \/>Sie sind eins der gl\u00fccklichsten Paare, die sich bei \u201eBauer sucht Frau\u201d je gefunden haben. Bauer Bruno und seine Anja sind seit 2007 unzertrennlich und mittlerweile schon 16 Jahren verheiratet. Ein echtes Dreamteam. Einziger Wermutstropfen in ihrer Beziehung: Anja und Bruno sind nie Eltern geworden. Den traurigen Grund daf\u00fcr erkl\u00e4ren sie Bauernreporter Ralf oben im Video.<\/p>\n<p>Eine schwere Infektion verhinderte das Baby-Gl\u00fcck <\/p>\n<p class=\"AnnotatedMarkup_paragraph__IUT9l\">Als \u201eRalf, der Bauernreporter\u201d (<a href=\"https:\/\/plus.rtl.de\/video-tv\/shows\/ralf-der-bauernreporter-846762?utm_source=rtl&amp;utm_content=30028022&amp;utm_medium=owned&amp;utm_campaign=textlink&amp;utm_term=ralf-der-bauernreporter\" target=\"_blank\" rel=\"noopener\">hier auf RTL+ streamen<\/a>) Bruno und Anja auf ihrem Hof in Oberfranken besucht, stellt er sofort fest, dass die beiden immer noch ein Herz und eine Seele sind. Sie sind das am l\u00e4ngsten verheiratete Paar in der \u201eBauer such Frau\u201d-Geschichte und wirken immer noch so gl\u00fccklich, wie am ersten Tag. Zu seinem 15. Hochzeitstag hat das Kultpaar sogar verk\u00fcndet: <a href=\"https:\/\/www.rtl.de\/cms\/bauer-sucht-frau-traumpaar-anja-bruno-streit-seit-16-jahren-fehlanzeige-5070976.html\" target=\"_self\" rel=\"noopener\">\u201eWir sind \u00fcber 5.000 Tage verheiratet, wir haben uns wirklich noch nie gestritten.\u201c <\/a><\/p>\n<p><img alt=\"\u201eBauer sucht Frau\u201c-Stars Bruno und Anja\" fetchpriority=\"auto\" loading=\"lazy\" width=\"940\" height=\"529\" decoding=\"async\" data-nimg=\"1\" class=\"Image_image__SdgLQ Picture_image__vGN9W\" style=\"color:transparent\"   src=\"https:\/\/www.europesays.com\/de\/wp-content\/uploads\/2025\/11\/bauer-sucht-frau-stars-bruno-und-anja.webp.webp\"\/><\/p>\n<p>2009 l\u00e4uteten bei den \u201eBauer sucht Frau\u201c-Stars Bruno und Anja die Hochzeitsglocken.<\/p>\n<p>RTL<\/p>\n<p class=\"AnnotatedMarkup_paragraph__IUT9l\">Auch, dass ihre Ehe leider kinderlos ist, konnte die Liebe der beiden nie ersch\u00fcttern. Anja spricht mit Bauernreporter Ralf ganz offen dar\u00fcber: <strong>Ungef\u00e4hr ein halbes Jahr nach der Hochzeit hatte Anja pl\u00f6tzlich starke Schmerzen und kam ins Krankenhaus<\/strong>. Der Blinddarm musste ihr entfernt werden. Nach der Operation hat Anja damals \u201eeine ganz, ganz schwere bakterielle Infektion\u201d bekommen.<strong> \u201eDa ging es mir so schlecht und es ist alles im Bauchraum so kaputt, vernarbt und zerfressen &#8230;\u201d <\/strong><\/p>\n<p><img alt=\"Bauer sucht Frau\" fetchpriority=\"auto\" loading=\"lazy\" width=\"615\" height=\"346\" decoding=\"async\" data-nimg=\"1\" class=\"Image_image__SdgLQ RtlPlusContent_image__Gbn0N\" style=\"color:transparent\"   src=\"https:\/\/www.europesays.com\/de\/wp-content\/uploads\/2025\/11\/1763455037_744_bauer-sucht-frau.webp.webp\"\/><\/p>\n<p class=\"AnnotatedMarkup_paragraph__IUT9l\">Sie w\u00e4ren gerne Eltern geworden, aber das Risiko war zu hoch: Anja und ihr Bruno haben sich deswegen gegen eine Schwangerschaft entschieden. \u201eDann hat man \u00fcberlegt mit Kinderwunsch &#8230; Aber das w\u00e4re so aufwendig gewesen alles\u201d, erkl\u00e4rt Anja.<\/p>\n<p class=\"AnnotatedMarkup_paragraph__IUT9l\"><strong>Lese-Tipp:<\/strong> <a href=\"https:\/\/www.rtl.de\/cms\/bauer-sucht-frau-traumpaar-anja-bruno-streit-seit-16-jahren-fehlanzeige-5070976.html\" target=\"_self\" rel=\"noopener\">\u201eBauer sucht Frau\u201c-Bruno hat \u201eLandwirtschaft verkleinert\u201c \u2013 aus gesundheitlichen Gr\u00fcnden<\/a><\/p>\n<p>\u201eBauer sucht Frau\u201d-Traumpaar ist ohne Kinder sehr gl\u00fccklich<\/p>\n<p class=\"AnnotatedMarkup_paragraph__IUT9l\">Dieser Schicksalsschlag konnte das Gl\u00fcck von Bruno und Anja noch nie tr\u00fcben. Seit 18 Jahren gehen sie gemeinsam durchs Leben und haben viele Projekte, die sie ausf\u00fcllen und gl\u00fccklich machen. Eines davon: Kinder lernen auf ihrem Hof das Reiten. <br \/>Was das \u201eBauer sucht Frau\u201d-Traumpaar noch alles treibt, gibt es bei <strong>\u201eRalf, der Bauernreporter\u201d am Montag, 17. November, um 22.30 Uhr bei RTL zu sehen \u2013 <a href=\"https:\/\/plus.rtl.de\/video-tv\/shows\/ralf-der-bauernreporter-846762\/staffel-11-1043446\/episode-3-bauer-herbert-und-kultbauernpaar-bruno-anja-1043449?utm_source=rtl&amp;utm_content=30028022&amp;utm_medium=owned&amp;utm_campaign=textlink&amp;utm_term=ralf-der-bauernreporter\" target=\"_blank\" rel=\"noopener\">oder jetzt schon online auf RTL+<\/a>. <\/strong><\/p>\n<p class=\"AnnotatedMarkup_paragraph__IUT9l\">Verwendete Quellen: RTL <\/p>\n","protected":false},"excerpt":{"rendered":"Seit 18 Jahren sind sie gl\u00fccklich\u201eBauer sucht Frau\u201c-Traumpaar Anja und Bruno \u2013 darum hat sich ihr Kinderwunsch nie&hellip;\n","protected":false},"author":2,"featured_media":584107,"comment_status":"","ping_status":"","sticky":false,"template":"","format":"standard","meta":{"footnotes":""},"categories":[1773],"tags":[6631,57106,57107,57105,29,214,30,6629,471,1780,684,215],"class_list":{"0":"post-584106","1":"post","2":"type-post","3":"status-publish","4":"format-standard","5":"has-post-thumbnail","7":"category-serien","8":"tag-bauer-sucht-frau","9":"tag-bauer-sucht-frau-kandidaten","10":"tag-bauer-sucht-frau-news","11":"tag-bauer-sucht-frau-videos","12":"tag-deutschland","13":"tag-entertainment","14":"tag-germany","15":"tag-inka-bause","16":"tag-serien","17":"tag-series","18":"tag-tv","19":"tag-unterhaltung"},"share_on_mastodon":{"url":"https:\/\/pubeurope.com\/@de\/115569797161339084","error":""},"_links":{"self":[{"href":"https:\/\/www.europesays.com\/de\/wp-json\/wp\/v2\/posts\/584106","targetHints":{"allow":["GET"]}}],"collection":[{"href":"https:\/\/www.europesays.com\/de\/wp-json\/wp\/v2\/posts"}],"about":[{"href":"https:\/\/www.europesays.com\/de\/wp-json\/wp\/v2\/types\/post"}],"author":[{"embeddable":true,"href":"https:\/\/www.europesays.com\/de\/wp-json\/wp\/v2\/users\/2"}],"replies":[{"embeddable":true,"href":"https:\/\/www.europesays.com\/de\/wp-json\/wp\/v2\/comments?post=584106"}],"version-history":[{"count":0,"href":"https:\/\/www.europesays.com\/de\/wp-json\/wp\/v2\/posts\/584106\/revisions"}],"wp:featuredmedia":[{"embeddable":true,"href":"https:\/\/www.europesays.com\/de\/wp-json\/wp\/v2\/media\/584107"}],"wp:attachment":[{"href":"https:\/\/www.europesays.com\/de\/wp-json\/wp\/v2\/media?parent=584106"}],"wp:term":[{"taxonomy":"category","embeddable":true,"href":"https:\/\/www.europesays.com\/de\/wp-json\/wp\/v2\/categories?post=584106"},{"taxonomy":"post_tag","embeddable":true,"href":"https:\/\/www.europesays.com\/de\/wp-json\/wp\/v2\/tags?post=584106"}],"curies":[{"name":"wp","href":"https:\/\/api.w.org\/{rel}","templated":true}]}}