{"id":584135,"date":"2025-11-18T08:54:39","date_gmt":"2025-11-18T08:54:39","guid":{"rendered":"https:\/\/www.europesays.com\/de\/584135\/"},"modified":"2025-11-18T08:54:39","modified_gmt":"2025-11-18T08:54:39","slug":"service-de-c-1995-2025-ruhr-concept-kg-das-presseportal-fuer-die-erfolgreiche-pressearbeit-von-staedten-kreisen-verbaenden-verlagen-parteien-unternehmen-medienbueros-hotelketten-etc-71","status":"publish","type":"post","link":"https:\/\/www.europesays.com\/de\/584135\/","title":{"rendered":"service.de &#8211; (c) 1995-2025 ruhr-concept KG, das Presseportal f\u00fcr die erfolgreiche Pressearbeit von St\u00e4dten, Kreisen, Verb\u00e4nden, Verlagen, Parteien, Unternehmen, Medienb\u00fcros, Hotelketten etc."},"content":{"rendered":"<p>            &#13;<br \/>\n                Alle Meldungen:<\/p>\n<p>  &#13;<br \/>\n18.11.2025 &#8211; <a href=\"https:\/\/www.presse-service.de\/public\/Default.aspx?p=1381\" rel=\"nofollow noopener\" target=\"_blank\">Kreis Viersen<\/a>&#13;<\/p>\n<p>  &#13;<br \/>\nEinladung: Ausschuss f\u00fcr Umwelt, Klimaschutz und Landwirtschaft tagt am 25. November&#13;<\/p>\n<p class=\"ins_r\">&#13;<br \/>\n      <img decoding=\"async\" class=\"news_list_single_image\" src=\"https:\/\/www.europesays.com\/de\/wp-content\/uploads\/2025\/05\/logo_kv.png\" alt=\"\u00a9 \"\/>&#13;<br \/>\nDer Ausschuss f\u00fcr Umwelt, Klimaschutz und Landwirtschaft des Kreises Viersen tagt am Dienstag, 25. November, um 18 Uhr im Konferenzraum 3 + 4 des Forums, Rathausmarkt 2, 41747 Viersen.&#13;<br \/>\nAuf der Tagesordnung stehen unter anderem die Vorstellung der im Ausschuss f\u00fcr Umwelt, Klimaschutz und Landwirtschaft zu beratenden Themen der \u00c4mter 60 und 66 sowie der Nitratbericht 2024.\u00a0&#13;<br \/>\nDen Vorsitz hat Christoph Szallies.\u00a0Die Sitzung ist \u00f6ffentlich.&#13;<br \/>\nDie \u00f6ffentlichen Sitzungsunterlagen finden Sie zum Download im&#8230;&#13;\n  <\/p>\n<p> &#13;<br \/>\n      <a href=\"https:\/\/www.presse-service.de\/public\/Single.aspx?iid=1202892\" rel=\"nofollow noopener\" target=\"_blank\">mehr lesen&#8230;<\/a>  <\/p>\n<p>  &#13;<br \/>\n18.11.2025 &#8211; <a href=\"https:\/\/www.presse-service.de\/public\/Default.aspx?p=116\" rel=\"nofollow noopener\" target=\"_blank\">Stadt Hanau<\/a>&#13;<\/p>\n<p>  &#13;<br \/>\nNeue Dreifeld-Sporthalle an der Hanauer T\u00fcmpelgartenschule &#13;<br \/>\nModerne Sportst\u00e4tte f\u00fcr Schule und Vereine \/ Planungen starten 2027&#13;<\/p>\n<p class=\"ins_r\">&#13;<br \/>\n      <img decoding=\"async\" class=\"news_list_single_image\" src=\"https:\/\/www.presse-service.de\/data.aspx\/medien\/310019V.jpg?cache=1\" alt=\"\u00a9 Stadt Hanau \/ Moritz G\u00f6bel\"\/>&#13;<br \/>\nDie Stadt Hanau investiert weiter in ihre Bildungs- und Sportinfrastruktur: An der T\u00fcmpelgartenschule im Stadtteil Lamboy entsteht eine neue Dreifeld-Sporthalle. Sie ersetzt die sanierungsbed\u00fcrftige Einfeld-Halle. Mit dem Neubau reagiert die Stadt auf den gestiegenen Raumbedarf, der durch die Erweiterung des benachbarten Schulzentrums Hessen-Homburg entsteht. &#13;\n  <\/p>\n<p> &#13;<br \/>\n      <a href=\"https:\/\/www.presse-service.de\/public\/Single.aspx?iid=1202886\" rel=\"nofollow noopener\" target=\"_blank\">mehr lesen&#8230;<\/a>  <\/p>\n<p>  &#13;<br \/>\n18.11.2025 &#8211; <a href=\"https:\/\/www.presse-service.de\/public\/Default.aspx?p=1568\" rel=\"nofollow noopener\" target=\"_blank\">Stadt Osnabr\u00fcck<\/a>&#13;<\/p>\n<p>  &#13;<br \/>\nZentrum f\u00fcr Jugendberufshilfe l\u00e4dt am 30. November zum Wintermarkt in der Dammstra\u00dfe&#13;<\/p>\n<p class=\"ins_r\">&#13;<br \/>\n      <img decoding=\"async\" class=\"news_list_single_image\" src=\"https:\/\/www.presse-service.de\/data.aspx\/medien\/307594V.jpg?cache=1\" alt=\"\u00a9 Stadt Osnabr\u00fcck\"\/>&#13;<br \/>\nZum traditionellen Wintermarkt (ehm. Herbstmarkt) l\u00e4dt das Osnabr\u00fccker Zentrum f\u00fcr Jugendberufshilfe f\u00fcr Sonntag, 30. November, von 11 bis 16 Uhr wieder in der Dammstra\u00dfe ein. Bei diesem Tag der offenen T\u00fcr k\u00f6nnen die Besucherinnen und Besucher Produkte erwerben, die die Teilnehmenden der Jugendwerkstatt hergestellt haben.&#13;<br \/>\nEs besteht au\u00dferdem die M\u00f6glichkeit die R\u00e4umlichkeiten der Werkst\u00e4tten, in denen die Werkst\u00fccke angefertigt wurden, zu besichtigen und mit Teilnehmenden sowie Mitarbeitenden ins Gespr\u00e4ch zu kommen. Und f\u00fcr leckere Speisen&#8230;&#13;\n  <\/p>\n<p> &#13;<br \/>\n      <a href=\"https:\/\/www.presse-service.de\/public\/Single.aspx?iid=1199227\" rel=\"nofollow noopener\" target=\"_blank\">mehr lesen&#8230;<\/a>  <\/p>\n<p>  &#13;<br \/>\n18.11.2025 &#8211; <a href=\"https:\/\/www.presse-service.de\/public\/Default.aspx?p=1589\" rel=\"nofollow noopener\" target=\"_blank\">Stadt Dortmund<\/a>&#13;<\/p>\n<p>  &#13;<br \/>\nBegegnungszentrum Mengede hilft bei Fragen zu Smartphones und Tablets&#13;<\/p>\n<p class=\"ins_r\">&#13;<br \/>\n      <img decoding=\"async\" class=\"news_list_single_image\" src=\"https:\/\/www.europesays.com\/de\/wp-content\/uploads\/2025\/08\/logo_do_pink.png\" alt=\"\u00a9 \"\/>&#13;<br \/>\nDas St\u00e4dtische Begegnungszentrum Mengede, B\u00fcrenstra\u00dfe 1, bietet Sprechstunden rund um Smartphones oder Tablets mit dem Betriebssystem iOS von Apple (iPhone oder iPad) an.&#13;<br \/>\nDie Sprechstunden\u00a0finden immer dienstags in geraden Kalenderwochen statt. Der n\u00e4chste kostenlose Termin ist Dienstag, 25. November, 9:30 bis 12 Uhr. Terminabsprachen sind erforderlich unter Tel. 0231 50-28020 oder per E-Mail an\u00a0bz_mengede@stadtdo.de.&#13;\n  <\/p>\n<p> &#13;<br \/>\n      <a href=\"https:\/\/www.presse-service.de\/public\/Single.aspx?iid=1201215\" rel=\"nofollow noopener\" target=\"_blank\">mehr lesen&#8230;<\/a>  <\/p>\n<p>  &#13;<br \/>\n18.11.2025 &#8211; <a href=\"https:\/\/www.presse-service.de\/public\/Default.aspx?p=1589\" rel=\"nofollow noopener\" target=\"_blank\">Stadt Dortmund<\/a>&#13;<\/p>\n<p>  &#13;<br \/>\n\u201e130 Jahre Fu\u00dfball in Bild und Ton\u201c: Vortrag von Gerd Kolbe im Begegnungszentrum Berghofen&#13;<\/p>\n<p class=\"ins_r\">&#13;<br \/>\n      <img decoding=\"async\" class=\"news_list_single_image\" src=\"https:\/\/www.europesays.com\/de\/wp-content\/uploads\/2025\/08\/logo_do_pink.png\" alt=\"\u00a9 \"\/>&#13;<br \/>\nGerd Kolbe, von 1976 bis 1981 Pressesprecher von Borussia Dortmund, ist am Dienstag, 25. November, von 15 bis 16:30 Uhr im Begegnungszentrum Berghofen, Am Oldendieck 6, zu Gast. Seit 1953 ist er als Schwarzgelber unterwegs und hat dementsprechend zahlreiche Erinnerungen rund um den BVB und die Geschichte des Fu\u00dfballs parat.&#13;<br \/>\nDer Eintritt betr\u00e4gt 5 Euro. Mit der Dortmund-Karte ist der Eintritt frei. Um Voranmeldung wird gebeten unter Tel. 0231 50-29100 oder per E-Mail an\u00a0bz_berghofen@dortmund.de.&#13;\n  <\/p>\n<p> &#13;<br \/>\n      <a href=\"https:\/\/www.presse-service.de\/public\/Single.aspx?iid=1201216\" rel=\"nofollow noopener\" target=\"_blank\">mehr lesen&#8230;<\/a>  <\/p>\n<p>  &#13;<br \/>\n18.11.2025 &#8211; <a href=\"https:\/\/www.presse-service.de\/public\/Default.aspx?p=1589\" rel=\"nofollow noopener\" target=\"_blank\">Stadt Dortmund<\/a>&#13;<\/p>\n<p>  &#13;<br \/>\nKarten kloppen beim Romm\u00e9-Turnier im Begegnungszentrum Mengede&#13;<\/p>\n<p class=\"ins_r\">&#13;<br \/>\n      <img decoding=\"async\" class=\"news_list_single_image\" src=\"https:\/\/www.europesays.com\/de\/wp-content\/uploads\/2025\/08\/logo_do_pink.png\" alt=\"\u00a9 \"\/>&#13;<br \/>\nIm Begegnungszentrum Mengede, B\u00fcrensta\u00dfe 1, findet am Dienstag, 25. November, ab 14 Uhr, das n\u00e4chste Romm\u00e9-Turnier statt. Es hei\u00dft: Punkte sammeln, Karten kloppen, Preise gewinnen!&#13;<br \/>\nDie Teilnahme kostet zwei Euro und kann zu Beginn der Veranstaltung bezahlt werden.&#13;<br \/>\nWeitere Informationen unter Telefon 0231 50-28020 oder E-Mail\u00a0bz_mengede@stadtdo.de.&#13;\n  <\/p>\n<p> &#13;<br \/>\n      <a href=\"https:\/\/www.presse-service.de\/public\/Single.aspx?iid=1201218\" rel=\"nofollow noopener\" target=\"_blank\">mehr lesen&#8230;<\/a>  <\/p>\n<p>  &#13;<br \/>\n18.11.2025 &#8211; <a href=\"https:\/\/www.presse-service.de\/public\/Default.aspx?p=473\" rel=\"nofollow noopener\" target=\"_blank\">Kreis Borken<\/a>&#13;<\/p>\n<p>  &#13;<br \/>\n\u201eNachbarschaftshilfe\u201c als Entlastung f\u00fcr pflegebed\u00fcrftige Menschen und ihre Angeh\u00f6rigen im Kreis Borken&#13;<br \/>\nKostenloser Online-Vortrag am Dienstag, 2. Dezember 2025&#13;<\/p>\n<p class=\"ins_r\">&#13;<br \/>\n      <img decoding=\"async\" class=\"news_list_single_image\" src=\"https:\/\/www.presse-service.de\/data.aspx\/medien\/280159V.jpg?cache=1\" alt=\"\u00a9 \"\/>&#13;<br \/>\nBeh\u00f6rdeng\u00e4nge, Haushalt oder Einkaufen sind Aufgaben, bei denen pflegebed\u00fcrftige Menschen m\u00f6glicherweise auf die Hilfe ihrer Angeh\u00f6rigen angewiesen sind. Diese Unterst\u00fctzung stellt besonders berufst\u00e4tige Familienmitglieder vor gro\u00dfe Herausforderungen. Was Betroffene h\u00e4ufig nicht wissen: &#8222;Kosten f\u00fcr solche sogenannten Betreuungs- und Entlastungsleistungen k\u00f6nnen von der Pflegeversicherung bereits ab Pflegegrad 1 in einer H\u00f6he von bis zu 131 Euro im Monat erstattet werden&#8220;, sagt Lena Schlamann, Sozialplanerin des Kreises Borken. Problem dabei sei&#8230;&#13;\n  <\/p>\n<p> &#13;<br \/>\n      <a href=\"https:\/\/www.presse-service.de\/public\/Single.aspx?iid=1202477\" rel=\"nofollow noopener\" target=\"_blank\">mehr lesen&#8230;<\/a>  <\/p>\n<p>  &#13;<br \/>\n18.11.2025 &#8211; <a href=\"https:\/\/www.presse-service.de\/public\/Default.aspx?p=1227\" rel=\"nofollow noopener\" target=\"_blank\">Stadt Iserlohn<\/a>&#13;<\/p>\n<p>  &#13;<br \/>\nHeitere Weihnachtsatmosph\u00e4re und kuriose Br\u00e4uche: Vortrag in leichtem Spanisch  &#13;<\/p>\n<p class=\"ins_r\">&#13;<br \/>\n      <img decoding=\"async\" class=\"news_list_single_image\" src=\"https:\/\/www.presse-service.de\/data.aspx\/medien\/309959V.jpg?cache=1\" alt=\"\u00a9 Foto: pixabay_lenahelfinger\"\/>&#13;<br \/>\nF\u00fcr Spanischlernende aller Niveaustufen bietet die Volkshochschule (VHS) Iserlohn, Bahnhofsplatz 2, am Donnerstag, 27. November, einen Vortrag in leichtem Spanisch \u00fcber Weihnachtsbr\u00e4uche in Spanien und S\u00fcdamerika an. Ab 18.30 Uhr entf\u00fchrt der aus Argentinien stammende Referent Juan Tous die Zuh\u00f6renden in die heitere und ganz und gar nicht besinnliche Weihnachtsatmosph\u00e4re spanischsprachiger L\u00e4nder und erkl\u00e4rt dabei zahlreiche kuriose Br\u00e4uche.&#13;<br \/>\nAnmeldungen nimmt die VHS Iserlohn unter der Kurs-Nummer 252_42250 online unter www.vhs-iserlohn.de&#8230;&#13;\n  <\/p>\n<p> &#13;<br \/>\n      <a href=\"https:\/\/www.presse-service.de\/public\/Single.aspx?iid=1202806\" rel=\"nofollow noopener\" target=\"_blank\">mehr lesen&#8230;<\/a>  <\/p>\n<p>  &#13;<br \/>\n18.11.2025 &#8211; <a href=\"https:\/\/www.presse-service.de\/public\/Default.aspx?p=1032\" rel=\"nofollow noopener\" target=\"_blank\">Kreisstadt Unna<\/a>&#13;<\/p>\n<p>  &#13;<br \/>\nKlangwelten Orient und Okzident: Einladung zum Interkulturellen Konzert&#13;<\/p>\n<p class=\"ins_r\">&#13;<br \/>\n      <img decoding=\"async\" class=\"news_list_single_image\" src=\"https:\/\/www.europesays.com\/de\/wp-content\/uploads\/2025\/04\/StadtUnna_Logo.jpg\" alt=\"\u00a9 \"\/>&#13;<br \/>\nZu einem Interkulturellen Konzert sind alle interessierten B\u00fcrger*innen f\u00fcr Samstag, 6. Dezember, in die Schwankhalle im zib am Lindenplatz 1 in Unna eingeladen. Unter dem Motto &#8222;Klangwelten Orient und Okzident&#8220; spielen Yusuf Mansouri Klavier, Recep Seber Kanun (Zither) und Nehrin Kurtov Klarinette. Das Konzert beginnt um 18 Uhr. Der Eintritt ist frei.&#13;\n  <\/p>\n<p> &#13;<br \/>\n      <a href=\"https:\/\/www.presse-service.de\/public\/Single.aspx?iid=1202834\" rel=\"nofollow noopener\" target=\"_blank\">mehr lesen&#8230;<\/a>  <\/p>\n<p>  &#13;<br \/>\n18.11.2025 &#8211; <a href=\"https:\/\/www.presse-service.de\/public\/Default.aspx?p=1285\" rel=\"nofollow noopener\" target=\"_blank\">Kreis Steinfurt<\/a>&#13;<\/p>\n<p>  &#13;<br \/>\nKreis Steinfurt: Rund 80 Teilnehmende bei der 15. RBN-Bildungskonferenz &#13;<br \/>\n\u201eDemokratie und Bildung: Gemeinsam in Bewegung\u201c&#13;<\/p>\n<p class=\"ins_r\">&#13;<br \/>\n      <img decoding=\"async\" class=\"news_list_single_image\" src=\"https:\/\/www.presse-service.de\/data.aspx\/medien\/309990V.jpg?cache=1\" alt=\"\u00a9 Kreis Steinfurt\"\/>&#13;<br \/>\nKreis Steinfurt. An der 15. Auflage der Bildungskonferenz des Regionalen Bildungsnetzwerkes Kreis Steinfurt (RBN) nahmen jetzt rund 80 Fachkr\u00e4fte aus den Bereichen Schule, Schulpsychologie, Kommunales Integrationszentrum, Jugendamt, Kirche, Polizei, Feuerwehr, Naturschutz, Volkshochschule und anderer Bildungstr\u00e4ger im Gro\u00dfen Sitzungssaal des Steinfurter Kreishauses teil. Unter dem Motto &#8222;Demokratie und Bildung: Gemeinsam in Bewegung&#8220; sah die Veranstaltung neben Trainingseinheiten des Programms &#8222;Demokratie-Fitness&#8220; einen &#8222;Demokratie Parcours&#8220;&#8230;&#13;\n  <\/p>\n<p> &#13;<br \/>\n      <a href=\"https:\/\/www.presse-service.de\/public\/Single.aspx?iid=1202860\" rel=\"nofollow noopener\" target=\"_blank\">mehr lesen&#8230;<\/a>  <\/p>\n<p>  &#13;<br \/>\n18.11.2025 &#8211; <a href=\"https:\/\/www.presse-service.de\/public\/Default.aspx?p=1573\" rel=\"nofollow noopener\" target=\"_blank\">Emschergenossenschaft \/ Lippeverband<\/a>&#13;<\/p>\n<p>  &#13;<br \/>\nH\u00fcnxer Stra\u00dfe und Elisabethstra\u00dfe: Lippeverband f\u00fchrt im Dezember Bohrungen durch&#13;<br \/>\nVorbereitung f\u00fcr sp\u00e4teren Neubau von unterirdischen Trennsystemen&#13;<\/p>\n<p class=\"ins_r\">&#13;<br \/>\n      <img decoding=\"async\" class=\"news_list_single_image\" src=\"https:\/\/www.presse-service.de\/data.aspx\/medien\/225271V.jpg?cache=1\" alt=\"\u00a9 Kalhh \/ Pixabay \"\/>&#13;<br \/>\nZur Vorbereitung von Kanalbauma\u00dfnahmen in den Bereichen H\u00fcnxer Stra\u00dfe (zwischen Krusenstra\u00dfe und Zum Fischerbusch) und Elisabethstra\u00dfe l\u00e4sst der Lippeverband in Abstimmung mit der Stadt Dinslaken vorlaufende Baugrunduntersuchungen durchf\u00fchren. Diese finden zwischen dem 1. und dem 12. Dezember statt. Der Lippeverband bittet um Verst\u00e4ndnis.&#13;\n  <\/p>\n<p> &#13;<br \/>\n      <a href=\"https:\/\/www.presse-service.de\/public\/Single.aspx?iid=1202890\" rel=\"nofollow noopener\" target=\"_blank\">mehr lesen&#8230;<\/a>  <\/p>\n<p>  &#13;<br \/>\n18.11.2025 &#8211; <a href=\"https:\/\/www.presse-service.de\/public\/Default.aspx?p=1596\" rel=\"nofollow noopener\" target=\"_blank\">Stadt Warstein<\/a>&#13;<\/p>\n<p>  &#13;<br \/>\nB\u00fcchern neues Leben einhauchen&#13;<br \/>\nBasteln f\u00fcr Erwachsene in der Stadtb\u00fccherei Warstein-Belecke&#13;<\/p>\n<p class=\"ins_r\">&#13;<br \/>\n      <img decoding=\"async\" class=\"news_list_single_image\" src=\"https:\/\/www.presse-service.de\/data.aspx\/medien\/310022V.jpg?cache=1\" alt=\"\u00a9 Roswitha Lindemann\"\/>&#13;<br \/>\n\u201eWir haben viele alte B\u00fccher ausgesondert und freuen uns dar\u00fcber, dass wir ihnen mit unserem Angebot \u201eB\u00fccher falten\u201c ein \u201ezweites Leben\u201c einhauchen k\u00f6nnen,\u201c sagt Angelika Kr\u00fcger, Leiterin der Stadtb\u00fccherei Warstein-Belecke. An zwei Donnerstagen im November, am 20. und am 27. November sind interessierte Erwachsenen ab 19 Uhr in die B\u00fccherei in Belecke eingeladen, um mit Roswitha Lindemann Weihnachtsm\u00e4nner zu falten (siehe Foto).&#13;\n  <\/p>\n<p> &#13;<br \/>\n      <a href=\"https:\/\/www.presse-service.de\/public\/Single.aspx?iid=1202896\" rel=\"nofollow noopener\" target=\"_blank\">mehr lesen&#8230;<\/a>  <\/p>\n<p>  &#13;<br \/>\n18.11.2025 &#8211; <a href=\"https:\/\/www.presse-service.de\/public\/Default.aspx?p=1601\" rel=\"nofollow noopener\" target=\"_blank\">Knappschaft Kliniken Gelsenkirchen-Buer GmbH<\/a>&#13;<\/p>\n<p>  &#13;<br \/>\nSport nach Wirbels\u00e4ulenoperation&#13;<br \/>\nPatientenseminar&#13;<\/p>\n<p class=\"ins_r\">&#13;<br \/>\n      <img decoding=\"async\" class=\"news_list_single_image\" src=\"https:\/\/www.presse-service.de\/data.aspx\/medien\/293025V.jpg?cache=1\" alt=\"\u00a9 KKGB\"\/>&#13;<br \/>\nAm Mittwoch, 3. Dezember 2025, 17.00 Uhr, informiert Privat-Dozent Dr. Christopher Brenke, Chefarzt der Klinik f\u00fcr Neurochirurgie, \u00fcber die Stabilit\u00e4t der Wirbels\u00e4ule nach einem Eingriff und erkl\u00e4rt, welcher Sport sich gut und welche sich weniger gut eignet.&#13;\n  <\/p>\n<p> &#13;<br \/>\n      <a href=\"https:\/\/www.presse-service.de\/public\/Single.aspx?iid=1202902\" rel=\"nofollow noopener\" target=\"_blank\">mehr lesen&#8230;<\/a>  <\/p>\n<p>  &#13;<br \/>\n18.11.2025 &#8211; <a href=\"https:\/\/www.presse-service.de\/public\/Default.aspx?p=1227\" rel=\"nofollow noopener\" target=\"_blank\">Stadt Iserlohn<\/a>&#13;<\/p>\n<p>  &#13;<br \/>\nVHS-Aufbaukurs \u201ePC-Grundlagen Teil II\u201c&#13;<\/p>\n<p class=\"ins_r\">&#13;<br \/>\n      <img decoding=\"async\" class=\"news_list_single_image\" src=\"https:\/\/www.presse-service.de\/data.aspx\/medien\/309806V.jpg?cache=1\" alt=\"\u00a9 Pixabay \/ hasa_cmb\"\/>&#13;<br \/>\nIm Aufbaukurs &#8222;PC-Grundlagen Teil II&#8220; der Volkshochschule (VHS) Iserlohn erhalten die Teilnehmenden eine kompakte und anwendungsorientierte Vertiefung in das Arbeiten am PC und das Betriebssystem Windows. Sie erfahren dabei, wie sie ihren Lebensalltag durch Nutzung des PCs erleichtern k\u00f6nnen. Die Teilnahme am ersten Teil dieses Kurses oder entsprechende Vorkenntnisse sind von Vorteil bzw. werden als Voraussetzung angesehen.&#13;<br \/>\nIm Kurs werden weitergehende Funktionen von Windows vermittelt, dazu z\u00e4hlen das Arbeiten mit Ordnern und Dateien \u00fcber den&#8230;&#13;\n  <\/p>\n<p> &#13;<br \/>\n      <a href=\"https:\/\/www.presse-service.de\/public\/Single.aspx?iid=1202638\" rel=\"nofollow noopener\" target=\"_blank\">mehr lesen&#8230;<\/a>  <\/p>\n<p>  &#13;<br \/>\n18.11.2025 &#8211; <a href=\"https:\/\/www.presse-service.de\/public\/Default.aspx?p=1597\" rel=\"nofollow noopener\" target=\"_blank\">Stadt Bottrop<\/a>&#13;<\/p>\n<p>  &#13;<br \/>\nF\u00fchrerscheinstelle bleibt auch heute geschlossen&#13;<\/p>\n<p class=\"ins_r\">&#13;<br \/>\n      <img decoding=\"async\" class=\"news_list_single_image\" src=\"https:\/\/www.europesays.com\/de\/wp-content\/uploads\/2025\/04\/1745649569_940_logo.jpg\" alt=\"\u00a9 \"\/>&#13;<br \/>\n&#13;<br \/>\nDie Stadt Bottrop informiert dar\u00fcber, dass die F\u00fchrerscheinstelle auch heute (18. November 2025) aufgrund eines kurzfristigen Personalengpasses vollst\u00e4ndig geschlossen bleibt. Eine pers\u00f6nliche Vorsprache ist nicht m\u00f6glich.&#13;<br \/>\n&#13;<br \/>\nAlle Bottroperinnen und Bottroper, die f\u00fcr heute einen Termin vereinbart haben, werden telefonisch oder per E-Mail \u00fcber den Ausfall ihres Termins benachrichtigt. Die ausgefallenen Termine werden schnellstm\u00f6glich nachgeholt.&#13;<br \/>\n&#13;<br \/>\nDie Stadt Bottrop bittet um Verst\u00e4ndnis und entschuldigt sich f\u00fcr die entstehenden&#8230;&#13;\n  <\/p>\n<p> &#13;<br \/>\n      <a href=\"https:\/\/www.presse-service.de\/public\/Single.aspx?iid=1202761\" rel=\"nofollow noopener\" target=\"_blank\">mehr lesen&#8230;<\/a>  <\/p>\n<p>  &#13;<br \/>\n18.11.2025 &#8211; <a href=\"https:\/\/www.presse-service.de\/public\/Default.aspx?p=1086\" rel=\"nofollow noopener\" target=\"_blank\">Landeshauptstadt Magdeburg<\/a>&#13;<\/p>\n<p>  &#13;<br \/>\nSuizidpr\u00e4vention in Sachsen-Anhalt&#13;<br \/>\nWissenschaft im Rathaus am 24. November um 19.00 Uhr&#13;<\/p>\n<p class=\"ins_r\">&#13;<br \/>\n      <img decoding=\"async\" class=\"news_list_single_image\" src=\"https:\/\/www.europesays.com\/de\/wp-content\/uploads\/2025\/04\/logo_magdeburg.png\" alt=\"\u00a9 \"\/>&#13;<br \/>\nDie Gestaltung der Suizidpr\u00e4vention in Sachsen-Anhalt ist Thema der n\u00e4chsten Folge von &#8222;Wissenschaft im Rathaus&#8220; am kommenden Montag, 24. November um 19.00 Uhr. Referentin ist Dr. Kristina Geue, Studienleiterin an der Universit\u00e4tsklinik f\u00fcr Psychosomatische Medizin und Psychotherapie der Universit\u00e4tsmedizin Magdeburg. Der Eintritt zum Vortrag &#8222;Wenn das Leben nicht mehr lebenswert erschein \u2013 Suizidpr\u00e4vention in Sachsen-Anhalt&#8220; ist frei.&#13;<br \/>\n\u00a0&#13;<br \/>\nPsychische Belastungen und Krisen k\u00f6nnen jeden Menschen treffen \u2013 und dennoch wird \u00fcber Suizidgedanken und&#8230;&#13;\n  <\/p>\n<p> &#13;<br \/>\n      <a href=\"https:\/\/www.presse-service.de\/public\/Single.aspx?iid=1202882\" rel=\"nofollow noopener\" target=\"_blank\">mehr lesen&#8230;<\/a>  <\/p>\n<p>  &#13;<br \/>\n18.11.2025 &#8211; <a href=\"https:\/\/www.presse-service.de\/public\/Default.aspx?p=115\" rel=\"nofollow noopener\" target=\"_blank\">Stadt Wertheim<\/a>&#13;<\/p>\n<p>  &#13;<br \/>\nOrtschaftsrat Waldenhausen tagt &#13;<\/p>\n<p class=\"ins_r\">&#13;<br \/>\n      <img decoding=\"async\" class=\"news_list_single_image\" src=\"https:\/\/www.europesays.com\/de\/wp-content\/uploads\/2025\/04\/1745649565_961_logo.png\" alt=\"\u00a9 \"\/>&#13;<br \/>\nDer Ortschaftsrat Waldenhausen tagt am Mittwoch, 3. Dezember, um 18.30 Uhr \u00f6ffentlich. Die Sitzung findet im Feuerwehrhaus statt. Zum ersten Mal ist es m\u00f6glich, auch digital in einer Videokonferenz an der Sitzung teilzunehmen. Auf der Tagesordnung stehen:&#13;<br \/>\nB\u00fcrgerfragerunde sowie B\u00fcrger- und Vereinsinformationsrunde, Helfer vor Ort: Infoabend mit Schau\u00fcbung und Fragerunde, R\u00fcckblick und Ausblick auf das Dorfleben, Verschiedenes.&#13;<br \/>\nPersonen, die aus beruflichen, gesundheitlichen oder anderen zwingenden Gr\u00fcnden verhindert sind, besteht die&#8230;&#13;\n  <\/p>\n<p> &#13;<br \/>\n      <a href=\"https:\/\/www.presse-service.de\/public\/Single.aspx?iid=1202885\" rel=\"nofollow noopener\" target=\"_blank\">mehr lesen&#8230;<\/a>  <\/p>\n<p>  &#13;<br \/>\n18.11.2025 &#8211; <a href=\"https:\/\/www.presse-service.de\/public\/Default.aspx?p=1597\" rel=\"nofollow noopener\" target=\"_blank\">Stadt Bottrop<\/a>&#13;<\/p>\n<p>  &#13;<br \/>\nMehrsprachige Vorleseaktion zum Bundesweiten Vorlesetag &#13;<\/p>\n<p class=\"ins_r\">&#13;<br \/>\n      <img decoding=\"async\" class=\"news_list_single_image\" src=\"https:\/\/www.europesays.com\/de\/wp-content\/uploads\/2025\/04\/1745649569_940_logo.jpg\" alt=\"\u00a9 \"\/>&#13;<br \/>\nAm 21. November ab 16:00 Uhr in der Lebendigen Bibliothek&#13;\n  <\/p>\n<p> &#13;<br \/>\n      <a href=\"https:\/\/www.presse-service.de\/public\/Single.aspx?iid=1202891\" rel=\"nofollow noopener\" target=\"_blank\">mehr lesen&#8230;<\/a>  <\/p>\n<p>  &#13;<br \/>\n18.11.2025 &#8211; <a href=\"https:\/\/www.presse-service.de\/public\/Default.aspx?p=133\" rel=\"nofollow noopener\" target=\"_blank\">Stadt Flensburg<\/a>&#13;<\/p>\n<p>  &#13;<br \/>\nGro\u00dfbrand auf Gel\u00e4nde der Firma Nordschrott&#13;<br \/>\nT\u00fcren und Fenster geschlossen halten&#13;<\/p>\n<p class=\"ins_r\">&#13;<br \/>\n      <img decoding=\"async\" class=\"news_list_single_image\" src=\"https:\/\/www.europesays.com\/de\/wp-content\/uploads\/2025\/05\/1747304535_876_logo.gif\" alt=\"\u00a9 \"\/>&#13;<br \/>\n&#13;<br \/>\nGro\u00dfbrand auf Gel\u00e4nde der Flensburger Firma Nordschrott&#13;<br \/>\n&#13;<br \/>\nAm sp\u00e4ten Montagabend ist auf einem Gel\u00e4nde der Firma Nordschrott in der Lilienthalstrasse ein Feuer auf dem Werksgel\u00e4nde ausgebrochen. Der Brand umfasste eine gro\u00dfe Menge gelagertem Elektroschrott. Die Berufsfeuerwehr Flensburg wurde kurz vor  Mitternacht alarmiert und ist mit zahlreichen Kr\u00e4ften im Einsatz. Neben der Berufsfeuerwehr Flensburg sind die Freiwilligen Feuerwehren Weiche, Klues, Innenstadt und Tarup im Einsatz. Die  L\u00f6scharbeiten sind zur Stunde noch nicht abgeschlossen&#8230;.&#13;\n  <\/p>\n<p> &#13;<br \/>\n      <a href=\"https:\/\/www.presse-service.de\/public\/Single.aspx?iid=1202883\" rel=\"nofollow noopener\" target=\"_blank\">mehr lesen&#8230;<\/a>  <\/p>\n<p>&#13;<br \/>\n  &#13;<\/p>\n","protected":false},"excerpt":{"rendered":"&#13; Alle Meldungen: &#13; 18.11.2025 &#8211; Kreis Viersen&#13; &#13; Einladung: Ausschuss f\u00fcr Umwelt, Klimaschutz und Landwirtschaft tagt am&hellip;\n","protected":false},"author":2,"featured_media":584136,"comment_status":"","ping_status":"","sticky":false,"template":"","format":"standard","meta":{"footnotes":""},"categories":[1848],"tags":[3364,29,548,663,3934,3658,30,13,19579,19580,62,14,15,1209,178,19577,19578,19576,181,19575,12],"class_list":{"0":"post-584135","1":"post","2":"type-post","3":"status-publish","4":"format-standard","5":"has-post-thumbnail","7":"category-gelsenkirchen","8":"tag-de","9":"tag-deutschland","10":"tag-eu","11":"tag-europa","12":"tag-europe","13":"tag-gelsenkirchen","14":"tag-germany","15":"tag-headlines","16":"tag-kommunal","17":"tag-kommunaler-dienst","18":"tag-medien","19":"tag-nachrichten","20":"tag-news","21":"tag-nordrhein-westfalen","22":"tag-presse","23":"tag-pressearchiv","24":"tag-pressedienst","25":"tag-pressemeldungen","26":"tag-pressemitteilungen","27":"tag-presseservice","28":"tag-schlagzeilen"},"share_on_mastodon":{"url":"https:\/\/pubeurope.com\/@de\/115569865687160343","error":""},"_links":{"self":[{"href":"https:\/\/www.europesays.com\/de\/wp-json\/wp\/v2\/posts\/584135","targetHints":{"allow":["GET"]}}],"collection":[{"href":"https:\/\/www.europesays.com\/de\/wp-json\/wp\/v2\/posts"}],"about":[{"href":"https:\/\/www.europesays.com\/de\/wp-json\/wp\/v2\/types\/post"}],"author":[{"embeddable":true,"href":"https:\/\/www.europesays.com\/de\/wp-json\/wp\/v2\/users\/2"}],"replies":[{"embeddable":true,"href":"https:\/\/www.europesays.com\/de\/wp-json\/wp\/v2\/comments?post=584135"}],"version-history":[{"count":0,"href":"https:\/\/www.europesays.com\/de\/wp-json\/wp\/v2\/posts\/584135\/revisions"}],"wp:featuredmedia":[{"embeddable":true,"href":"https:\/\/www.europesays.com\/de\/wp-json\/wp\/v2\/media\/584136"}],"wp:attachment":[{"href":"https:\/\/www.europesays.com\/de\/wp-json\/wp\/v2\/media?parent=584135"}],"wp:term":[{"taxonomy":"category","embeddable":true,"href":"https:\/\/www.europesays.com\/de\/wp-json\/wp\/v2\/categories?post=584135"},{"taxonomy":"post_tag","embeddable":true,"href":"https:\/\/www.europesays.com\/de\/wp-json\/wp\/v2\/tags?post=584135"}],"curies":[{"name":"wp","href":"https:\/\/api.w.org\/{rel}","templated":true}]}}