{"id":584138,"date":"2025-11-18T08:57:13","date_gmt":"2025-11-18T08:57:13","guid":{"rendered":"https:\/\/www.europesays.com\/de\/584138\/"},"modified":"2025-11-18T08:57:13","modified_gmt":"2025-11-18T08:57:13","slug":"bundespolizei-in-bayern-grosseinsatz-gegen-gewaltkriminalitaet-an-bahnhoefen-erfolgreich-durchgefuehrt","status":"publish","type":"post","link":"https:\/\/www.europesays.com\/de\/584138\/","title":{"rendered":"Bundespolizei in Bayern: Gro\u00dfeinsatz gegen Gewaltkriminalit\u00e4t an Bahnh\u00f6fen erfolgreich durchgef\u00fchrt"},"content":{"rendered":"<p>M\u00fcnchen (ots) Die Bundespolizei hat am vergangenen Wochenende zielgerichtet gegen Gewaltkriminalit\u00e4t an Bahnh\u00f6fen im Freistaat Bayern vorgegangen. Rund 300 Beamtinnen und Beamte waren dabei an den Hauptbahnh\u00f6fen in M\u00fcnchen, N\u00fcrnberg, Regensburg und Aschaffenburg im Einsatz.<\/p>\n<p>Einsatz gegen Gewaltkriminalit\u00e4t<\/p>\n<p>W\u00e4hrend des Einsatzes wurden 919 Identit\u00e4tsfeststellungen durchgef\u00fchrt und knapp 40 Ermittlungsverfahren eingeleitet, 4 davon wegen Gewaltdelikten. Zudem wurden 26 Verst\u00f6\u00dfe gegen Allgemeinverf\u00fcgungen festgestellt, die das Mitf\u00fchren von gef\u00e4hrlichen Gegenst\u00e4nden in den vier Bahnh\u00f6fen untersagen.<\/p>\n<p>Festnahmen und Platzverweise<\/p>\n<p>Die Beamten nahmen \u00fcber das Wochenende 2 Personen vorl\u00e4ufig fest und vollstreckten 2 Haftbefehle. Ferner wurden 57 Platzverweise erteilt und 25 sogenannte Gef\u00e4hrderansprachen durchgef\u00fchrt. Ein polnischer Staatsangeh\u00f6riger wurde zum Beispiel in M\u00fcnchen mit zwei Schreckschusswaffen, 216 Patronen, einer Soft-Air-Waffe und zwei Cuttermessern kontrolliert.<\/p>\n<p>Klares Zeichen gegen Gewalt<\/p>\n<p>Mit dem Schwerpunkteinsatz wollte die Bundespolizei ein klares Zeichen gegen Gewalt und St\u00f6rungen im Bahnbereich setzen.<\/p>\n<p>Weitere Details zu den bundesweiten Feststellungen am vergangenen Wochenende finden Sie in der Pressemitteilung des Bundespolizeipr\u00e4sidiums unter <a href=\"https:\/\/www.presseportal.de\/blaulicht\/pm\/73990\/6160446\" target=\"_blank\" rel=\"noopener nofollow\">diesem Link<\/a>.<\/p>\n","protected":false},"excerpt":{"rendered":"M\u00fcnchen (ots) Die Bundespolizei hat am vergangenen Wochenende zielgerichtet gegen Gewaltkriminalit\u00e4t an Bahnh\u00f6fen im Freistaat Bayern vorgegangen. Rund&hellip;\n","protected":false},"author":2,"featured_media":584139,"comment_status":"","ping_status":"","sticky":false,"template":"","format":"standard","meta":{"footnotes":""},"categories":[1846],"tags":[680,772,3364,29,548,663,3934,30,13,14,15,12],"class_list":{"0":"post-584138","1":"post","2":"type-post","3":"status-publish","4":"format-standard","5":"has-post-thumbnail","7":"category-augsburg","8":"tag-augsburg","9":"tag-bayern","10":"tag-de","11":"tag-deutschland","12":"tag-eu","13":"tag-europa","14":"tag-europe","15":"tag-germany","16":"tag-headlines","17":"tag-nachrichten","18":"tag-news","19":"tag-schlagzeilen"},"share_on_mastodon":{"url":"https:\/\/pubeurope.com\/@de\/115569875025286001","error":""},"_links":{"self":[{"href":"https:\/\/www.europesays.com\/de\/wp-json\/wp\/v2\/posts\/584138","targetHints":{"allow":["GET"]}}],"collection":[{"href":"https:\/\/www.europesays.com\/de\/wp-json\/wp\/v2\/posts"}],"about":[{"href":"https:\/\/www.europesays.com\/de\/wp-json\/wp\/v2\/types\/post"}],"author":[{"embeddable":true,"href":"https:\/\/www.europesays.com\/de\/wp-json\/wp\/v2\/users\/2"}],"replies":[{"embeddable":true,"href":"https:\/\/www.europesays.com\/de\/wp-json\/wp\/v2\/comments?post=584138"}],"version-history":[{"count":0,"href":"https:\/\/www.europesays.com\/de\/wp-json\/wp\/v2\/posts\/584138\/revisions"}],"wp:featuredmedia":[{"embeddable":true,"href":"https:\/\/www.europesays.com\/de\/wp-json\/wp\/v2\/media\/584139"}],"wp:attachment":[{"href":"https:\/\/www.europesays.com\/de\/wp-json\/wp\/v2\/media?parent=584138"}],"wp:term":[{"taxonomy":"category","embeddable":true,"href":"https:\/\/www.europesays.com\/de\/wp-json\/wp\/v2\/categories?post=584138"},{"taxonomy":"post_tag","embeddable":true,"href":"https:\/\/www.europesays.com\/de\/wp-json\/wp\/v2\/tags?post=584138"}],"curies":[{"name":"wp","href":"https:\/\/api.w.org\/{rel}","templated":true}]}}