{"id":584144,"date":"2025-11-18T09:03:28","date_gmt":"2025-11-18T09:03:28","guid":{"rendered":"https:\/\/www.europesays.com\/de\/584144\/"},"modified":"2025-11-18T09:03:28","modified_gmt":"2025-11-18T09:03:28","slug":"badisches-landesmuseum-karlsruhe-beginnt-mit-umzug-der-ausstellungsstuecke","status":"publish","type":"post","link":"https:\/\/www.europesays.com\/de\/584144\/","title":{"rendered":"Badisches Landesmuseum Karlsruhe beginnt mit Umzug der Ausstellungsst\u00fccke"},"content":{"rendered":"<p class=\"mb-6 text-xs md:text-m lg:text-l font-serif group-[.font-sans]:font-sans \">\n    Das Badische Landesmuseum muss wegen dringender Sanierungen ausziehen. <a href=\"https:\/\/www.ka-news.de\/region\/karlsruhe\/das-karlsruher-schloss-wird-grossbaustelle-sechs-jahre-umbau-art-3247775\" target=\"_self\" class=\"underline \" rel=\"noopener\">Der Umbau soll sechs Jahre andauern<\/a>. Der <a href=\"https:\/\/www.ka-news.de\/karlsruhe\/freizeit-und-veranstaltungen\/karlsruher-schloss-schliesst-fuer-jahre-amun-statue-geht-nach-turin-13-10-2025-111538295\" target=\"_self\" class=\"underline \" rel=\"noopener\">letzte \u00d6ffnungstag war am 28. September 2025<\/a>. Jetzt gehen die ersten St\u00fccke auf Reisen. 350 Dauerleihgaben werden zurzeit in <a href=\"https:\/\/www.ka-news.de\/promis\/karlsruhe-kulturlandschaft-technologieregion-und-residenz-des-rechts-die-faecherstadt-im-ueberblick-art-2783253\" target=\"_self\" class=\"underline \" rel=\"noopener\">Karlsruhe<\/a> verpackt und an den Leihgeber zur\u00fcckverschickt.\n  <\/p>\n<p>            17.500 Objekte aus Karlsruhe: Jede Verpackung ist Ma\u00dfarbeit<\/p>\n<p class=\"mb-6 text-xs md:text-m lg:text-l font-serif group-[.font-sans]:font-sans \">\n    Vermutlich im Januar 2026 k\u00f6nne anschlie\u00dfend die hauseigene Sammlung verpackt werden. Insgesamt m\u00fcsse sich um 17.500 Objekte gek\u00fcmmert werden. Wobei ein jedes St\u00fcck eine eigene Methode zum Verpacken und Versenden verlangt.\n  <\/p>\n<p>    <img decoding=\"async\" src=\"https:\/\/www.europesays.com\/de\/wp-content\/uploads\/2025\/11\/screenshot-2025-11-18-092030.png\" alt=\"Erste St\u00fccke des Badischen Landesmuseums Karlsruhe werden verpackt.\" title=\"Erste St\u00fccke des Badischen Landesmuseums Karlsruhe werden verpackt.\" class=\"h-full w-full object-cover\"\/><\/p>\n<p>      Icon vergr\u00f6\u00dfern<\/p>\n<p>    Erste St\u00fccke des Badischen Landesmuseums Karlsruhe werden verpackt.<br \/>\n    Foto: Lennah Dimmler<\/p>\n<p>        Schlie\u00dfen <\/p>\n<p>      Icon Schlie\u00dfen<\/p>\n<p>        Icon vergr\u00f6\u00dfern<\/p>\n<p>        Icon verkleinern<\/p>\n<p>      Icon Pfeil bewegen<\/p>\n<p>    Erste St\u00fccke des Badischen Landesmuseums Karlsruhe werden verpackt.<br \/>\n    Foto: Lennah Dimmler<\/p>\n<p class=\"mb-6 text-xs md:text-m lg:text-l font-serif group-[.font-sans]:font-sans \">\n    Eines der wohl herausfordernderen St\u00fccke ist ein <strong class=\"font-bold\">Fachwerkgiebel aus (Eichenholz). <\/strong>Dieser reicht in der H\u00f6he  bis fast unter die Decke des Ausstellungsraumes. Insgesamt in 16 Einzelteile muss er aufgeteilt und verpackt werden.\n  <\/p>\n<p>            Sorgf\u00e4ltiger Abbau in Karlsruhe: Giebel-Teile f\u00fcr Eppingen vorbereitet<\/p>\n<p class=\"mb-6 text-xs md:text-m lg:text-l font-serif group-[.font-sans]:font-sans \">\n    Anschlie\u00dfend kehrt er in das Stadt- und Fachwerkmuseum \u201eAlte Universit\u00e4t\u201c in Eppingen zur\u00fcck. Der Giebel gelangte bereits Anfang der 1920er Jahre nach Karlsruhe. Bevor der Fachwerkgiebel damals aufgestellt wurde, wurde er vollst\u00e4ndig vormontiert, verschraubt und gesichert.\n  <\/p>\n<p>    <img decoding=\"async\" src=\"https:\/\/www.europesays.com\/de\/wp-content\/uploads\/2025\/11\/screenshot-2025-11-18-092052.png\" alt=\"Erste St\u00fccke des Badischen Landesmuseums Karlsruhe werden verpackt.\" title=\"Erste St\u00fccke des Badischen Landesmuseums Karlsruhe werden verpackt.\" class=\"h-full w-full object-cover\"\/><\/p>\n<p>      Icon vergr\u00f6\u00dfern<\/p>\n<p>    Erste St\u00fccke des Badischen Landesmuseums Karlsruhe werden verpackt.<br \/>\n    Foto: Lennah Dimmler<\/p>\n<p>        Schlie\u00dfen <\/p>\n<p>      Icon Schlie\u00dfen<\/p>\n<p>        Icon vergr\u00f6\u00dfern<\/p>\n<p>        Icon verkleinern<\/p>\n<p>      Icon Pfeil bewegen<\/p>\n<p>    Erste St\u00fccke des Badischen Landesmuseums Karlsruhe werden verpackt.<br \/>\n    Foto: Lennah Dimmler<\/p>\n<p class=\"mb-6 text-xs md:text-m lg:text-l font-serif group-[.font-sans]:font-sans \">\n    Darum sei nun auch der<strong class=\"font-bold\"> Abbau sehr herausfordernd<\/strong>: Die Teile werden einzeln abgeschraubt und in eine Noppenfolie mit spezieller Beschichtung eingewickelt. Dann bleiben sie erstmal im Ausstellungsraum auf dem Boden liegen, bis sie zum Leihgeb\u00fchr zur\u00fcckkehren. Alle Einzelteile sind nummeriert. Eine Zeichnung wurde angefertigt, damit der Giebel sp\u00e4ter wieder richtig zusammengebaut werden kann. Die Nummer wird auf einem St\u00fcck Tape und zur Sicherheit mit Bleistift auf den Balken geschrieben.\n  <\/p>\n<ul data-module-id=\"DragDropModule\" class=\"flex flex-wrap justify-start group-[.no-bookmarks]:hidden\">\n<li class=\"mb-3 mr-3\">\n    Katharina Peifer<\/p>\n<p>      Icon Haken im Kreis gesetzt<\/p>\n<p>      Icon Plus im Kreis<\/p>\n<\/li>\n<li class=\"mb-3 mr-3\">\n    Karlsruhe<\/p>\n<p>      Icon Haken im Kreis gesetzt<\/p>\n<p>      Icon Plus im Kreis<\/p>\n<\/li>\n<li class=\"mb-3 mr-3\">\n    Exponat<\/p>\n<p>      Icon Haken im Kreis gesetzt<\/p>\n<p>      Icon Plus im Kreis<\/p>\n<\/li>\n<\/ul>\n","protected":false},"excerpt":{"rendered":"Das Badische Landesmuseum muss wegen dringender Sanierungen ausziehen. Der Umbau soll sechs Jahre andauern. Der letzte \u00d6ffnungstag war&hellip;\n","protected":false},"author":2,"featured_media":584145,"comment_status":"","ping_status":"","sticky":false,"template":"","format":"standard","meta":{"footnotes":""},"categories":[1844],"tags":[1634,55864,3364,29,140073,105870,140072,30,8903,19053],"class_list":{"0":"post-584144","1":"post","2":"type-post","3":"status-publish","4":"format-standard","5":"has-post-thumbnail","7":"category-karlsruhe","8":"tag-baden-wuerttemberg","9":"tag-badisches-landesmuseum-karlsruhe","10":"tag-de","11":"tag-deutschland","12":"tag-eppingen","13":"tag-exponat","14":"tag-fachwerkgiebel","15":"tag-germany","16":"tag-karlsruhe","17":"tag-verpackung"},"share_on_mastodon":{"url":"https:\/\/pubeurope.com\/@de\/115569900494721676","error":""},"_links":{"self":[{"href":"https:\/\/www.europesays.com\/de\/wp-json\/wp\/v2\/posts\/584144","targetHints":{"allow":["GET"]}}],"collection":[{"href":"https:\/\/www.europesays.com\/de\/wp-json\/wp\/v2\/posts"}],"about":[{"href":"https:\/\/www.europesays.com\/de\/wp-json\/wp\/v2\/types\/post"}],"author":[{"embeddable":true,"href":"https:\/\/www.europesays.com\/de\/wp-json\/wp\/v2\/users\/2"}],"replies":[{"embeddable":true,"href":"https:\/\/www.europesays.com\/de\/wp-json\/wp\/v2\/comments?post=584144"}],"version-history":[{"count":0,"href":"https:\/\/www.europesays.com\/de\/wp-json\/wp\/v2\/posts\/584144\/revisions"}],"wp:featuredmedia":[{"embeddable":true,"href":"https:\/\/www.europesays.com\/de\/wp-json\/wp\/v2\/media\/584145"}],"wp:attachment":[{"href":"https:\/\/www.europesays.com\/de\/wp-json\/wp\/v2\/media?parent=584144"}],"wp:term":[{"taxonomy":"category","embeddable":true,"href":"https:\/\/www.europesays.com\/de\/wp-json\/wp\/v2\/categories?post=584144"},{"taxonomy":"post_tag","embeddable":true,"href":"https:\/\/www.europesays.com\/de\/wp-json\/wp\/v2\/tags?post=584144"}],"curies":[{"name":"wp","href":"https:\/\/api.w.org\/{rel}","templated":true}]}}